{"id":6879,"date":"2017-01-14T02:30:59","date_gmt":"2017-01-13T18:30:59","guid":{"rendered":"http:\/\/www.iuhrdf.org\/tr\/?p=6879"},"modified":"2017-01-14T02:30:59","modified_gmt":"2017-01-13T18:30:59","slug":"reina-saldirgani-turk-dusmani-cikti","status":"publish","type":"post","link":"https:\/\/iuhrdf.org\/tr\/reina-saldirgani-turk-dusmani-cikti\/","title":{"rendered":"Reina sald\u0131rgan\u0131 T\u00fcrk d\u00fc\u015fman\u0131 \u00e7\u0131kt\u0131"},"content":{"rendered":"<p style=\"text-align: justify;\"><a class=\"tkktLnk\" href=\"http:\/\/www.sabah.com.tr\/haberleri\/reina-saldirgani\" target=\"_blank\" rel=\"tag\"><img loading=\"lazy\" decoding=\"async\" class=\"wp-image-6880 alignright\" src=\"https:\/\/iuhrdf.org\/tr\/wp-content\/uploads\/2017\/01\/650x344-reina-saldirgani-turk-dusmani-cikti-1484085218736.jpg\" alt=\"\" width=\"399\" height=\"211\" srcset=\"https:\/\/iuhrdf.org\/tr\/wp-content\/uploads\/2017\/01\/650x344-reina-saldirgani-turk-dusmani-cikti-1484085218736.jpg 650w, https:\/\/iuhrdf.org\/tr\/wp-content\/uploads\/2017\/01\/650x344-reina-saldirgani-turk-dusmani-cikti-1484085218736-300x159.jpg 300w\" sizes=\"auto, (max-width: 399px) 100vw, 399px\" \/>Reina sald\u0131rgan\u0131<\/a> \u00d6zbek as\u0131ll\u0131 ter\u00f6rist Masharipov\u2019un ge\u00e7en y\u0131l T\u00fcrkl\u00fc\u011fe ve Cumhurba\u015fkan\u0131 Erdo\u011fan\u2019a hakaret etti\u011fi i\u00e7in d\u00f6v\u00fcld\u00fc\u011f\u00fc tespit edildi.<\/p>\n<p style=\"text-align: justify;\">\u0130stanbul Be\u015fikta\u015f&#8217;ta e\u011flence kul\u00fcb\u00fc <a class=\"tkktLnk\" href=\"http:\/\/www.sabah.com.tr\/haberleri\/reinaya-silahli-saldiri\" target=\"_blank\" rel=\"tag\">Reina&#8217;ya silahl\u0131 sald\u0131r\u0131<\/a> d\u00fczenledikten sonra kay\u0131plara kar\u0131\u015fan \u00d6zbek as\u0131ll\u0131 <a class=\"tkktLnk\" href=\"http:\/\/www.sabah.com.tr\/haberleri\/abdulgadir-masharipov\" target=\"_blank\" rel=\"tag\">Abdulgadir Masharipov<\/a>&#8216;un ge\u00e7en y\u0131l \u0130stanbul&#8217;da bir Uygur derne\u011finde <a class=\"tkktLnk\" href=\"http:\/\/www.sabah.com.tr\/haberleri\/deas\" target=\"_blank\" rel=\"tag\">DEA\u015e<\/a> propagandas\u0131 yap\u0131p Cumhurba\u015fkan\u0131 Tayyip Erdo\u011fan aleyhine konu\u015funca tekme tokat d\u0131\u015far\u0131 at\u0131ld\u0131\u011f\u0131 belirlendi. SABAH&#8217;\u0131n ula\u015ft\u0131\u011f\u0131 bilgilere g\u00f6re, DEA\u015e&#8217;l\u0131 ter\u00f6rist Masharipov, radikal \u0130slamc\u0131 fikirlerle \u00e7evresinde dikkat \u00e7ekiyordu. \u0130stanbul&#8217;da \u00d6zbek, K\u0131rg\u0131z, Uygur gibi T\u00fcrk Cumhuriyetleri&#8217;nden gelen vatanda\u015flar\u0131n kurdu\u011fu derneklere de gidip gelen Masharipov, tam bir T\u00fcrk d\u00fc\u015fman\u0131yd\u0131. Hatta ge\u00e7en y\u0131l \u0130stanbul&#8217;da Uygur T\u00fcrkleri&#8217;ne ait bir dernekte k\u00fcf\u00fcrler edip T\u00fcrkl\u00fc\u011fe hakaret etti. Cumhurba\u015fkan\u0131 Erdo\u011fan aleyhine de konu\u015fan Masharipov &#8220;fitneci&#8221; diye d\u00f6v\u00fclerek d\u0131\u015far\u0131 at\u0131ld\u0131. Soru\u015fturmay\u0131 derinle\u015ftiren emniyet g\u00fc\u00e7leri, Masharipov&#8217;un DEA\u015e&#8217;a kar\u015f\u0131 olanlar\u0131 bedbaht olarak nitelendirdi\u011fi ve Erdo\u011fan&#8217;\u0131n koltu\u011funun alt\u0131na s\u0131\u011f\u0131nmakla su\u00e7lad\u0131\u011f\u0131 belirtildi. <a class=\"tkktLnk\" href=\"http:\/\/www.sabah.com.tr\/haberleri\/reina-saldirisi\" target=\"_blank\" rel=\"tag\">Reina sald\u0131r\u0131s\u0131<\/a>nda 39 ki\u015fi hayat\u0131n\u0131 kaybetmi\u015f, 65 ki\u015fi de yaralanm\u0131\u015ft\u0131. Olay\u0131n ard\u0131ndan kay\u0131plara kar\u0131\u015fan ter\u00f6risti arama \u00e7al\u0131\u015fmalar\u0131 s\u00fcr\u00fcyor.<\/p>\n<p style=\"text-align: justify;\"><a href=\"http:\/\/www.sabah.com.tr\/yasam\/2017\/01\/11\/reina-saldirgani-turk-dusmani-cikti\">Sabah Gazetesi<\/a><\/p>\n","protected":false},"excerpt":{"rendered":"<p>Reina sald\u0131rgan\u0131 \u00d6zbek as\u0131ll\u0131 ter\u00f6rist Masharipov\u2019un ge\u00e7en y\u0131l T\u00fcrkl\u00fc\u011fe ve Cumhurba\u015fkan\u0131 Erdo\u011fan\u2019a hakaret etti\u011fi i\u00e7in d\u00f6v\u00fcld\u00fc\u011f\u00fc tespit edildi. \u0130stanbul Be\u015fikta\u015f&#8217;ta e\u011flence kul\u00fcb\u00fc Reina&#8217;ya silahl\u0131 sald\u0131r\u0131 d\u00fczenledikten sonra kay\u0131plara kar\u0131\u015fan \u00d6zbek&#8230;<\/p>\n","protected":false},"author":1,"featured_media":6880,"comment_status":"open","ping_status":"open","sticky":false,"template":"","format":"standard","meta":{"footnotes":""},"categories":[282],"tags":[],"class_list":["post-6879","post","type-post","status-publish","format-standard","has-post-thumbnail","hentry","category-turkistan-haberleri"],"_links":{"self":[{"href":"https:\/\/iuhrdf.org\/tr\/wp-json\/wp\/v2\/posts\/6879","targetHints":{"allow":["GET"]}}],"collection":[{"href":"https:\/\/iuhrdf.org\/tr\/wp-json\/wp\/v2\/posts"}],"about":[{"href":"https:\/\/iuhrdf.org\/tr\/wp-json\/wp\/v2\/types\/post"}],"author":[{"embeddable":true,"href":"https:\/\/iuhrdf.org\/tr\/wp-json\/wp\/v2\/users\/1"}],"replies":[{"embeddable":true,"href":"https:\/\/iuhrdf.org\/tr\/wp-json\/wp\/v2\/comments?post=6879"}],"version-history":[{"count":1,"href":"https:\/\/iuhrdf.org\/tr\/wp-json\/wp\/v2\/posts\/6879\/revisions"}],"predecessor-version":[{"id":6881,"href":"https:\/\/iuhrdf.org\/tr\/wp-json\/wp\/v2\/posts\/6879\/revisions\/6881"}],"wp:featuredmedia":[{"embeddable":true,"href":"https:\/\/iuhrdf.org\/tr\/wp-json\/wp\/v2\/media\/6880"}],"wp:attachment":[{"href":"https:\/\/iuhrdf.org\/tr\/wp-json\/wp\/v2\/media?parent=6879"}],"wp:term":[{"taxonomy":"category","embeddable":true,"href":"https:\/\/iuhrdf.org\/tr\/wp-json\/wp\/v2\/categories?post=6879"},{"taxonomy":"post_tag","embeddable":true,"href":"https:\/\/iuhrdf.org\/tr\/wp-json\/wp\/v2\/tags?post=6879"}],"curies":[{"name":"wp","href":"https:\/\/api.w.org\/{rel}","templated":true}]}}