{"id":6893,"date":"2017-01-17T12:46:43","date_gmt":"2017-01-17T04:46:43","guid":{"rendered":"http:\/\/www.iuhrdf.org\/tr\/?p=6893"},"modified":"2017-01-17T12:46:43","modified_gmt":"2017-01-17T04:46:43","slug":"cinin-dogu-turkistana-yaptigi-baskilar-ne-olacak","status":"publish","type":"post","link":"https:\/\/iuhrdf.org\/tr\/cinin-dogu-turkistana-yaptigi-baskilar-ne-olacak\/","title":{"rendered":"\u00c7in\u2019in, Do\u011fu T\u00fcrkistan\u2019a yapt\u0131\u011f\u0131 bask\u0131lar ne olacak?"},"content":{"rendered":"<p class=\"p1\" style=\"text-align: justify;\"><span class=\"s2\"><img loading=\"lazy\" decoding=\"async\" class=\"size-full wp-image-6894 alignright\" src=\"https:\/\/iuhrdf.org\/tr\/wp-content\/uploads\/2017\/01\/urum\u00e7i-katliam\u0131_291342.jpg\" alt=\"\" width=\"400\" height=\"279\" srcset=\"https:\/\/iuhrdf.org\/tr\/wp-content\/uploads\/2017\/01\/urum\u00e7i-katliam\u0131_291342.jpg 400w, https:\/\/iuhrdf.org\/tr\/wp-content\/uploads\/2017\/01\/urum\u00e7i-katliam\u0131_291342-300x209.jpg 300w, https:\/\/iuhrdf.org\/tr\/wp-content\/uploads\/2017\/01\/urum\u00e7i-katliam\u0131_291342-260x180.jpg 260w\" sizes=\"auto, (max-width: 400px) 100vw, 400px\" \/>\u00c7in h\u00fck\u00fcmeti, uzun bir aradan sonra Do\u011fu T\u00fcrkistan\u2019daki halka ve diasporadaki muhacirlere y\u00f6nelik bask\u0131 ve y\u0131ld\u0131rma politikalar\u0131n\u0131 y\u00fcr\u00fcrl\u00fc\u011fe koydu.<\/span><\/p>\n<p class=\"p2\" style=\"text-align: justify;\"><span class=\"s2\">\u00c7in\u2019in, Do\u011fu T\u00fcrkistan\u203ada ter\u00f6r bahanesiyle ba\u015flatt\u0131\u011f\u0131 operasyonlar, Uygurlara kar\u015f\u0131 adeta tek tarafl\u0131 sava\u015f ilan\u0131 gibi.<\/span><\/p>\n<p class=\"p2\" style=\"text-align: justify;\"><span class=\"s2\">\u00c7in, Uygurlar\u0131n d\u0131\u015f d\u00fcnyayla irtibat ve seyahatlerini engellemek i\u00e7in pasaportlar\u0131n\u0131 toplamaya ba\u015flad\u0131.<\/span><\/p>\n<p class=\"p2\" style=\"text-align: justify;\"><span class=\"s2\">Bask\u0131 ve zul\u00fcmden ka\u00e7mak i\u00e7in k\u00f6y ve kasabalardan b\u00fcy\u00fck \u015fehirlere s\u0131\u011f\u0131nan Uygurlar\u0131n, zorla geri g\u00f6nderilmesi ve d\u00f6nmeyenlerin ev ile m\u00fclklerine el koyulma i\u015flemleri ba\u015flat\u0131ld\u0131.<\/span><\/p>\n<p class=\"p2\" style=\"text-align: justify;\"><span class=\"s2\">Bir\u00e7ok cami hakk\u0131nda, yeterli cemaati olmad\u0131\u011f\u0131 bahanesiyle y\u0131k\u0131lma karar\u0131 al\u0131nd\u0131.<\/span><\/p>\n<p class=\"p2\" style=\"text-align: justify;\"><span class=\"s2\">Varl\u0131kl\u0131, zengin Uygurlar; yolsuzluk ve yurtd\u0131\u015f\u0131na ba\u011fl\u0131 din e\u011fitimine destek verme gibi uydurma su\u00e7lamalarla tutukland\u0131.<\/span><\/p>\n<p class=\"p2\" style=\"text-align: justify;\"><span class=\"s2\">Fikir, d\u00fc\u015f\u00fcnce ve ifade \u00f6zg\u00fcrl\u00fcklerinin yan\u0131 s\u0131ra k\u0131l\u0131k k\u0131yafet, ya\u015fam, ileti\u015fim, sosyal medya kullan\u0131m\u0131, seyahat ve dola\u015f\u0131m \u00f6zg\u00fcrl\u00fckleri sert m\u00fcdahalelerle bask\u0131 alt\u0131na al\u0131nm\u0131\u015f ve Do\u011fu T\u00fcrkistan adeta a\u00e7\u0131k hava cezaevine \u00e7evrilmek istenmektedir.<\/span><\/p>\n<p class=\"p2\" style=\"text-align: justify;\"><span class=\"s2\">Alimler, ayd\u0131n ve d\u00fc\u015f\u00fcn\u00fcrler; su\u00e7suz olduklar\u0131 halde \u00e7ok k\u00fc\u00e7\u00fck bahanelerle suni hukuksuz su\u00e7lamalarla zindanlarda \u00e7\u00fcr\u00fct\u00fclmektedir.<\/span><\/p>\n<p class=\"p2\" style=\"text-align: justify;\"><span class=\"s2\">Bug\u00fcn yurtd\u0131\u015f\u0131nda ba\u015fta Orta Asya olmak \u00fczere 3 milyonu a\u015fk\u0131n muhacir aileleri, s\u00fcrekli tehdit ve tacize maruz kal\u0131yor.<\/span><\/p>\n<p class=\"p2\" style=\"text-align: justify;\"><span class=\"s2\">Hatta \u201cdiasporadaki Uygurlar\u0131 toplu bir \u015fekilde zorla geri getirece\u011fiz\u201d propagandas\u0131 yap\u0131larak toplumun huzuru ka\u00e7\u0131r\u0131lmaktad\u0131r.<\/span><\/p>\n<p class=\"p2\" style=\"text-align: justify;\"><span class=\"s2\">\u00c7in; diplomatik, siyasi, ekonomik imkanlar\u0131n\u0131 ve n\u00fcfuzunu kullanarak ba\u015fta T\u00fcrkiye olmak \u00fczere diasporadaki, ki\u015fi ve kurumlar\u0131 taciz edip insan haklar\u0131n\u0131 hi\u00e7e saymaktad\u0131r.<\/span><\/p>\n<p class=\"p2\" style=\"text-align: justify;\"><span class=\"s2\">\u00c7in h\u00fck\u00fcmeti, BMGK daimi \u00fcyeli\u011fini ve bu g\u00fcc\u00fcn\u00fc haks\u0131z ve gayri insani bir \u015fekilde Uygur T\u00fcrklerine kar\u015f\u0131 kullanmaktad\u0131r.<\/span><\/p>\n<p class=\"p2\" style=\"text-align: justify;\"><span class=\"s2\">Uluslararas\u0131 \u0130nsan Haklar\u0131 \u00d6rg\u00fctleri, BM, \u0130\u0130T, UCM, M\u00fcsl\u00fcman Alimler Birli\u011fi, Uygur T\u00fcrklerinin ya\u015fad\u0131\u011f\u0131 insan haklar\u0131 ihlallerini g\u00fcndemine almal\u0131d\u0131r.<\/span><\/p>\n<p class=\"p2\" style=\"text-align: justify;\"><a href=\"http:\/\/www.yeniakit.com.tr\/yazarlar\/osman-atalay\/cinin-dogu-turkistana-yaptigi-baskilar-ne-olacak-17937.html\">Yeni Ak\u0131t Gazetesi<\/a><\/p>\n","protected":false},"excerpt":{"rendered":"<p>\u00c7in h\u00fck\u00fcmeti, uzun bir aradan sonra Do\u011fu T\u00fcrkistan\u2019daki halka ve diasporadaki muhacirlere y\u00f6nelik bask\u0131 ve y\u0131ld\u0131rma politikalar\u0131n\u0131 y\u00fcr\u00fcrl\u00fc\u011fe koydu. \u00c7in\u2019in, Do\u011fu T\u00fcrkistan\u203ada ter\u00f6r bahanesiyle ba\u015flatt\u0131\u011f\u0131 operasyonlar, Uygurlara kar\u015f\u0131 adeta tek&#8230;<\/p>\n","protected":false},"author":1,"featured_media":6894,"comment_status":"open","ping_status":"open","sticky":false,"template":"","format":"standard","meta":{"footnotes":""},"categories":[285],"tags":[],"class_list":["post-6893","post","type-post","status-publish","format-standard","has-post-thumbnail","hentry","category-dogu-turkistan-hakkinda"],"_links":{"self":[{"href":"https:\/\/iuhrdf.org\/tr\/wp-json\/wp\/v2\/posts\/6893","targetHints":{"allow":["GET"]}}],"collection":[{"href":"https:\/\/iuhrdf.org\/tr\/wp-json\/wp\/v2\/posts"}],"about":[{"href":"https:\/\/iuhrdf.org\/tr\/wp-json\/wp\/v2\/types\/post"}],"author":[{"embeddable":true,"href":"https:\/\/iuhrdf.org\/tr\/wp-json\/wp\/v2\/users\/1"}],"replies":[{"embeddable":true,"href":"https:\/\/iuhrdf.org\/tr\/wp-json\/wp\/v2\/comments?post=6893"}],"version-history":[{"count":1,"href":"https:\/\/iuhrdf.org\/tr\/wp-json\/wp\/v2\/posts\/6893\/revisions"}],"predecessor-version":[{"id":6895,"href":"https:\/\/iuhrdf.org\/tr\/wp-json\/wp\/v2\/posts\/6893\/revisions\/6895"}],"wp:featuredmedia":[{"embeddable":true,"href":"https:\/\/iuhrdf.org\/tr\/wp-json\/wp\/v2\/media\/6894"}],"wp:attachment":[{"href":"https:\/\/iuhrdf.org\/tr\/wp-json\/wp\/v2\/media?parent=6893"}],"wp:term":[{"taxonomy":"category","embeddable":true,"href":"https:\/\/iuhrdf.org\/tr\/wp-json\/wp\/v2\/categories?post=6893"},{"taxonomy":"post_tag","embeddable":true,"href":"https:\/\/iuhrdf.org\/tr\/wp-json\/wp\/v2\/tags?post=6893"}],"curies":[{"name":"wp","href":"https:\/\/api.w.org\/{rel}","templated":true}]}}