{"id":6896,"date":"2017-01-17T13:36:37","date_gmt":"2017-01-17T05:36:37","guid":{"rendered":"http:\/\/www.iuhrdf.org\/tr\/?p=6896"},"modified":"2017-01-18T05:52:18","modified_gmt":"2017-01-17T21:52:18","slug":"cin-esrarengiz-22-nisan-olayinin-perdesini-acmali","status":"publish","type":"post","link":"https:\/\/iuhrdf.org\/tr\/cin-esrarengiz-22-nisan-olayinin-perdesini-acmali\/","title":{"rendered":"&#8221; \u00c7in Esrarengiz 22 Nisan Olay\u0131&#8217;n\u0131n Perdesini\u00a0A\u00e7mal\u0131&#8221;"},"content":{"rendered":"<p style=\"text-align: center;\">(Rabia Kadir Han\u0131m)<\/p>\n<p style=\"text-align: justify;\"><img loading=\"lazy\" decoding=\"async\" class=\"wp-image-6897 alignright\" src=\"https:\/\/iuhrdf.org\/tr\/wp-content\/uploads\/2017\/01\/7587.jpg\" alt=\"\" width=\"316\" height=\"210\" srcset=\"https:\/\/iuhrdf.org\/tr\/wp-content\/uploads\/2017\/01\/7587.jpg 580w, https:\/\/iuhrdf.org\/tr\/wp-content\/uploads\/2017\/01\/7587-300x200.jpg 300w\" sizes=\"auto, (max-width: 316px) 100vw, 316px\" \/>\u00c7in medyas\u0131, \u00c7in polislerinin 8 Ocak g\u00fcn\u00fc Hoten&#8217;de \u00fc\u00e7 ka\u00e7a\u011f\u0131 vurduklar\u0131n\u0131 ve bunlar\u0131n 2015 y\u0131l\u0131nda Guma Nahiyesi&#8217;nde meydana gelen 22 Nisan ter\u00f6r olay\u0131n\u0131n \u015f\u00fcphelileri olduklar\u0131n\u0131 haber yapt\u0131.<\/p>\n<p style=\"text-align: justify;\">Ne yaz\u0131k ki haberde anlat\u0131lan 22 Nisan olay\u0131 da bug\u00fcne kadar \u00a0\u00c7in&#8217;in hi\u00e7bir haber organ\u0131nda a\u00e7\u0131klanm\u0131\u015ft\u0131r. Hatta sosyal medyada da a\u00e7\u0131klanm\u0131\u015ft\u0131r.<\/p>\n<p style=\"text-align: justify;\">S\u00f6z konusu olay\u0131n 1 y\u0131l 9 ay sonra \u00fcstelik \u00a0yar\u0131m yamalak ve adeta a\u011f\u0131zdan ka\u00e7\u0131rmak suretinde ortaya \u00e7\u0131kmas\u0131 Do\u011fu T\u00fcrkistan&#8217;\u0131n ge\u00e7ti\u011fimiz iki y\u0131ldaki ve \u015fimdiki durumu ile ilgili endi\u015felerimizi kat kat artt\u0131r\u0131yor. \u00a0Bu durumun bizi endi\u015feye sevk eden noktalar\u0131 \u015funlard\u0131r:<\/p>\n<p style=\"text-align: justify;\">22 Nisan Olay\u0131 ne i\u00e7in 1 y\u0131l 9 ay sonra ortaya \u00e7\u0131kt\u0131?<\/p>\n<p style=\"text-align: justify;\">\u00c7in, 18 eyl\u00fcl 2015 g\u00fcn\u00fc meydana gelen Bay K\u00f6m\u00fcr Madeni olay\u0131n\u0131 aradan ancak 56 g\u00fcn ge\u00e7tikten sonra Paris&#8217;teki ter\u00f6r olaylar\u0131 m\u00fcnasebeti ile mezk\u00fbr olay\u0131n \u00a0da Paris&#8217;teki ile benzer ter\u00f6r olay\u0131 oldu\u011funu ifade etmi\u015ftir (New York Times Gazetesi). \u00c7in, 22 Nisan olay\u0131n\u0131 a\u00e7\u0131klamak i\u00e7in yine b\u00f6yle bir f\u0131rsat\u0131 m\u0131 kollad\u0131 veya kollanmakta m\u0131d\u0131r? Ni\u00e7in Olay\u0131n ayr\u0131nt\u0131lar\u0131n\u0131 a\u00e7\u0131klam\u0131yor<\/p>\n<p style=\"text-align: justify;\">\u00c7in medyas\u0131 28 Aral\u0131k 2012 g\u00fcn\u00fc polislerin Hoten Guma&#8217;da \u2018\u2018uluslararas\u0131 ter\u00f6re kat\u0131lmak i\u00e7in yola \u00e7\u0131kan 11 ter\u00f6risti\u2019\u2019 vurduklar\u0131n\u0131 haber yapm\u0131\u015ft\u0131. Ba\u011f\u0131ms\u0131z haber kaynaklar\u0131 ve b\u00f6lgedeki halk\u0131n telefon ile haber vermesiyle anla\u015f\u0131ld\u0131 ki s\u00f6z konusu olayda \u00f6ld\u00fcr\u00fclenler \u00a0-d\u0131\u015f d\u00fcnyada kendileri i\u00e7in- \u00a0siyasi s\u0131\u011f\u0131nma -talep edebilecekleri bir yer bulmak- i\u00e7in yola d\u00fc\u015fen iki karde\u015fin ailelerinin fertleri olduklar\u0131, \u00f6lenler aras\u0131nda 2 kad\u0131n ve yaralananlar aras\u0131nda 5 \u00e7ocuk oldu\u011fu meydana \u00e7\u0131km\u0131\u015ft\u0131. ( \u00d6zg\u00fcr Asya Radyosu haberi)<\/p>\n<p style=\"text-align: justify;\">22 Nisan olay\u0131 da i\u015fte bunun benzeri aile facialar\u0131ndan biri mi yoksa? \u00a0E\u011fer ger\u00e7ekten bu bir ter\u00f6r olay\u0131 idi ise \u00c7in bunu a\u00e7\u0131klamaktan ni\u00e7in korkuyor? \u00c7in 2014 y\u0131l\u0131n\u0131n May\u0131s ay\u0131nda &#8220;Sert Darbe Vuru\u015f Dalgas\u0131&#8221; \u00a0ba\u015flatm\u0131\u015f idi . Bu cereyanda y\u00fczden fazla A\u00e7\u0131k Meydan Mahkemesi kurarak binlerce ki\u015fiyi hapse mahkum etmi\u015fti. \u0130\u015fte bu duruma esasen \u015f\u00f6yle tahmin edilebilir:<\/p>\n<p style=\"text-align: justify;\">Bunun zulme ve adaletsizli\u011fe kar\u015f\u0131 bir \u00a0isyan hem bunu kanl\u0131 \u015fekilde bast\u0131rma hareketi olabilir; bu belki de \u00c7in polislerinin vazifelerini icra etmeleri s\u0131ras\u0131nda ortaya \u00e7\u0131kan a\u011f\u0131r bir facia olmasbilir. E\u011fer \u00c7in&#8217;in dediklerinin do\u011fru oldu\u011funu varsayarsak bile bu \u00a0olayda \u00e7ok say\u0131da masum \u00c7in vatanda\u015flar\u0131n\u0131n \u00f6lm\u00fc\u015f olmas\u0131 da m\u00fcmk\u00fcnd\u00fcr. Bu tahminlerin hangisi \u00a0do\u011fru olursa olsun, \u00c7in H\u00fck\u00fcmeti kendi yasalar\u0131 ve uluslararas\u0131 yasalar kar\u015f\u0131s\u0131nda olay\u0131n ger\u00e7e\u011fini ortaya \u00e7\u0131karmas\u0131 gerekir.<\/p>\n<p style=\"text-align: justify;\">T\u00fcrkiye&#8217;deki Reina, Fransa&#8217;daki Paris ve Amerika&#8217;daki Boston ter\u00f6r sald\u0131r\u0131lar\u0131 hakk\u0131nda \u00a0ad\u0131m ad\u0131m, g\u00fcnbeg\u00fcn ayr\u0131nt\u0131l\u0131 haberler yay\u0131nlan\u0131yor da ni\u00e7in 22 Nisan Guma ter\u00f6r olay\u0131n\u0131n ayr\u0131nt\u0131lar\u0131na ortaya \u00e7\u0131karmak sak\u0131ncal\u0131? Bu olay\u0131n bir ter\u00f6r olay\u0131 oldu\u011fu konusunda \u015f\u00fcphe mi var? \u00c7in polislerinin yapm\u0131\u015f olduklar\u0131 operasyonlarda hatalar m\u0131 var? Yoksa \u00c7in halk\u0131n\u0131n ger\u00e7ek durumdan haberdar olma haklar\u0131 yok mu? \u00c7in&#8217;in ter\u00f6r olaylar\u0131n\u0131n ayr\u0131nt\u0131lar\u0131n\u0131 ortaya \u00e7\u0131karmaktan korkmas\u0131n\u0131n sebebi nedir acaba? Elbette Uygur halk\u0131na y\u00f6nelik etnik soyk\u0131r\u0131m\u0131 ama\u00e7layan \u00c7in Devleti&#8217;nden bu katliam\u0131n cevab\u0131n\u0131 i\u015fgal alt\u0131ndaki Uygur halk\u0131na vermesini g\u00fcn\u00fcm\u00fcz konjekt\u00f6r\u00fc alt\u0131nda beklemek m\u00fcmk\u00fcn de\u011fildir. \u00c7in&#8217;in diplomatik g\u00fcc\u00fc ve ekonomik \u00fcst\u00fcnl\u00fcklerinden faydalanarak insan haklar\u0131 meselesinde gerek dost ve gerek rakip devletlerinin ses \u00e7\u0131karmas\u0131n\u0131 \u00f6nlemekte oldu\u011fu bir ger\u00e7ektir.<\/p>\n<p style=\"text-align: justify;\">Bundan dolay\u0131 \u00c7in 22 Nisan olay\u0131n\u0131 1 y\u0131l 9 ay gizlemi\u015f olmas\u0131, bir hukuk Devleti&#8217;ne uygun olmayan bir \u015fekilde, kendi yay\u0131n organlar\u0131 arac\u0131l\u0131\u011f\u0131yla sorumsuzlukla ortaya \u00e7\u0131karm\u0131\u015f oldu. Yani Olay\u0131n meydana geldi\u011fini haberde \u00e7ok k\u0131sa duyurmu\u015ftur, \u00a0ama olay\u0131n nas\u0131l cereyan etti\u011fi, ter\u00f6ristlerin kimli\u011fini, askeri operasyonlar ve ya mahkeme s\u00fcreci hakk\u0131nda da uluslararas\u0131 kamuoyuna hi\u00e7 bir bilgi vermemi\u015ftir. B\u00f6ylece, uluslararas\u0131 anla\u015fmalarda vaad edilen -Hukukun Evrensel ilkelerini- hukuk devleti ilkesini, mahkemelerin a\u00e7\u0131k ve adil yap\u0131lmas\u0131 ilkelerini ayaklar alt\u0131na ald\u0131\u011f\u0131n\u0131 g\u00f6stermi\u015f oldu. \u0130\u015fte bu tek y\u00f6nl\u00fc geli\u015ftirmenin, yan\u0131 sadece ekonomisini geli\u015ftirmi\u015f, adaleti ve demokrasisi geli\u015fmemi\u015f bir otoriter devletin zorbazl\u0131\u011f\u0131d\u0131r.<\/p>\n<p style=\"text-align: justify;\">Beni hayrete d\u00fc\u015f\u00fcren \u015fudur ki: \u00c7in Kom\u00fcnist Partisi&#8217;nin bu durumda bazen a\u00e7\u0131k, ve bazen gizli bir \u015fekilde \u00f6ne s\u00fcrmekte olan \u00c7in milliyet\u00e7ili\u011fi talimatlar\u0131na g\u00f6re de kendi vatanda\u015flar\u0131n\u0131 ve \u00f6zellikle Do\u011fu T\u00fcrkistan&#8217;daki \u00c7inli g\u00f6\u00e7menlerini bu b\u00f6lgenin durumundan do\u011fru ve zaman\u0131nda haberdar etmesi gerekliydi. Acaba \u00c7in h\u00fck\u00fcmetinin 22 Nisan olay\u0131n\u0131 \u00c7in kamuoyundan gizlemesinin gizemli bir \u00a0sebebi mi var? Mesela 2015 y\u0131l\u0131nda 56 g\u00fcnl\u00fck bir gecikmeden sonra ilan edilen 33 k\u00f6m\u00fcr madeni i\u015f\u00e7isinin \u00f6l\u00fcm haberinin ortaya \u00e7\u0131kmas\u0131 gibi&#8230;? Ya da bu olayda b\u00f6yle bir facia meydana gelmi\u015f ise \u00c7in&#8217;in \u015fiddet olaylar\u0131n\u0131 \u00f6nleyemedi\u011fini kendi halk\u0131ndan sakl\u0131yor mu?<\/p>\n<p style=\"text-align: justify;\">Bence bu olayda \u00c7in Kom\u00fcnist Partisinin Uygurlardan, Uluslararas\u0131 Kamuoyu&#8217;ndan ve \u00c7in Halk\u0131&#8217;ndan gizlemi\u015f oldu\u011fu bir s\u0131r vard\u0131r. Her \u00fc\u00e7 taraf\u0131n da bilmesinin sak\u0131ncal\u0131 olarak g\u00f6r\u00fcld\u00fc\u011f\u00fc bir s\u0131r&#8230; Bu s\u0131rr\u0131n a\u00e7\u0131\u011fa \u00e7\u0131kmas\u0131 i\u00e7in \u00f6ncelikle \u00c7in Huk\u00fcmeti&#8217;nin kendisini sonra uluslararas\u0131 kamuoyunu ve \u00c7in Halk\u0131n\u0131 \u00a0harekete ge\u00e7meye \u00e7a\u011f\u0131r\u0131yorum.<\/p>\n<p style=\"text-align: justify;\">B\u00f6yle durumun tehlikesi \u015fu ki; \u00c7in, &#8220;Sert Darbe Vuru\u015f&#8221;operasyonlar\u0131n\u0131 s\u00fcrd\u00fcrd\u00fc\u011f\u00fcnden beri gizledi\u011fi yaln\u0131z 22 insan olay\u0131 de\u011fildir, \u00a022 Nisan olay\u0131na benzer gizemli olaylar\u0131n perdesi a\u00e7\u0131lmazsa, bu t\u00fcr gizemli olaylar \u00e7o\u011fal\u0131nca bunun bedelini \u00f6ncelikle \u00c7in Kom\u00fcnist Partisi&#8217;nin, sonra Uygur Halk\u0131&#8217;n\u0131, ve \u00c7in vatanda\u015flar\u0131n\u0131n, hatta uluslararas\u0131 kamuoyunun da \u00f6deyece\u011fini unutmamak gerekir.<\/p>\n<p style=\"text-align: justify;\">\u015eunu bilmemiz gerekiyor ki, b\u00f6yle s\u0131rl\u0131 olaylarda d\u00f6k\u00fclen kanlar tarih sayfalar\u0131nda \u00c7in Silahl\u0131 Kuvvetleri&#8217;nin Zafer&#8217;i \u015feklinde yaz\u0131lmakla bitmeyecektir. Olaylar \u00e7o\u011fal\u0131nca bunlar yery\u00fcz\u00fcne sa\u00e7\u0131lan \u00f6\u00e7 alma, d\u00fc\u015fmanl\u0131k ve \u0130ntikam tohumlar\u0131 gibi\u00a0mevcudiyetini devam eder, sonu\u00e7ta \u00a0Uygur-\u00c7in meselesinde daha \u00e7ok \u015fiddetli olaylara neden olabilir , ve do\u011fal olarak d\u00fcnya bar\u0131\u015f\u0131na da tehdit getirebilmektedir.<\/p>\n","protected":false},"excerpt":{"rendered":"<p>(Rabia Kadir Han\u0131m) \u00c7in medyas\u0131, \u00c7in polislerinin 8 Ocak g\u00fcn\u00fc Hoten&#8217;de \u00fc\u00e7 ka\u00e7a\u011f\u0131 vurduklar\u0131n\u0131 ve bunlar\u0131n 2015 y\u0131l\u0131nda Guma Nahiyesi&#8217;nde meydana gelen 22 Nisan ter\u00f6r olay\u0131n\u0131n \u015f\u00fcphelileri olduklar\u0131n\u0131 haber yapt\u0131&#8230;.<\/p>\n","protected":false},"author":1,"featured_media":6897,"comment_status":"open","ping_status":"open","sticky":false,"template":"","format":"standard","meta":{"footnotes":""},"categories":[282,279],"tags":[],"class_list":["post-6896","post","type-post","status-publish","format-standard","has-post-thumbnail","hentry","category-turkistan-haberleri","category-rapor-yayinlar"],"_links":{"self":[{"href":"https:\/\/iuhrdf.org\/tr\/wp-json\/wp\/v2\/posts\/6896","targetHints":{"allow":["GET"]}}],"collection":[{"href":"https:\/\/iuhrdf.org\/tr\/wp-json\/wp\/v2\/posts"}],"about":[{"href":"https:\/\/iuhrdf.org\/tr\/wp-json\/wp\/v2\/types\/post"}],"author":[{"embeddable":true,"href":"https:\/\/iuhrdf.org\/tr\/wp-json\/wp\/v2\/users\/1"}],"replies":[{"embeddable":true,"href":"https:\/\/iuhrdf.org\/tr\/wp-json\/wp\/v2\/comments?post=6896"}],"version-history":[{"count":5,"href":"https:\/\/iuhrdf.org\/tr\/wp-json\/wp\/v2\/posts\/6896\/revisions"}],"predecessor-version":[{"id":6905,"href":"https:\/\/iuhrdf.org\/tr\/wp-json\/wp\/v2\/posts\/6896\/revisions\/6905"}],"wp:featuredmedia":[{"embeddable":true,"href":"https:\/\/iuhrdf.org\/tr\/wp-json\/wp\/v2\/media\/6897"}],"wp:attachment":[{"href":"https:\/\/iuhrdf.org\/tr\/wp-json\/wp\/v2\/media?parent=6896"}],"wp:term":[{"taxonomy":"category","embeddable":true,"href":"https:\/\/iuhrdf.org\/tr\/wp-json\/wp\/v2\/categories?post=6896"},{"taxonomy":"post_tag","embeddable":true,"href":"https:\/\/iuhrdf.org\/tr\/wp-json\/wp\/v2\/tags?post=6896"}],"curies":[{"name":"wp","href":"https:\/\/api.w.org\/{rel}","templated":true}]}}