{"id":6902,"date":"2017-01-17T23:29:21","date_gmt":"2017-01-17T15:29:21","guid":{"rendered":"http:\/\/www.iuhrdf.org\/tr\/?p=6902"},"modified":"2017-01-17T23:29:21","modified_gmt":"2017-01-17T15:29:21","slug":"turkistan-elimizden-gidiyor-farkindamisin","status":"publish","type":"post","link":"https:\/\/iuhrdf.org\/tr\/turkistan-elimizden-gidiyor-farkindamisin\/","title":{"rendered":"T\u00fcrkistan elimizden gidiyor fark\u0131ndam\u0131s\u0131n?"},"content":{"rendered":"<p style=\"text-align: justify;\">\u00c7in i\u015fgal y\u00f6netiminin esaret alt\u0131ndaki tuttu\u011fu Do\u011fu T\u00fcrkistan\u2019da y\u00fcr\u00fctt\u00fc\u011f\u00fc,bask\u0131, zul\u00fcm,i\u015fkence,dini ve etnik soyk\u0131r\u0131m uygulamalar\u0131 bir ger\u00e7ek. \u0130\u015fgalc\u0131 \u00c7in M\u00fcsl\u00fcman T\u00fcrk yurdunu tamamen etnik \u00c7inlilerin ya\u015fad\u0131\u011f\u0131 bir \u00c7in topra\u011f\u0131 haline d\u00f6n\u00fc\u015ft\u00fcrmek istiyor.<img loading=\"lazy\" decoding=\"async\" class=\"wp-image-6903 alignright\" src=\"https:\/\/iuhrdf.org\/tr\/wp-content\/uploads\/2017\/01\/turkistan-elimizden-gidiyor-farkindamisin-h1482769137-484c65.png\" alt=\"\" width=\"535\" height=\"268\" srcset=\"https:\/\/iuhrdf.org\/tr\/wp-content\/uploads\/2017\/01\/turkistan-elimizden-gidiyor-farkindamisin-h1482769137-484c65.png 625w, https:\/\/iuhrdf.org\/tr\/wp-content\/uploads\/2017\/01\/turkistan-elimizden-gidiyor-farkindamisin-h1482769137-484c65-300x150.png 300w\" sizes=\"auto, (max-width: 535px) 100vw, 535px\" \/><\/p>\n<p style=\"text-align: justify;\">\u00c7KP.\u2019n\u0131n eli kanl\u0131 \u00c7in \u0131rk\u00e7\u0131s\u0131 diktat\u00f6r\u00fc Mao\u2019nun \u00f6ncelikli bir uygulama olarak ba\u015flatt\u0131\u011f\u0131 <strong>Do\u011fu T\u00fcrkistan\u2019a etnik \u00c7inlileri yerle\u015ftirme politikas\u0131 onun \u00a0bir birinden zal\u0131m ve ac\u0131mas\u0131z \u015eakirtlar\u0131 olan \u00c7KP diktat\u00f6rleri taraf\u0131ndan \u0131srarl\u0131 ve \u015fiddeti daha artt\u0131r\u0131larak s\u00fcrd\u00fcr\u00fcl\u00fcyor.<\/strong><\/p>\n<p style=\"text-align: justify;\">\u0130\u015fgalc\u0131 \u00c7in, bu a\u015fa\u011f\u0131l\u0131k ve insanl\u0131k d\u0131\u015f\u0131 uygulamalar\u0131n\u0131 yaparken, bu Irk\u00e7\u0131 uygulamalar\u0131n\u0131 d\u00fcnyadan \u00e7ok ustaca ve sinsice gizliyor.<\/p>\n<p style=\"text-align: justify;\"><strong>\u0130\u015fgalc\u0131 \u00c7in Do\u011fu T\u00fcrkistan\u2019\u0131 Bir \u00c7elik Perde Gerisine Kapatm\u0131\u015ft\u0131r<\/strong><\/p>\n<p style=\"text-align: justify;\">So\u011fuk sava\u015f d\u00f6neminde Sovyetler Birli\u011fi i\u00e7in \u00a0kullan\u0131lan \u00a0Demir perde deyimi \u00a0bug\u00fcn \u00a0Kom\u00fcnist maskesinin alt\u0131na kendini ustaca gizlemeye \u00e7al\u0131\u015fan Fa\u015fist \u00c7in y\u00f6netimi i\u00e7in de ge\u00e7erli.\u00dcstelik,\u0130\u015fgalc\u0131 \u00c7in\u2019in Do\u011fu T\u00fcrkistan\u2019daki jenosid,assimilasyon ve zorla d\u00f6n\u00fc\u015ft\u00fcrme uygulamalar\u0131 Nazi Almanayas\u0131n\u0131n uygulamalar\u0131ndan de beter.<\/p>\n<p style=\"text-align: justify;\">G\u00fcn\u00fcm\u00fczde\u00a0\u0130\u015fgalc\u0131 \u00c7in Do\u011fu T\u00fcrkistan\u2019\u0131 adeta bir \u201c\u00c7elik Perde \u201c\u2019nin gerisine kapatm\u0131\u015f ve \u00a0d\u00f6n\u00fc\u015ft\u00fcrm\u00fc\u015f durumda. \u0130\u015fgalc\u0131 \u00c7in\u2019in Do\u011fu T\u00fcrkistan\u2019daki insanl\u0131k d\u0131\u015f\u0131 \u00a0bask\u0131,zul\u00fcm,etnik ay\u0131r\u0131mc\u0131l\u0131k,a\u015fa\u011f\u0131lama,dini ve \u0131rk\u0131 soyk\u0131r\u0131m uygulamalar\u0131n\u0131n kan\u0131tlar\u0131 ile yurt d\u0131\u015f\u0131na iletilmesi m\u00fcmk\u00fcn de\u011fil. <strong>Belki de imkans\u0131z. \u0130leti\u015fim teknolojisi ile imkanlar\u0131n\u0131n \u00e7ok geli\u015fti\u011fi g\u00fcn\u00fcm\u00fczde \u00c7in y\u00f6netimi,insanlar\u0131n bu do\u011fal haklar\u0131n\u0131 gasbetmi\u015f ve yasaklam\u0131\u015f durumda.<\/strong><\/p>\n<p style=\"text-align: justify;\">\u00c7\u00fcnk\u00fc, Do\u011fu T\u00fcrkistan\u2019da sokaklarda herkesin telefonlar\u0131n\u0131 kontrol eden <strong>Cep Telefon Polisleri var. Do\u011fu T\u00fcrkistan\u2019a gidenler de bir daha gidememek,Akrabalar\u0131n\u0131n zarar g\u00f6rmemesi ve ba\u015fka sebeplerden dolay\u0131 g\u00f6rd\u00fcklerini anlatmaktan korkuyor ve \u00e7ekiniyorlar.<\/strong><\/p>\n<p style=\"text-align: justify;\">Buna ra\u011fmen \u00a0\u00e7ok az say\u0131daki cesur ,vatansever ve fedakar ki\u015filer \u00c7in\u2019in Do\u011fu T\u00fcrkistan\u2019daki bu \u015een\u2019i uygulamalar\u0131n\u0131n elem ve istirab\u0131n\u0131 kalbinin derinliklerinde hissedebiliyo\u0131r. Do\u011fu T\u00fcrkistan\u2019a ziyarete amac\u0131 ile giden baz\u0131 <strong>Uygur T\u00fcrkleri bu konuda \u00a0bizzat \u015fahit olduklar\u0131 ve birinci kaynaktan duyduklar\u0131n\u0131 y\u00fcre\u011fine ve haf\u0131zas\u0131na not ederek d\u0131\u015f d\u00fcnya\u2019ya \u00a0ve bizlere iletmektedir. Bu ve benzeri \u00a0bilgilere de onlar\u0131n anlat\u0131m\u0131 ile ula\u015fabiliyoruz.<\/strong><\/p>\n<p style=\"text-align: justify;\"><strong>\u00c7in,Do\u011fu T\u00fcrkistan\u2019da Ac\u0131mas\u0131z ve Vah\u015f\u0131 Bir Etnik S\u00fcm\u00fcrge Politikas\u0131 Uyguluyor<\/strong><\/p>\n<p style=\"text-align: justify;\">\u0130\u015fgalc\u0131 \u00c7in y\u00f6netimi,Do\u011fu T\u00fcrkistan\u2019\u0131n tarihi sakinleri ve as\u0131l sahipleri Uygur T\u00fcrklerini bir an \u00f6nce \u00a0toptan yok ederek bir an \u00f6nce tamamen etnik Han \u00c7inlilerinin ya\u015fad\u0131\u011f\u0131 bir \u00c7in topra\u011f\u0131 haline getirmek istiyor. Bu ama\u00e7la \u00c7inlilerin bu topraklara yerle\u015fmelerini te\u015fvik ve bazen de zorunlu olarak uyguluyor.<\/p>\n<p style=\"text-align: justify;\">Etnik \u00c7inlilere ekonomik ayr\u0131cal\u0131klar,te\u015fvikler ve ola\u011fan\u00fcst\u00fc imtiyazlar tan\u0131yarak Do\u011fu T\u00fcrkistan\u2019a g\u00f6\u00e7etmelerini ve bu topraklarda yerle\u015fmelerini te\u015fvik ediyorlar. Bu uygulamalar\u0131 yaparken orta\u00e7a\u011f s\u00f6m\u00fcrgecilerinden b kat bekat beter \u00a0 insanl\u0131k d\u0131\u015f\u0131 ve ac\u0131mas\u0131z y\u00f6ntemler kullan\u0131yorlar. <strong>\u00c7inli S\u00f6m\u00fcrge d\u00fczeninin Ka\u015fgar\u2019\u0131n Tokkuzak \u0130l\u00e7esindeki bir uygulamas\u0131n\u0131 bu il\u00e7eyi ziyaret eden ve bir s\u00fcre kalan kendisi T\u00fcrkiye\u2019de ya\u015fayan bir Uygur T\u00fcrk\u00fc\u2019n\u00fcn \u00a0g\u00f6zlemlerini ve bizzat \u015fahit ve duyduklar\u0131n\u0131 \u00a0onun a\u011fz\u0131ndan sizlere aktaraca\u011f\u0131m.\u00a0<\/strong><\/p>\n<p style=\"text-align: justify;\"><strong>Etnik \u00a0G\u00f6\u00e7men \u00c7inlilerin Ka\u015fgar\u2019daki \u00a0Vah\u015fi ve Ac\u0131mas\u0131z \u00a0S\u00f6m\u00fcrge D\u00fczeni<\/strong><\/p>\n<p style=\"text-align: justify;\">Tokkuzak (Dokuz Azak) il\u00e7esi Ka\u015fgar\u2019\u0131n 16 km.bat\u0131s\u0131nda Pamir da\u011flar\u0131n\u0131n a\u015fa\u011f\u0131 eteklerinde yer alan \u015eirin bir il\u00e7e.Ayn\u0131 zamanda tarihi ipek yolunun Himayalardan \u00f6nceki son dura\u011f\u0131 ve <strong>Tacikistan, Afganistan, Pakistan,Ke\u015fmir ve Hindistan s\u0131n\u0131r d\u00fc\u011f\u00fcm\u00fcn\u00fcn merkezinde bulunan ve stratejik konumdaki Ta\u015fkurgun\u2019a giden tek yolun g\u00fczergah\u0131. B\u00fcy\u00fck T\u00fcrk bilgini Ka\u015fgarl\u0131 Mahmut\u2019un medfun bulundu\u011fu Azak K\u00f6y\u00fcne \u00e7ok yak\u0131n.<\/strong><\/p>\n<p style=\"text-align: justify;\">Ayr\u0131 zamanda Karahanl\u0131 devletinin yazl\u0131k sayfiye ba\u015fkenti. Ekilebilecek araz\u0131 \u00e7ok az, topraklar\u0131 ta\u015fl\u0131 ve verimsiz. Ka\u015fgar\u2019a \u00e7ok yak\u0131n oldu\u011fu i\u00e7in N\u00fcfusu kalabal\u0131k bir il\u00e7e. Halk\u0131 ge\u00e7imini tar\u0131m ve hayvanc\u0131l\u0131k ile sa\u011flar.Olduk\u00e7a fakir bir il\u00e7e. \u0130\u015fgal y\u00f6netimi bu il\u00e7e\u2019ye son aylarda etnik \u00c7inli g\u00f6\u00e7menlere bedava arsa tahsis ederek bir Cep Telefonlar\u0131 i\u00e7in \u015earj ve di\u011fer ekipmanlar\u0131n\u0131 \u00fcreten bir elektronik Fabrikas\u0131 ile bir Tekstil Fabrikas\u0131 kurmalar\u0131n\u0131 sa\u011flam\u0131\u015f. Bu Fabrikalar\u0131n elektrik,su ve di\u011fer ihtiya\u00e7lar\u0131 bedava kar\u015f\u0131lan\u0131yor ve ayr\u0131ca yat\u0131r\u0131mc\u0131 \u00c7inliler vergi\u2019den de muaf tutulmu\u015f.<\/p>\n<p style=\"text-align: justify;\">E<strong>tnik \u00c7inli Patronlar Fabrikalar\u0131nda Uygur \u0130\u015f\u00e7ileri Vah\u015fice S\u00fcm\u00fcr\u00fcyor\u00a0<\/strong><\/p>\n<p style=\"text-align: justify;\">Bu olduk\u00e7a fakir \u0130l\u00e7enin k\u00f6ylerinde i\u015fsiz ve a\u00e7l\u0131\u011fa mahkum edilen 30 ya\u015f\u0131ndan k\u00fc\u00e7\u00fck kad\u0131nl\u0131,erkekli 2- 3 bin civar\u0131nda Uygur T\u00fcrk\u00fc i\u015f\u00e7i \u00a0etnik \u00c7inlilerin devletten ald\u0131klar\u0131 bin bir t\u00fcrl\u00fc destekle kurudu\u011fu bu fabrikalarda i\u015f\u00e7i olarak istihdam edilmi\u015f.Bu i\u015f\u00e7ilerin i\u015fe geli\u015f ve gidi\u015fleri \u00a0servis bile yok.\u0130\u015f\u00e7ilerden, uzak yerle\u015fim yerlerindekiler \u00a0kendi imkanlar\u0131 ile ara\u00e7 kiralayarak yak\u0131ndakiler ise, her g\u00fcn erken saatlerde <strong>1-2 saat yayan \u00a0yol y\u00fcr\u00fcyerek \u00a0i\u015f ba\u015f\u0131 yap\u0131yorlar.\u0130\u015f\u00e7ilere Yemek verilmiyor.\u00c7inli S\u00f6m\u00fcrgeci Patronlar, Fabrikalar\u0131n\u0131n \u00a0yan\u0131na bir \u0130\u015f\u00e7i Yemekhanesi de \u00a0a\u00e7m\u0131\u015f.<\/strong><\/p>\n<p style=\"text-align: justify;\">\u0130\u015f\u00e7iler burada mecburen kendi yemeklerinin \u00fccretini \u00f6deyerek yiyorlar. Yemek \u00fccreti \u00a020-30 Yuan aras\u0131nda de\u011fi\u015fiyor.. \u0130\u015f\u00e7ilerin ayl\u0131k \u00fccretleri ayl\u0131k bin Yuan. Maa\u015flar\u0131n\u0131n en az %20-30\u2019u sirf yemek paras\u0131 olarak geriye bu S\u00f6m\u00fcrge\u00e7i \u00c7inli Patronlara geri \u00f6deniyor. \u00c7in\u2019de normal bir \u00c7inli i\u015f\u00e7inin ayl\u0131\u011f\u0131 4-5 bin Yuan aras\u0131nda de\u011fi\u015fiyor. Burada \u00c7al\u0131\u015fan i\u015f\u00e7ilerin ayl\u0131\u011f\u0131 ise,onlar\u0131n ayl\u0131klar\u0131n\u0131n 4 veya 5\u2019te biri kadar.\u00a0<strong>SADECE VE SADECE B\u0130N(1.000)YUAN.<\/strong><\/p>\n<p style=\"text-align: justify;\"><strong>\u00c7inlilerin Fabrikas\u0131nda \u00c7al\u0131\u015fmak \u0130stemeyen Uygurlar Cezaland\u0131r\u0131l\u0131yor<\/strong><\/p>\n<p style=\"text-align: justify;\">S\u00f6m\u00fcrgeci Etnik \u00a0\u00c7inli Patronlar\u0131n fabrikalar\u0131n\u0131da gen\u00e7 Uygurlar\u0131n \u00e7al\u0131\u015fmalar\u0131 mecburi hale getirilmi\u015ftir.Evli olaanlar hi\u00e7 bir \u015fekilde i\u015fee al\u0131nm\u0131yor.Sadece bekar gen\u00e7 Uygurlar istihdam ediliyorlar.\u00c7in s\u00f6m\u00fcrgecili\u011finin temsilcisi bu patronlar s\u00f6zde Xinjang\u2019in geli\u015fmesi ve i\u015fsiizli\u011fin \u00f6nlenmesi ad\u0131 alt\u0131nda devletten \u00e7al\u0131\u015ft\u0131rd\u0131\u011f\u0131 \u00a0ki\u015fi \u00a0ba\u015f\u0131na te\u015fvik primi al\u0131yor.Primler \u00c7inli Patrona \u00f6deniyor.\u00c7inli Patronlar ald\u0131klar\u0131 ayl\u0131k prim ayl\u0131\u011f\u0131n\u0131n az bir k\u0131sm\u0131n\u0131 Uygur i\u015f\u00e7ilere \u00f6diyor,geri kalan b\u00fcy\u00fck b\u00f6l\u00fcm\u00fcn\u00fc kendileri gasbediyor.\u00c7in i\u015fgal y\u00f6netimi bu gasp ve \u00e7almay\u0131 bildi\u011fi halde bu haks\u0131zl\u0131\u011fa g\u00f6z yumuyor.\u00c7\u00fcnk\u00fc,\u00c7inlilerin Do\u011fu T\u00fcrkistan\u2019a yerle\u015fmeleri onlar i\u00e7in \u00a0birincil \u00f6ncelikt\u0131r.Yeterki gasbetsin,\u00e7als\u0131n, Uygurlar\u0131 s\u00f6ysun ve ezsin.Yeterki bu topraklardan gitmesin.<\/p>\n<p style=\"text-align: justify;\">Bu fabrikalardaki c\u00fcz\u2019i ayl\u0131\u011fa \u00e7al\u0131\u015fmak istemeyenler evlenerek bu k\u00f6le i\u015f\u00e7ilikten kurtulmaya \u00e7al\u0131\u015f\u0131yorlar.<\/p>\n<p style=\"text-align: justify;\">Etnik \u00c7inli S\u00f6m\u00fcrge d\u00fczeninin Tukkuzak\u2019taki bu Fabrikalar\u0131\u0131ndan \u00e7al\u0131\u015fmak istemeyenler \u00a0\u015fu \u015fekilde cezaland\u0131r\u0131l\u0131yor ;<\/p>\n<ol style=\"text-align: justify;\">\n<li>\u00c7ocuklar\u0131 \u00e7al\u0131\u015fmak istemeyen yax\u015fl\u0131 Ana Baba\u2019ya devletin \u00f6dedi\u011fi ayl\u0131k sosyal yard\u0131m paras\u0131 kesiliyor<\/li>\n<li>Ailenin oturdu\u011fu evin suyu ve elektri\u011fi kesiliyor.<\/li>\n<li>Yeni i\u015f m\u00fcracaatlar\u0131 hi\u00e7 bir \u015fekilde kabul edilmiyor.<\/li>\n<li>\u00c7al\u0131\u015fmay\u0131 kabul etmeyen gen\u00e7ler zorla Ha\u015far&#8217;a g\u00f6t\u00fcr\u00fcl\u00fcyor ve a\u011f\u0131r i\u015flerde \u00a0haftalar ve aylarca hi\u00e7 bir \u00fccret \u00f6denmeden bedava \u00e7al\u0131\u015ft\u0131r\u0131larak cezaland\u0131r\u0131l\u0131yor.<\/li>\n<\/ol>\n<p style=\"text-align: justify;\"><strong>Uygur \u0130\u015f\u00e7iler Guantanamo Tutuklular\u0131 ve K\u00f6le Gibi \u00c7al\u0131\u015ft\u0131r\u0131l\u0131yor<\/strong><\/p>\n<p style=\"text-align: justify;\">\nUygur T\u00fcrk\u00fc i\u015f\u00e7iler burada g\u00fcnde 10 saat \u00e7al\u0131\u015ft\u0131r\u0131l\u0131yor. \u0130\u015f\u00e7ilere \u0130\u015f elbisesi ( forma) \u00a0da\u011f\u0131t\u0131l\u0131yor.Bu formalar\u0131n \u00e7al\u0131\u015fma ve Fabrika i\u00e7inde giyilmesi zorunlu. Bu i\u015f elbiseleri Mavi Pantolon,k\u0131rm\u0131z\u0131 \u00a0renkli Ceket ve ba\u015flar\u0131na giyimek i\u00e7in sar\u0131 \u015fapka\u2019dan olu\u015fuyor. \u00a0<strong>K\u0131yafetleri tam ABD\u2019n\u0131n Guantanamo \u00f6l\u00fcm kamp\u0131na kapatt\u0131\u011f\u0131 i\u00e7lerinde 22 Uygur T\u00fcrk\u00fc\u2019n\u00fcn de bulundu\u011fu masum M\u00fcsl\u00fcman Tutuklar\u0131 and\u0131r\u0131yor. Belki \u00c7inli \u0130\u015fgalc\u0131lar s\u00f6zde \u00a0ezeli rakipleri ABD.\u2019ye nezire olsun diye bu i\u015f\u00e7ileri b\u00f6yle giydiriyordur kim bilir ?<\/strong><\/p>\n<p style=\"text-align: justify;\">\n\u0130\u015f\u00e7ilerin izinsiz i\u015fe gelmeleri halinde kendilerinden her g\u00fcn \u00a0i\u00e7in \u00a0300 Yuan ceza paras\u0131 al\u0131n\u0131yor. \u00c7inli S\u00f6m\u00fcrgeci Patronlara ait bu fabrikalarda \u00e7al\u0131\u015fmak mecburi hale getirilmi\u015f.<strong> Burada \u00e7al\u0131\u015fmak istemeyenler ise \u0130\u015fgal y\u00f6netimine bildiriliyor. \u0130\u015fgalc\u0131lar bu ki\u015fileri mecburi olarak Ha\u015far\u2019a g\u00f6nderiyor ve burada haftalar ve aylarca bedava \u00e7al\u0131\u015ft\u0131r\u0131yor.<\/strong><\/p>\n<p style=\"text-align: justify;\">\n<strong>\u00c7inli S\u00f6m\u00fcrge D\u00fczeninin Patronlar\u0131 Gen\u00e7lerden Olu\u015fuyor.<\/strong><\/p>\n<p style=\"text-align: justify;\">\nBurada devletin sonsuz te\u015fviklerinden yararlanarak yat\u0131m yapan ve Fabrika kuran \u00c7inli s\u00f6m\u00fcrgeci patrolar genellikle 30-40 ya\u015f aras\u0131 \u00c7inli gen\u00e7lerden olu\u015fuyor.Bunlar \u00e7ok l\u00fcks bir hayat ya\u015f\u0131yorlar.En son model arabalar\u0131 var. Adeta bu K\u00fc\u00e7\u00fck Tokkuzak \u0130l\u00e7esinin hakimleri konumunda. K\u00fc\u00e7\u00fck Tokkuzak \u0130l\u00e7esinde l\u00fcks Restoran ve gece kl\u00fcpleri ve Meyhaneleri de Fabrikalar\u0131 ile birlikte a\u00e7m\u0131\u015f.Ak\u015famlar\u0131 aileleri ile bu l\u00fcks Batakhanelere \u00a0gelerek e\u011fleniyorlar. <strong>Bu s\u00f6m\u00fcrgeci Patronlar\u0131n kendi \u00f6zel korumalar\u0131n\u0131n yan\u0131nda \u00c7inli i\u015fgalc\u0131lar\u0131n kendilerine tahsis etti\u011fi resmi korumalar da bulunuyor.<\/strong><\/p>\n<p style=\"text-align: justify;\"><strong>Tokkuzak Halk\u0131 : Tokkuzak, \u00a0Hitay Lobenlerge Cennet,Uygurlara Dozah diyorlar<\/strong><\/p>\n<p style=\"text-align: justify;\">Tokkuzak kentini \u00a0ge\u00e7ti\u011fimiz yaz ziyaret eden Uygur T\u00fcrk\u00fc\u2019n\u00fcn bu il\u00e7enin genel durumu ile ilgili tesbit ve g\u00f6zlemleri \u00e7ok dikkat \u00e7ekici ve ilgin\u00e7. Tokkuzak\u2019\u0131n \u00a0mazlum ve cefakar M\u00fcsl\u00fcman Uygur halk\u0131 \u0130\u015fgalc\u0131 \u00c7in y\u00f6netiminin semirtti\u011fi ve her t\u00fcrl\u00fc te\u015fvik ile buralara i\u015f yeri a\u00e7t\u0131rd\u0131klar\u0131 bu ac\u0131mas\u0131z ve vah\u015fi s\u00f6m\u00fcrgeci \u00a0\u00c7in fa\u015fizmi ve \u00a0<strong>zelil Han ukalal\u0131k ve kibrinin temsilcisi bu \u00a0\u00c7inli Patronlar ile kendi dramatik ya\u015fam \u015fartlar\u0131 aras\u0131nda \u00e7ok a\u00e7\u0131k fark\u0131 \u015f\u00f6yle tarif ettiklerini \u00a0ifade ediyor;<\/strong><\/p>\n<p style=\"text-align: justify;\"><strong><br \/>\n\u201cTokuzak Hitay Lobenlerge Cennet, M\u00fcsl\u00fcman Uygurlerge Dozakh =\u00a0Tokkuzak kenti, \u00c7inli Patronlara Cennet- M\u00fcsl\u00fcman Uygurlara ise,Cehennem.\u201d<\/strong><\/p>\n<p style=\"text-align: justify;\"><strong><br \/>\n<\/strong>Bu \u00a0s\u00f6ylem,Tukkuzak il\u00e7esindeki \u00a0mevcut durumu tam ve yerinde \u00f6zetledi\u011fini belirten \u00a0ziyaret\u00e7i s\u00f6zlerini \u015f\u00f6yle sonland\u0131r\u0131yor; \u201dBenim kald\u0131\u011f\u0131m birka\u00e7 g\u00fcn i\u00e7inde bunu g\u00f6zlerimle g\u00f6rd\u00fcm. Bu gen\u00e7 \u00c7inli Patron Bozuntular\u0131n\u0131n hal ve hareketleri tam bir rezalet ve insanl\u0131k d\u0131\u015f\u0131. Yemek yedi\u011fi Restoranlarda dahi bunlara \u00f6zel k\u00f6\u015fe ayr\u0131l\u0131yor.\u0130\u015fletme bunlar i\u00e7in \u00c7ince \u00f6zel yemekler yap\u0131yor ve \u00f6zel servis ve hizmet ediliyor. <strong>Filimlerde g\u00f6rd\u00fc\u011f\u00fcm\u00fcz Bat\u0131l\u0131 kan d\u00f6k\u00fcc\u00fc S\u00f6m\u00fcrgecilerden daha vah\u015fi ve ac\u0131mas\u0131z. Kendilerini adeta bu topraklar\u0131n sahibi \u00a0ve mutlak hakimi olarak g\u00f6r\u00fcyorlar.\u201d\u015feklinde konu\u015ftu.<\/strong><\/p>\n<p style=\"text-align: justify;\"><a href=\"http:\/\/www.yeniakit.com.tr\/haber\/turkistan-elimizden-gidiyor-farkindamisin-250036.html\">Yeni Ak\u0131t Gazetesi<\/a><\/p>\n","protected":false},"excerpt":{"rendered":"<p>\u00c7in i\u015fgal y\u00f6netiminin esaret alt\u0131ndaki tuttu\u011fu Do\u011fu T\u00fcrkistan\u2019da y\u00fcr\u00fctt\u00fc\u011f\u00fc,bask\u0131, zul\u00fcm,i\u015fkence,dini ve etnik soyk\u0131r\u0131m uygulamalar\u0131 bir ger\u00e7ek. \u0130\u015fgalc\u0131 \u00c7in M\u00fcsl\u00fcman T\u00fcrk yurdunu tamamen etnik \u00c7inlilerin ya\u015fad\u0131\u011f\u0131 bir \u00c7in topra\u011f\u0131 haline d\u00f6n\u00fc\u015ft\u00fcrmek&#8230;<\/p>\n","protected":false},"author":1,"featured_media":6903,"comment_status":"open","ping_status":"open","sticky":false,"template":"","format":"standard","meta":{"footnotes":""},"categories":[282],"tags":[],"class_list":["post-6902","post","type-post","status-publish","format-standard","has-post-thumbnail","hentry","category-turkistan-haberleri"],"_links":{"self":[{"href":"https:\/\/iuhrdf.org\/tr\/wp-json\/wp\/v2\/posts\/6902","targetHints":{"allow":["GET"]}}],"collection":[{"href":"https:\/\/iuhrdf.org\/tr\/wp-json\/wp\/v2\/posts"}],"about":[{"href":"https:\/\/iuhrdf.org\/tr\/wp-json\/wp\/v2\/types\/post"}],"author":[{"embeddable":true,"href":"https:\/\/iuhrdf.org\/tr\/wp-json\/wp\/v2\/users\/1"}],"replies":[{"embeddable":true,"href":"https:\/\/iuhrdf.org\/tr\/wp-json\/wp\/v2\/comments?post=6902"}],"version-history":[{"count":1,"href":"https:\/\/iuhrdf.org\/tr\/wp-json\/wp\/v2\/posts\/6902\/revisions"}],"predecessor-version":[{"id":6904,"href":"https:\/\/iuhrdf.org\/tr\/wp-json\/wp\/v2\/posts\/6902\/revisions\/6904"}],"wp:featuredmedia":[{"embeddable":true,"href":"https:\/\/iuhrdf.org\/tr\/wp-json\/wp\/v2\/media\/6903"}],"wp:attachment":[{"href":"https:\/\/iuhrdf.org\/tr\/wp-json\/wp\/v2\/media?parent=6902"}],"wp:term":[{"taxonomy":"category","embeddable":true,"href":"https:\/\/iuhrdf.org\/tr\/wp-json\/wp\/v2\/categories?post=6902"},{"taxonomy":"post_tag","embeddable":true,"href":"https:\/\/iuhrdf.org\/tr\/wp-json\/wp\/v2\/tags?post=6902"}],"curies":[{"name":"wp","href":"https:\/\/api.w.org\/{rel}","templated":true}]}}