{"id":6906,"date":"2017-01-19T02:33:53","date_gmt":"2017-01-18T18:33:53","guid":{"rendered":"http:\/\/www.iuhrdf.org\/tr\/?p=6906"},"modified":"2017-01-19T09:02:02","modified_gmt":"2017-01-19T01:02:02","slug":"prof-dr-demir-rina-bahanesiyle-turkistanli-soydaslarimiz-toptan-suclanmamali","status":"publish","type":"post","link":"https:\/\/iuhrdf.org\/tr\/prof-dr-demir-rina-bahanesiyle-turkistanli-soydaslarimiz-toptan-suclanmamali\/","title":{"rendered":"Prof.Dr. DEM\u0130R : Reina  Bahanesiyle T\u00fcrkistanl\u0131 Soyda\u015flar\u0131m\u0131z Toptan Su\u00e7lanmamal\u0131 !"},"content":{"rendered":"<p style=\"text-align: justify;\"><img loading=\"lazy\" decoding=\"async\" class=\"wp-image-6907 alignright\" src=\"https:\/\/iuhrdf.org\/tr\/wp-content\/uploads\/2017\/01\/587d9ee1a84e2.jpg\" alt=\"\" width=\"461\" height=\"279\" srcset=\"https:\/\/iuhrdf.org\/tr\/wp-content\/uploads\/2017\/01\/587d9ee1a84e2.jpg 654w, https:\/\/iuhrdf.org\/tr\/wp-content\/uploads\/2017\/01\/587d9ee1a84e2-300x182.jpg 300w\" sizes=\"auto, (max-width: 461px) 100vw, 461px\" \/>T\u00fcrkiye Ekonomi Politikalar\u0131 Ara\u015ft\u0131rma Vakf\u0131 (TEPAV) Uzman\u0131 Prof. Dr. Hilmi Demir, Ortak\u00f6y sald\u0131rgan\u0131n\u0131n yakalanmas\u0131n\u0131n ard\u0131ndan yapt\u0131\u011f\u0131 a\u00e7\u0131klamada, \u00f6rg\u00fct \u00fcyelerinin tan\u0131nmamak i\u00e7in yapt\u0131klar\u0131 imaj de\u011fi\u015fikli\u011fi ve T\u00fcrkiye\u2019nin sahip oldu\u011fu sosyolojik yap\u0131 ve k\u0131r\u0131lma noktalar\u0131na olan hakimiyetine dikkat \u00e7ekti. Prof. Dr. Demir, ter\u00f6r \u00f6rg\u00fct\u00fc DAE\u015e\u2019la ilgili \u00a0olarak da kritik uyar\u0131larda da bulundu.<\/p>\n<p style=\"text-align: justify;\"><strong>Prof.Dr.Hilmi DEM\u0130R (TEPAV \u00a0Vakf\u0131)<\/strong><\/p>\n<p style=\"text-align: justify;\">Ortak\u00f6y\u2019de gece kul\u00fcb\u00fc sald\u0131rgan\u0131 ile ilgili T\u00fcrkiye\u2019de uzun s\u00fcredir ciddi bir spek\u00fclasyon y\u00fcr\u00fct\u00fcld\u00fc\u011f\u00fcne dikkati \u00e7eken Prof. Dr. Hilmi Demir, baz\u0131 \u00e7evreler taraf\u0131ndan sald\u0131rgan\u0131n\u0131n ka\u00e7mas\u0131ndan, yakalanamamas\u0131na kadar \u00fclkede sanki bir g\u00fcvenlik za\u00e1fiyeti varm\u0131\u015f gibi yans\u0131t\u0131ld\u0131\u011f\u0131na dikkat \u00e7ekti. Bunun b\u00f6yle olmad\u0131\u011f\u0131n\u0131n sald\u0131rgan\u0131n \u00a0yakalanmas\u0131yla anla\u015f\u0131ld\u0131\u011f\u0131n\u0131 vurgulayan Prof. Dr. Demir, \u201cEmniyet asl\u0131nda ciddi ve titiz bir \u00e7al\u0131\u015fma y\u00fcr\u00fctt\u00fc. Hem<br \/>\nsald\u0131rgan\u0131n canl\u0131 yakalanmas\u0131 hem de sald\u0131rgan\u0131n sakland\u0131\u011f\u0131 h\u00fccre evlerinin ve ba\u011flant\u0131lar\u0131n\u0131n ortaya \u00e7\u0131kar\u0131lmas\u0131 \u00a0ama\u00e7lanm\u0131\u015ft\u0131r. Emniyetin yapt\u0131\u011f\u0131 b\u00fcy\u00fck operasyon hem yerinde hem de hedefine \u00a0ula\u015fm\u0131\u015f gibi g\u00f6z\u00fck\u00fcyor\u201d dedi.<\/p>\n<p style=\"text-align: justify;\"><strong>\u201cSald\u0131rgan\u0131n 4 dil bilmesi \u015fa\u015f\u0131lacak bir durum de\u011fil\u201d<\/strong><br \/>\nSald\u0131rgan\u0131n Orta Asya\u2019daki k\u00f6kenlerinin ciddi olarak anla\u015f\u0131lm\u0131\u015f olsa da 4 dil bilmesinin \u00e7ok \u015fa\u015f\u0131lacak bir nitelik \u00a0olmad\u0131\u011f\u0131n\u0131n ortaya \u00e7\u0131kt\u0131\u011f\u0131n\u0131 anlatan Prof. Dr. Hilmi Demir, \u201cSald\u0131rgan\u0131n kimli\u011fi daha \u00f6nce a\u00e7\u0131klanm\u0131\u015ft\u0131. \u00d6zbek \u00a0oldu\u011fu s\u00f6ylenmi\u015fti. \u00d6zbek olmas\u0131 b\u00fcy\u00fck ihtimalle benim tahminim Fergana Vadisi dedi\u011fimiz, \u00a0bu vadiden \u00e7\u0131km\u0131\u015f \u00a0olmas\u0131 hem militan\u0131n kimli\u011fi, ge\u00e7mi\u015fi hem de eylemin baz\u0131 nitelikleri konusunda ipu\u00e7lar\u0131 \u00a0veriyor. Sald\u0131rgan\u0131n \u00a0yakalanmas\u0131 ile birlikte bug\u00fcn yap\u0131lan baz\u0131 a\u00e7\u0131klamalar var. O a\u00e7\u0131klamalar\u0131n bir tanesi de sald\u0131rgan\u0131n 4 dil bildi\u011fidir.<br \/>\nSald\u0131rgan\u0131n Orta Asya\u2019daki k\u00f6kenleri ciddi olarak anla\u015f\u0131lm\u0131\u015f olsa 4 dil bilmesi sald\u0131rgan i\u00e7in \u00e7ok a\u015f\u0131r\u0131 \u00f6zellikli bir \u00a0nitelik olmad\u0131\u011f\u0131 ortaya \u00e7\u0131k\u0131yor. Sald\u0131rgan\u0131n muhtemelen hem e\u011fitim ald\u0131\u011f\u0131 hem de Afganistan\u2019a kolayl\u0131kla ula\u015ft\u0131\u011f\u0131 \u00a0Fergana Vadisinin bir taraf\u0131nda Tacikistan, bir taraf\u0131nda \u00d6zbekistan ve K\u0131rg\u0131zistan, bir taraf\u0131nda Kazakistan, Do\u011fu T\u00fcrkistan ( \u00c7in ) s\u0131n\u0131r\u0131n\u0131n bulundu\u011fu bulundu\u011fu yukar\u0131da ise,Tacikistan \u00fczerinden \u00a0daha \u00e7ok hemen Afganistan s\u0131n\u0131r\u0131na ula\u015fabilecek bir vadi. Bu vadi, \u00a0bu vadinin en b\u00fcy\u00fck \u00f6zelli\u011fi \u00f6zellikle Orta Asya\u2019daki radikalizmin mayaland\u0131\u011f\u0131 yer olmas\u0131, bu b\u00f6lge 1980\u2019lerden itibaren Afgan cihad\u0131na giden Orta Asyal\u0131lar\u0131n hem ge\u00e7i\u015f hatt\u0131d\u0131r hem de bu cihada, sava\u015fa kat\u0131lanlar\u0131n geri \u00a0d\u00f6nd\u00fc\u011f\u00fc toprak bir b\u00f6lgedir. Nemangan dedi\u011fimiz \u015fehirde biz uzunca bir s\u00fcre hem radikal hareketlerin \u00a0bir \u00a0s\u00fcre kendilerine g\u00fc\u00e7 kazand\u0131klar\u0131 ve eylem yapt\u0131klar\u0131n\u0131 biliyoruz zaten. \u00d6zbekistan\u2019da bu anlamda \u00d6zbekistan \u0130slami \u00a0Hareketi var. T\u00fcrkmenistan \u0130slami Hareketi var. Bu t\u00fcr \u00f6rg\u00fctler uzunca bir s\u00fcre buralarda mayalan\u0131yor ve ciddi \u00a0anlamda hem El Kaide\u2019ye hem de Afganistan\u2019daki DAE\u015e h\u00fccrelerine ve Suriye\u2019ye ciddi anlamda eleman sa\u011flayan ana merkezler olarak i\u015flev g\u00f6r\u00fcyordu. Dolays\u0131yla Reina sald\u0131rgan\u0131 da bu b\u00f6lgeden \u00e7\u0131km\u0131\u015ft\u0131r \u00a0anla\u015f\u0131ld\u0131\u011f\u0131 kadar\u0131yla. O \u00a0y\u00fczden Reina zanl\u0131s\u0131n\u0131n \u00a04 dil de\u011fil, 6 dil bilmesi \u00a0 \u00e7ok \u00a0da \u015fa\u015f\u0131lacak bir durum de\u011fildir. \u00c7\u00fcnk\u00fc Fergana vadisinde \u00a0Tacik, K\u0131rg\u0131z, \u00a0\u00d6zbek, Uygur \u00a0ba\u015fta b\u00fct\u00fcn T\u00fcrk boylar\u0131 hemen hemen birlikte ya\u015farlar. Ayn\u0131 pazarlar\u0131 kullan\u0131rlar. Bir pazara \u00e7\u0131kt\u0131\u011f\u0131n\u0131zda bu pazarda 4-5 tane \u00a0dilin yan yana \u00e7ok rahatl\u0131kla kullan\u0131ld\u0131\u011f\u0131n\u0131 g\u00f6r\u00fcrs\u00fcn\u00fcz. Ve hemen hemen d\u00fcnyadaki b\u00fct\u00fcn istihbarat \u00f6rg\u00fctlerinin \u00a0adeta talim merkezidir buras\u0131. Bu a\u00e7\u0131dan sald\u0131rgan b\u00f6yle bir yerden yeti\u015fmi\u015f. B\u00f6yle bir yerden Afganistan\u2019a \u00a0muhtemelen gitmi\u015f o b\u00f6lgede belli bir e\u011fitim alm\u0131\u015f daha sonra da T\u00fcrkiye\u2019ye bir \u015fekilde girmi\u015ftir\u201d dedi.<br \/>\n<strong>\u201cDAE\u015e \u00fcyelerine tan\u0131nmamak ve dikkat \u00e7ekmemek imaj de\u011fi\u015ftirmeleri s\u00f6yleniyor\u201d<\/strong><br \/>\nDAE\u015e \u00fcyelerinin hem T\u00fcrkiye\u2019de hem de Avrupa\u2019da art\u0131k tan\u0131nmamak veya dikkat \u00e7ekmemek i\u00e7in imaj de\u011fi\u015fikli\u011fine \u00a0gitti\u011fine vurgu yapan Prof. Dr. Hilmi Demir, \u201cReina sald\u0131r\u0131s\u0131n\u0131n ilk ba\u015f\u0131ndan beri benim temel bir g\u00f6r\u00fc\u015f\u00fcr\u00fcm vard\u0131. \u00a0Bu sald\u0131r\u0131 tipik DAE\u015e sald\u0131r\u0131lar\u0131na \u00e7ok benziyor. Ve bug\u00fcn Emniyet de a\u00e7\u0131klad\u0131 ki sald\u0131rgan DAE\u015e \u00f6rg\u00fct\u00fcyle \u00a0ba\u011flant\u0131l\u0131. Hem eylemcinin kendisi hem de eylemin nitelikleri ve olu\u015fma \u015fekline bakt\u0131\u011f\u0131n\u0131zda klasik DAE\u015e sald\u0131r\u0131s\u0131.<br \/>\nBurada \u00f6ncelikle anlamam\u0131z gereken bu t\u00fcr sald\u0131r\u0131lar\u0131n \u00e7ok kolayl\u0131kla yap\u0131labilir olmas\u0131. Bu t\u00fcr sald\u0131r\u0131lar i\u00e7inde \u00a0DAE\u015e\u2019in \u00f6zellikle \u00e7ok haz\u0131rl\u0131kl\u0131 oldu\u011funu bilmemiz gerekiyor. Yine Reina sald\u0131rgan\u0131n\u0131n yakaland\u0131\u011f\u0131 h\u00fccre evi, evdeki \u00a0kad\u0131nlar\u0131n giyim ve ku\u015famlar\u0131n\u0131n DAE\u015e\u2019lilere benzemedi\u011fi \u015feklinde bas\u0131nda \u00e7\u0131kan a\u00e7\u0131klamalar var. Bunlar\u0131 da do\u011fru \u00a0ancak, \u00e7ok abart\u0131l\u0131 buluyorum. Yorumlar\u0131 da yad\u0131rgad\u0131\u011f\u0131m\u0131 ifade etmeliyim. \u00c7\u00fcnk\u00fc DAE\u015e\u2019in Avrupa\u2019daki sald\u0131r\u0131larla ilgili \u00a0haz\u0131rlad\u0131\u011f\u0131 rehberler ve k\u0131lavuzlar var. Burada DAE\u015e \u00fcyelerinin tan\u0131nmamak i\u00e7in kad\u0131nlar\u0131n\u0131n bildi\u011fimiz anlamda \u00a0Suriye\u2019de ya da DAE\u015e\u2019in Irak\u2019ta bulundu\u011fu co\u011frafyadaki gibi giyinmelerinin \u015fart olmad\u0131\u011f\u0131n\u0131 bildi\u011fimiz \u00e7ar\u015faf\u0131 \u00a0giyinmemeleri gerekti\u011fi, ya da \u00e7ar\u015fafla dola\u015fmamalar\u0131 gerekti\u011fi, erkeklerin sakall\u0131 gezmesinin \u015fart olmad\u0131\u011f\u0131n\u0131, \u00a0sakallar\u0131n\u0131 kesebilecekleri s\u00fcrekli s\u00f6ylenir. Ve kendilerine sald\u0131r\u0131dan sonra nas\u0131l hayatta kalabileceklerine ili\u015fkin \u00a0olduk\u00e7a detayl\u0131 rehberler haz\u0131rlan\u0131r. O y\u00fczden iki \u015feyi birbirinden ay\u0131rmak gerekiyor. DAE\u015e\u2019in yapt\u0131\u011f\u0131 sald\u0131r\u0131larda bir \u00a0canl\u0131 bomba sald\u0131r\u0131lar\u0131 var ikincisi daha \u00e7ok zaiyat vermeye ve g\u00f6vde g\u00f6sterisi yapmaya y\u00f6nelik sald\u0131r\u0131lar var. Bu \u00a0anla\u015f\u0131l\u0131yor ki bu zaten bir canl\u0131 bomba sald\u0131r\u0131s\u0131 var. Dolays\u0131yla sald\u0131r\u0131n\u0131n hem olu\u015fmu\u015f, hem olu\u015fma niteli\u011fi ve ger\u00e7ekle\u015ftirilme ( yap\u0131lma) \u00a0\u015fekli hayatta kalmay\u0131 hedef alan bir sald\u0131r\u0131 t\u00fcr\u00fc oldu\u011funu g\u00f6steriyor. Burada da zaten sald\u0131rgan hayatta kald\u0131 ve ka\u00e7may\u0131 ba\u015fard\u0131. Ka\u00e7t\u0131ktan sonra anla\u015f\u0131l\u0131yor ki yine kendisine \u00f6\u011fretilen veya DAE\u015e \u00f6rg\u00fct\u00fcn\u00fcn i\u00e7erisindeki rehberleri \u00a0ve k\u0131lavuzlar\u0131n\u0131n tan\u0131nmamak i\u00e7in ilk ba\u015flarda DAE\u015e\u2019li denilmeyecek \u015fekildeki h\u00fccre evlerinden birisine s\u0131\u011f\u0131nd\u0131. Ama emniyetin titiz \u00e7al\u0131\u015fmas\u0131 burada yakaland\u0131\u201d a\u00e7\u0131klamas\u0131nda bulundu.<br \/>\n<strong>\u201cReina Katliam\u0131 Bahanesiyle \u00a0T\u00fcrkistan k\u00f6kenli T\u00fcrkler su\u00e7lu ilan edilmemeli\u201d<\/strong><br \/>\nOrtak\u00f6y sald\u0131rgan\u0131n\u0131n yakalanmas\u0131n\u0131n ard\u0131ndan bundan sonra yap\u0131lacak \u00f6nemli \u00e7al\u0131\u015fman\u0131n bulundu\u011funu anlatan \u00a0Demir, \u201cBunlardan bir tanesi ve \u00f6nemlisi bu t\u00fcr h\u00fccre evlerinin ne kadar oldu\u011fu \u0130stanbul\u2019da ve \u00f6zellikle tabiki bu \u00a0sald\u0131r\u0131n\u0131n \u00a0T\u00fcrkistan\u2019dan (Orta Asya\u2019dan) T\u00fcrkiye\u2019ye gelen g\u00f6\u00e7menler a\u00e7\u0131s\u0131ndan da ciddi bir rahats\u0131zl\u0131k ve huzursuzluk yaratt\u0131\u011f\u0131n\u0131 \u00a0 g\u00f6r\u00fcyoruz. Buna da dikkat etmek laz\u0131m. \u00c7\u00fcnk\u00fc buradan hareketle b\u00fct\u00fcn Orta Asya (T\u00dcrkistan)K\u00f6kenle soyda\u015flar\u0131m\u0131z\u0131 \u00a0su\u00e7lu ilan etmek \u00a0olduk\u00e7a ve \u00e7ok \u00a0yanl\u0131\u015f olacakt\u0131r. DAE\u015e sald\u0131r\u0131lar\u0131 g\u00f6\u00e7men politikam\u0131zda ciddi bir risk do\u011furuyor. Bundan sonra anla\u015f\u0131l\u0131yor ki bu t\u00fcr sald\u0131r\u0131larda mutlaka ve mutlaka farkl\u0131 etnik gruplar kullan\u0131lacakt\u0131r.<br \/>\n<strong>B\u00fct\u00fcn bunlardan \u015fu sonucu \u00e7\u0131karabiliriz \u00a0; \u00a0hem DA\u0130\u015e hem di\u011fer Ter\u00f6r \u00f6rg\u00fctleri T\u00fcrkiye\u2019deki sosyolojik dokuyu, hem de T\u00fcrkiye\u2019deki fay hatlar\u0131n\u0131 \u00e7ok iyi bilmektedirler. Son \u00a0Reina olay\u0131 ve sonras\u0131 geli\u015fmeler bu \u00f6rg\u00fctlerin \u00a0 \u00a0bu sosyolojik doku ve \u00a0fay hatlar\u0131n\u0131n k\u0131r\u0131lma noktalar\u0131n\u0131 \u00e7ok iyi \u00a0bildiklerini \u00a0bize \u00a0g\u00f6stermi\u015ftir. \u00a0Bu konuda \u00a0bundan sonra daha \u00a0dikkatl\u0131 olmak gerekti\u011fini \u00a0zaruri ve \u00a0faydal\u0131 g\u00f6r\u00fcyorum\u201d \u00a0\u015feklinde konu\u015ftu.\u00a0<\/strong><\/p>\n<p style=\"text-align: justify;\">kaynak:\u00a0<a href=\"http:\/\/www.lodoshaber.com\/prof-dr-demirden-daesla-ilgili-kritik-uyari\/\">Lodos Haber<\/a><\/p>\n","protected":false},"excerpt":{"rendered":"<p>T\u00fcrkiye Ekonomi Politikalar\u0131 Ara\u015ft\u0131rma Vakf\u0131 (TEPAV) Uzman\u0131 Prof. Dr. Hilmi Demir, Ortak\u00f6y sald\u0131rgan\u0131n\u0131n yakalanmas\u0131n\u0131n ard\u0131ndan yapt\u0131\u011f\u0131 a\u00e7\u0131klamada, \u00f6rg\u00fct \u00fcyelerinin tan\u0131nmamak i\u00e7in yapt\u0131klar\u0131 imaj de\u011fi\u015fikli\u011fi ve T\u00fcrkiye\u2019nin sahip oldu\u011fu sosyolojik yap\u0131&#8230;<\/p>\n","protected":false},"author":1,"featured_media":6907,"comment_status":"open","ping_status":"open","sticky":false,"template":"","format":"standard","meta":{"footnotes":""},"categories":[282],"tags":[],"class_list":["post-6906","post","type-post","status-publish","format-standard","has-post-thumbnail","hentry","category-turkistan-haberleri"],"_links":{"self":[{"href":"https:\/\/iuhrdf.org\/tr\/wp-json\/wp\/v2\/posts\/6906","targetHints":{"allow":["GET"]}}],"collection":[{"href":"https:\/\/iuhrdf.org\/tr\/wp-json\/wp\/v2\/posts"}],"about":[{"href":"https:\/\/iuhrdf.org\/tr\/wp-json\/wp\/v2\/types\/post"}],"author":[{"embeddable":true,"href":"https:\/\/iuhrdf.org\/tr\/wp-json\/wp\/v2\/users\/1"}],"replies":[{"embeddable":true,"href":"https:\/\/iuhrdf.org\/tr\/wp-json\/wp\/v2\/comments?post=6906"}],"version-history":[{"count":2,"href":"https:\/\/iuhrdf.org\/tr\/wp-json\/wp\/v2\/posts\/6906\/revisions"}],"predecessor-version":[{"id":6909,"href":"https:\/\/iuhrdf.org\/tr\/wp-json\/wp\/v2\/posts\/6906\/revisions\/6909"}],"wp:featuredmedia":[{"embeddable":true,"href":"https:\/\/iuhrdf.org\/tr\/wp-json\/wp\/v2\/media\/6907"}],"wp:attachment":[{"href":"https:\/\/iuhrdf.org\/tr\/wp-json\/wp\/v2\/media?parent=6906"}],"wp:term":[{"taxonomy":"category","embeddable":true,"href":"https:\/\/iuhrdf.org\/tr\/wp-json\/wp\/v2\/categories?post=6906"},{"taxonomy":"post_tag","embeddable":true,"href":"https:\/\/iuhrdf.org\/tr\/wp-json\/wp\/v2\/tags?post=6906"}],"curies":[{"name":"wp","href":"https:\/\/api.w.org\/{rel}","templated":true}]}}