{"id":6920,"date":"2017-01-20T01:08:46","date_gmt":"2017-01-19T17:08:46","guid":{"rendered":"http:\/\/www.iuhrdf.org\/tr\/?p=6920"},"modified":"2017-01-20T01:08:46","modified_gmt":"2017-01-19T17:08:46","slug":"fitnecilere-musaade-etmeyecegiz","status":"publish","type":"post","link":"https:\/\/iuhrdf.org\/tr\/fitnecilere-musaade-etmeyecegiz\/","title":{"rendered":"&#8220;Fitnecilere m\u00fcsaade etmeyece\u011fiz&#8221;"},"content":{"rendered":"<p style=\"text-align: justify;\"><img loading=\"lazy\" decoding=\"async\" class=\"wp-image-6921 alignright\" src=\"https:\/\/iuhrdf.org\/tr\/wp-content\/uploads\/2017\/01\/fitnecilere_musaade_etmeyecegiz_h22175_f8911.png\" alt=\"\" width=\"419\" height=\"216\" srcset=\"https:\/\/iuhrdf.org\/tr\/wp-content\/uploads\/2017\/01\/fitnecilere_musaade_etmeyecegiz_h22175_f8911.png 620w, https:\/\/iuhrdf.org\/tr\/wp-content\/uploads\/2017\/01\/fitnecilere_musaade_etmeyecegiz_h22175_f8911-300x155.png 300w\" sizes=\"auto, (max-width: 419px) 100vw, 419px\" \/>D\u00fcnya Uygur Kongresi Genel Ba\u015fkan Yard\u0131mc\u0131s\u0131 ve Do\u011fu T\u00fcrkistanl\u0131lar Derne\u011fi Genel Ba\u015fkan\u0131 Seyit T\u00fcmt\u00fcrk,\u00a0 birilerinin Do\u011fu T\u00fcrkistanl\u0131lar\u0131 en huzurlu ya\u015fanabilecek yer olarak g\u00f6rd\u00fckleri T\u00fcrkiye\u2019den uzakla\u015ft\u0131rabilmek i\u00e7in fitne \u00e7\u0131kard\u0131\u011f\u0131n\u0131 belirterek; \u201cDo\u011fu T\u00fcrkistanl\u0131lar ile T\u00fcrkiye Cumhuriyeti karde\u015ftir. Karde\u015fler aras\u0131nda bazen yanl\u0131\u015f anla\u015f\u0131lmalar olabilir. Bu yanl\u0131\u015f anla\u015f\u0131lmay\u0131 kesinlikle d\u00fc\u015fmanlar\u0131m\u0131z\u0131n f\u0131rsata d\u00f6n\u00fc\u015ft\u00fcrmesine izin vermeyece\u011fiz. \u201c dedi.<br \/>\nD\u00fcnya Uygur Kongresi Genel Ba\u015fkan Yard\u0131mc\u0131s\u0131 ve Do\u011fu T\u00fcrkistanl\u0131lar Derne\u011fi Genel Ba\u015fkan\u0131 Seyit T\u00fcmt\u00fcrk, kat\u0131ld\u0131\u011f\u0131 bir televizyon program\u0131nda a\u00e7\u0131klamalarda bulundu. T\u00fcmt\u00fcrk, Bat\u0131l\u0131 g\u00fc\u00e7lerin T\u00fcrkiye Cumhuriyeti ile Do\u011fu T\u00fcrkistanl\u0131lar\u0131n aras\u0131n\u0131 bozmaya \u00e7al\u0131\u015ft\u0131\u011f\u0131n\u0131 kaydederek buna asla izin vermeyeceklerini dile getirdi. Reinada\u2019ki olaydan sonra Do\u011fu T\u00fcrkistanl\u0131lar\u0131n kendisini arayarak \u201c\u00c7ocu\u011fum okula gidemiyor, i\u015fe gidemiyor. L\u00fctfen bununla ilgili bir a\u00e7\u0131klama yap\u0131n. Bize sahip \u00e7\u0131k\u0131n\u201d diye serzeni\u015fte bulundu\u011funu belirten Ba\u015fkan T\u00fcmt\u00fcrk \u015funlar\u0131 s\u00f6yledi: \u201c\u015eimdi bir d\u00fc\u015f\u00fcn\u00fcn. Sizin \u00e7ocu\u011funuz var. Okula gidiyor. \u015eimdi farz\u0131 mahal yabanc\u0131 bir \u00fclkede ya\u015f\u0131yorsunuz. Diyelim ki Rusya\u2019das\u0131n\u0131z. B\u00fcy\u00fck el\u00e7iyi \u00f6ld\u00fcren katilin y\u00fcz\u00fcnden sizin \u00e7ocu\u011funuz okula gitti\u011fi anda \u201cSen katilin vatanda\u015f\u0131s\u0131n. Ya da \u201cSenin adam\u0131n benim babam\u0131 \u00f6ld\u00fcrd\u00fc\u201d \u015feklinde bir iddia ile kar\u015f\u0131 kar\u015f\u0131ya kald\u0131\u011f\u0131nda \u00e7ocu\u011funuzun ruh hali. Sizin oradaki d\u00fc\u015f\u00fcnceniz ne olabilir. Kesinlikle ezilirsiniz, mahvolursunuz.. Biz T\u00fcrk karde\u015flerimize ihanet etmi\u015f hain konumuna d\u00fc\u015fmek istemiyoruz\u201d diyenler oldu. TRT Avaz kanal\u0131nda \u00e7\u0131kaca\u011f\u0131m\u0131 sosyal medyadan duyurdum. Afrika\u2019dan \u00d6zbek bir karde\u015fim mesaj g\u00f6ndererek \u015funu s\u00f6yledi. \u201c Orta Asyal\u0131 T\u00fcrk karde\u015flerimizin hakk\u0131n\u0131 koru. Biz T\u00fcrk milletinin karde\u015fiyiz. Asla ve asla ter\u00f6rist olamay\u0131z. Bu fitneye kesinlikle m\u00fcsaade etmemeliyiz.\u201d Bu bir fitnedir \u201cDo\u011fu T\u00fcrkistanl\u0131lar Do\u011fu T\u00fcrkistan\u2019dan sonra rahat edebildikleri ve ya\u015fayabildikleri yer T\u00fcrkiye Cumhuriyeti. Orta Asya\u2019da Kazakistan\u2019da 20 y\u0131l \u00f6nce \u00c7in\u2019in entrikalar\u0131 y\u00fcz\u00fcnden \u00e7\u0131kan olaylar y\u00fcz\u00fcnden Do\u011fu T\u00fcrkistanl\u0131lar Kazakistan\u2019da ya\u015fayamaz hale geldi. \u015eimdi ayn\u0131 durumu T\u00fcrkiye\u2019de ger\u00e7ekle\u015ftirmek istiyorlar.\u201d diyen T\u00fcmt\u00fcrk; \u201c\u00c7in bunu \u00e7ok iyi kullanarak K\u0131rg\u0131zistan, Pakistan, Kazakistan\u2019a kendi askerlerini g\u00f6ndererek operasyon yapt\u0131. O g\u00fcn orada oldu\u011fu gibi, ge\u00e7ti\u011fimiz g\u00fcnlerde Reina\u2019da oldu\u011fu gibi bunlar\u0131 gerek\u00e7e olarak g\u00f6stererek Do\u011fu T\u00fcrkistanl\u0131lar\u0131 ter\u00f6rist imaj\u0131yla iadesini sa\u011flad\u0131lar. \u00c7ok masum insanlar katledildi. Do\u011fu T\u00fcrkistanl\u0131lar\u0131n Allah\u2019tan ba\u015fka sahibi yok. Reiana sald\u0131r\u0131s\u0131ndan sonra hassasiyet g\u00f6stererek 5 g\u00fcn bekledim. Birincisi soru\u015fturman\u0131n gizlili\u011finden dolay\u0131. \u0130kincisi ise devletimize olan sayg\u0131m\u0131z. Bunlardan dolay\u0131 suskun kald\u0131k. Ba\u015fbakan Yard\u0131mc\u0131n\u0131z Veysi Kaynak\u2019\u0131n orada sehven kullanm\u0131\u015f oldu\u011fu bir bas\u0131n mensubunun Ter\u00f6rist kimdir? sorusuna \u201cUygur T\u00fcrk\u00fc olma ihtimali var\u201d \u015feklinde a\u00e7\u0131klad\u0131. Fakat bunu Uluslararas\u0131 ajanslar \u201cT\u00fcrkiye Cumhuriyeti Devleti Ba\u015fbakan Yard\u0131mc\u0131s\u0131 Veysi Kaynak Reiana ter\u00f6ristinin ismini a\u00e7\u0131klad\u0131. Bu Do\u011fu T\u00fcrkistanl\u0131 ter\u00f6risttir. \u201c \u015feklinde verdiler.\u00a0 Veysi Kaynak\u2019a anayasa g\u00f6r\u00fc\u015fmelerinin oldu\u011fu yo\u011fun bir d\u00f6nemde Do\u011fu T\u00fcrkistanl\u0131lar\u0131n ma\u011fduriyetini g\u00f6z \u00f6n\u00fcnde bulundurarak bu i\u015fin a\u00e7\u0131kl\u0131\u011fa kavu\u015fmas\u0131 i\u00e7in a\u00e7\u0131klamalar yapt\u0131. Bir devlet adam\u0131 olarak Do\u011fu T\u00fcrkistanl\u0131lar\u0131n \u00fczerindeki t\u00f6hmetin kald\u0131r\u0131lmas\u0131 i\u00e7in u\u011fra\u015f verdi. Bizim asla ve asla devletimize \u00f6z\u00fcr diletmek, yada geri ad\u0131m att\u0131rmak gibi bir d\u00fc\u015f\u00fcncemiz yok. Haddimiz olamaz zaten. Ama mazlum Do\u011fu T\u00fcrkistanl\u0131lar\u0131n sehven kullan\u0131lm\u0131\u015f bir c\u00fcmle ile uluslararas\u0131 camiada ter\u00f6rist olarak itham edilmesinin \u00f6n\u00fcne ge\u00e7mek i\u00e7in bir a\u00e7\u0131klama idi. Anayasa g\u00f6r\u00fc\u015fmelerinden sonra bizi Ankara\u2019ya davet edeceklerini s\u00f6ylediler. Bundan \u015feref duyduk. Ba\u015fbakan Yard\u0131mc\u0131m\u0131z\u0131n misafiri olmaktan onur duyaca\u011f\u0131z. Karde\u015fler aras\u0131nda bazen yanl\u0131\u015f anla\u015f\u0131lmalar olabilir. Bu yanl\u0131\u015f anla\u015f\u0131lmay\u0131 kesinlikle d\u00fc\u015fmanlar\u0131m\u0131z\u0131n f\u0131rsata d\u00f6n\u00fc\u015ft\u00fcrmesine izin vermeyece\u011fiz.\u201d diye konu\u015ftu.<\/p>\n<p style=\"text-align: justify;\">Haber: Ramazan KARAKU\u015e<\/p>\n<p style=\"text-align: justify;\">Kaynak:\u00a0<a href=\"http:\/\/www.kayserigundem.com.tr\/gundem\/fitnecilere-musaade-etmeyecegiz-h22175.html\">Kayseri G\u00fcndem Haberi<\/a><\/p>\n<p style=\"text-align: justify;\">\n","protected":false},"excerpt":{"rendered":"<p>D\u00fcnya Uygur Kongresi Genel Ba\u015fkan Yard\u0131mc\u0131s\u0131 ve Do\u011fu T\u00fcrkistanl\u0131lar Derne\u011fi Genel Ba\u015fkan\u0131 Seyit T\u00fcmt\u00fcrk,\u00a0 birilerinin Do\u011fu T\u00fcrkistanl\u0131lar\u0131 en huzurlu ya\u015fanabilecek yer olarak g\u00f6rd\u00fckleri T\u00fcrkiye\u2019den uzakla\u015ft\u0131rabilmek i\u00e7in fitne \u00e7\u0131kard\u0131\u011f\u0131n\u0131 belirterek; \u201cDo\u011fu&#8230;<\/p>\n","protected":false},"author":1,"featured_media":6921,"comment_status":"open","ping_status":"open","sticky":false,"template":"","format":"standard","meta":{"footnotes":""},"categories":[282],"tags":[],"class_list":["post-6920","post","type-post","status-publish","format-standard","has-post-thumbnail","hentry","category-turkistan-haberleri"],"_links":{"self":[{"href":"https:\/\/iuhrdf.org\/tr\/wp-json\/wp\/v2\/posts\/6920","targetHints":{"allow":["GET"]}}],"collection":[{"href":"https:\/\/iuhrdf.org\/tr\/wp-json\/wp\/v2\/posts"}],"about":[{"href":"https:\/\/iuhrdf.org\/tr\/wp-json\/wp\/v2\/types\/post"}],"author":[{"embeddable":true,"href":"https:\/\/iuhrdf.org\/tr\/wp-json\/wp\/v2\/users\/1"}],"replies":[{"embeddable":true,"href":"https:\/\/iuhrdf.org\/tr\/wp-json\/wp\/v2\/comments?post=6920"}],"version-history":[{"count":1,"href":"https:\/\/iuhrdf.org\/tr\/wp-json\/wp\/v2\/posts\/6920\/revisions"}],"predecessor-version":[{"id":6922,"href":"https:\/\/iuhrdf.org\/tr\/wp-json\/wp\/v2\/posts\/6920\/revisions\/6922"}],"wp:featuredmedia":[{"embeddable":true,"href":"https:\/\/iuhrdf.org\/tr\/wp-json\/wp\/v2\/media\/6921"}],"wp:attachment":[{"href":"https:\/\/iuhrdf.org\/tr\/wp-json\/wp\/v2\/media?parent=6920"}],"wp:term":[{"taxonomy":"category","embeddable":true,"href":"https:\/\/iuhrdf.org\/tr\/wp-json\/wp\/v2\/categories?post=6920"},{"taxonomy":"post_tag","embeddable":true,"href":"https:\/\/iuhrdf.org\/tr\/wp-json\/wp\/v2\/tags?post=6920"}],"curies":[{"name":"wp","href":"https:\/\/api.w.org\/{rel}","templated":true}]}}