{"id":6930,"date":"2017-01-20T04:42:24","date_gmt":"2017-01-19T20:42:24","guid":{"rendered":"http:\/\/www.iuhrdf.org\/tr\/?p=6930"},"modified":"2017-01-21T13:37:28","modified_gmt":"2017-01-21T05:37:28","slug":"rabia-kadir-hanimin-reina-teroristinin-sag-yakalanmasi-uzerine-basin-aciklamasi-reina-saldirisini-gerceklestiren-teroristi-yakalayan-turk-polislerini-tebrik-ederim","status":"publish","type":"post","link":"https:\/\/iuhrdf.org\/tr\/rabia-kadir-hanimin-reina-teroristinin-sag-yakalanmasi-uzerine-basin-aciklamasi-reina-saldirisini-gerceklestiren-teroristi-yakalayan-turk-polislerini-tebrik-ederim\/","title":{"rendered":"Rabia KAD\u0130R Han\u0131m\u0131n Reina ter\u00f6ristinin sa\u011f yakalanmas\u0131 \u00fczerine bas\u0131n a\u00e7\u0131klamas\u0131: Reina Sald\u0131r\u0131s\u0131n\u0131 Ger\u00e7ekle\u015ftiren Ter\u00f6risti Yakalayan T\u00fcrk Polislerini tebrik Ederim."},"content":{"rendered":"<p style=\"text-align: justify;\"><span style=\"font-weight: 400;\"><img loading=\"lazy\" decoding=\"async\" class=\"wp-image-6911 alignright\" src=\"https:\/\/iuhrdf.org\/tr\/wp-content\/uploads\/2017\/01\/reina-saldirisina-2-kisi-tutuklandi-8350346.jpeg\" alt=\"\" width=\"365\" height=\"205\" srcset=\"https:\/\/iuhrdf.org\/tr\/wp-content\/uploads\/2017\/01\/reina-saldirisina-2-kisi-tutuklandi-8350346.jpeg 606w, https:\/\/iuhrdf.org\/tr\/wp-content\/uploads\/2017\/01\/reina-saldirisina-2-kisi-tutuklandi-8350346-300x168.jpeg 300w\" sizes=\"auto, (max-width: 365px) 100vw, 365px\" \/>Reina katliam\u0131n\u0131 ger\u00e7ekle\u015ftiren ter\u00f6ristin tutukland\u0131\u011f\u0131 haberi, bu haberi sab\u0131rs\u0131zca bekleyen t\u00fcm Do\u011fu T\u00fcrkistanl\u0131lar\u2019\u0131, \u00f6zellikle de beni bir ka\u00e7 nedenle sevindirdi.<\/span><\/p>\n<p style=\"text-align: justify;\"><span style=\"font-weight: 400;\">En \u00e7ok sevindi\u011fim, ter\u00f6ristin canl\u0131 yakalanmas\u0131d\u0131r. Bu konuda, T\u00fcrk polisinin cesareti, g\u00f6revine olan sevgisi ve sorumlulu\u011funda kendi ifadesini bulmu\u015ftur. Ter\u00f6rist 39 ki\u015fiyi hi\u00e7 d\u00fc\u015f\u00fcnmeden vah\u015fice \u00f6ld\u00fcrm\u00fc\u015f biri olmas\u0131n\u0131n yan\u0131nda silah ta\u015f\u0131ma ihtimali oldu\u011fu, hatta DEA\u015e \u00fcyesi oldu\u011fu i\u00e7in kendini patlatabilme tehlikesi mevcut oldu\u011fu halde, polislerin bu tehlikeye kar\u015f\u0131 b\u00fcy\u00fck bir cesaretle ter\u00f6ristin yakaland\u0131\u011f\u0131 anda di\u011fer vatanda\u015flar\u0131n\u0131n g\u00fcvenli\u011fini sa\u011flayarak o caniyi canl\u0131 yakalamas\u0131 b\u00fcy\u00fck bir ba\u015far\u0131d\u0131r. Polislerin ter\u00f6risti yakalarken, silah g\u00fcc\u00fc kullanmadan yakalamas\u0131 T\u00fcrk polislerinin edindi\u011fi yetenek ve tecr\u00fcbelerinin sonucu olmaktan ba\u015fka, hukuk devleti, ahlak ilkeleri ve insanl\u0131k meselesidir.<\/span><\/p>\n<p style=\"text-align: justify;\"><span style=\"font-weight: 400;\">T\u00fcrk vatanda\u015flar\u0131 i\u00e7in bu t\u00fcr cesaret ve fazilet \u00f6rnekleri \u00e7ok normal olabilir. Ama bu \u00f6zellikler \u00a0\u00c7in H\u00fck\u00fcmeti\u2019nin iddia etti\u011fi \u2018\u2018Ter\u00f6re Kar\u015f\u0131 Operasyonlar\u201d nedeniyle yeterince ac\u0131 \u00e7ekmekte olan Uygur halk\u0131 i\u00e7in kar\u015f\u0131la\u015fabilecek normal bir durum de\u011fildir.<\/span><\/p>\n<p style=\"text-align: justify;\"><span style=\"font-weight: 400;\">\u00c7in h\u00fck\u00fcmeti 14 Kasim 2015 tarihinde, bir ma\u011farada saklanm\u0131\u015f olan 28 ter\u00f6ristin hepsini alev silah\u0131 ile tertemiz yok etti\u011fini a\u00e7\u0131klam\u0131\u015ft\u0131 (<a href=\"http:\/\/cn.rfi.fr\/%E4%B8%AD%E5%9B%BD\/20151114-%E6%96%B0%E7%96%86%E6%8B%9C%E5%9F%8E%E7%85%A4%E7%9F%BF%E5%87%B6%E6%9D%80%E6%A1%88%E5%91%8A%E7%A0%B4%E6%9A%B4%E6%81%90%E5%88%86%E5%AD%90%E8%A2%AB%E2%80%9C%E5%85%A8%E6%AD%BC%E2%80%9D\">Radio France Internationale<\/a> haberi). Haberde, bu \u2018\u2018Ter\u00f6ristlerin silahl\u0131 olmad\u0131klar\u0131, 56 g\u00fcn ka\u00e7t\u0131ktan sonra bitkin duruma d\u00fc\u015ft\u00fcklerini a\u00e7\u0131klad\u0131. Ancak alev silah\u0131 ile yak\u0131larak yok edilen bu ki\u015filerin aras\u0131nda 4 kad\u0131n ve 3 \u00e7o\u00e7uk oldu\u011funu gizlendi. \u00a0(<a href=\"http:\/\/www.rfa.org\/english\/news\/uyghur\/manhunt-11242015174308.html?searchterm:utf8:ustring=shohret+hoshur\">RFA \/ \u00d6zg\u00fcr Asya Radyosu Haberi<\/a>).<\/span><\/p>\n<p style=\"text-align: justify;\"><span style=\"font-weight: 400;\">E\u011fer \u00c7in polislerinde T\u00fcrk polisleri kadar cesaret ve fedakarl\u0131k olsayd\u0131, ma\u011fara i\u00e7indeki bu \u201cg\u00fcc\u00fcn\u00fc kaybetmi\u015f s\u00f6zde \u00a0ter\u00f6ristleri\u201d tamam\u0131yla canl\u0131 yakalamak m\u00fcmk\u00fcnd\u00fc. T\u00fcrk polislerin DEA\u015e\u2019\u00e7\u0131 katilin e\u015fine g\u00f6sterdi\u011fi hukuki muameleleri, \u00c7in polisleri \u201cAksu \u015fehrindeki Bay K\u00f6m\u00fcr Madeni Olay\u0131nda\u201d s\u00f6z\u00fcm ona- \u2018\u2018Ter\u00f6ristlerin\u2019\u2019 e\u015flerine ve \u00e7ocuklar\u0131na g\u00f6steremedi. \u00a0<\/span><\/p>\n<p style=\"text-align: justify;\"><span style=\"font-weight: 400;\">Zannediyorum, e\u011fer Esenyurt\u2019taki katilin yakaland\u0131\u011f\u0131 ortamda \u00c7in polisleri olsayd\u0131, b\u00fct\u00fcn bina silahl\u0131 kuvvetler ve tanklar taraf\u0131ndan ku\u015fat\u0131lm\u0131\u015f olacakt\u0131. \u00c7in polisleri ev i\u00e7ine girmeden, evi bombalam\u0131\u015f veya eve kur\u015fun ya\u011fd\u0131rm\u0131\u015f olacakt\u0131. \u015eu anda Do\u011fu T\u00fcrkistan\u2019da benzeri olaylar ya\u015fanmaktad\u0131r.<\/span><\/p>\n<p style=\"text-align: justify;\"><span style=\"font-weight: 400;\">Reina sald\u0131r\u0131s\u0131n\u0131 ger\u00e7ekle\u015ftiren katilin tutuklanma s\u00fcrecinde, T\u00fcrkiye kendisinin bir \u201cHukuk Devleti\u201d oldu\u011funu bir daha kan\u0131tlam\u0131\u015f oldu. Olay ger\u00e7ekle\u015ftikten sonraki t\u00fcm detaylar a\u00e7\u0131kland\u0131.<\/span><\/p>\n<p style=\"text-align: justify;\"><span style=\"font-weight: 400;\">Olayla ilgili \u015f\u00fcpheli ki\u015filer Uygurlar\u2019\u0131n toplu olarak ya\u015fad\u0131\u011f\u0131 mahallede bulunmu\u015f olsa da, Uygurlar \u00fczerinde keyfi tutuklama, haks\u0131z g\u00f6z alt\u0131na al\u0131nmalar olmad\u0131.<\/span><\/p>\n<p style=\"text-align: justify;\"><span style=\"font-weight: 400;\">B\u00f6yle olmas\u0131 tabi ki T\u00fcrk vatanda\u015f\u0131 olarak ya\u015famakta olan karde\u015flerimiz i\u00e7in normal yasal uygulamalar dahilindedir. Hakikaten b\u00f6yle durumu, kendi topra\u011f\u0131nda, 15 senedir -s\u00f6zde- \u2018\u2018Ter\u00f6re kar\u015f\u0131 sert darbe vuru\u015f dalgas\u0131\u2019\u2019 ad\u0131nda zul\u00fcm uygulanmakta olan Do\u011fu T\u00fcrkistanl\u0131lar\u2019\u0131n g\u00f6rmesi imkans\u0131zd\u0131r.<\/span><\/p>\n<p style=\"text-align: justify;\"><span style=\"font-weight: 400;\">\u0130\u015fgalci \u00c7in haber kaynaklar\u0131 bu ay\u0131n 8. g\u00fcn\u00fc (Ocak 2017) \u00fc\u00e7 ka\u00e7ak \u015f\u00fcpheliyi vurarak \u00f6ld\u00fcrd\u00fcklerini bildirdi. Haberde vurulanlar\u0131n 2015 y\u0131l\u0131nda Guma\u2019da ger\u00e7ekle\u015fen \u201c22 Nisan Ter\u00f6r Olay\u0131\u201d ile ilgili olduklar\u0131 yaz\u0131ld\u0131. Ancak -i\u015fin ilgin\u00e7 taraf\u0131- 22 Nisan Olay\u0131 diye bir olay 19 ayd\u0131r hi\u00e7 haber yap\u0131lm\u0131\u015f de\u011fil idi. Olay\u0131n ayr\u0131nt\u0131lar\u0131 hi\u00e7 de\u011filse ka\u00e7 ki\u015finin \u00f6ld\u00fc\u011f\u00fc ve \u015f\u00fcphelilerin kimlikleri sadece d\u00fcnya kamuoyu i\u00e7in de\u011fil, \u00c7in Halk\u0131na da Uygur Halk\u0131na da bir s\u0131r olmaya devam etmekte. Belki de sadece olay\u0131n ortaya \u00e7\u0131kt\u0131\u011f\u0131 mahalledeki halk\u0131n bir \u015feyler bilmesi m\u00fcmk\u00fcn.<\/span><\/p>\n<p style=\"text-align: justify;\"><span style=\"font-weight: 400;\">Ben, \u0130\u015fgalci \u00c7in\u2019in -s\u00f6z\u00fcm ona- Ter\u00f6re kar\u015f\u0131 operasyonlar\u0131nda evlatlar\u0131n\u0131n katledilmesi facias\u0131ndan da \u00f6te evlatlar\u0131n\u0131n cesedine hatta onlar hakk\u0131nda bir habere bile sahip olmayan bir halk\u0131n anas\u0131 ve Uluslararas\u0131 Toplumdaki Temsilcisi s\u0131fat\u0131mla, T\u00fcrkiye\u2019nin Reina ter\u00f6risti ile ilgili y\u00fcr\u00fctt\u00fc\u011f\u00fc operasyondaki intizam, ahlak ve hukuk devleti ilkelerine uymadaki hassasiyetini g\u0131pta ve sayg\u0131 ile g\u00f6zlemledim.<\/span><\/p>\n<p style=\"text-align: justify;\"><span style=\"font-weight: 400;\">\u00c7in D\u0131\u015fi\u015fleri s\u00f6zc\u00fcs\u00fc birka\u00e7 g\u00fcn \u00f6nce Reina ter\u00f6r\u00fc s\u00fcrecini dikkat ile g\u00f6zlemlediklerini a\u00e7\u0131klad\u0131. Elbette bu \u015fa\u015f\u0131rt\u0131c\u0131 bir durum de\u011fil. \u00dcmit ederim ki \u00a0bu s\u00fcreci dikkat ile g\u00f6zlemekte olan \u00c7inli i\u015fgalciler, sald\u0131r\u0131 meseleleri hakk\u0131nda kamuoyuna haber ula\u015ft\u0131rma, ter\u00f6r \u015f\u00fcphelileri hakk\u0131ndaki i\u015flemleri y\u00fcr\u00fctme y\u00f6n\u00fcyle etik ve yasal olman\u0131n ne demek oldu\u011funun bilincine varm\u0131\u015flard\u0131r.<\/span><\/p>\n<p style=\"text-align: justify;\"><span style=\"font-weight: 400;\">Ge\u00e7ti\u011fimiz 17 g\u00fcn i\u00e7inde T\u00fcrkiye\u2019deki birtak\u0131m Medya kurulu\u015flar\u0131 Reina ter\u00f6ristini Uygurlar ile ili\u015fkilendiren sorumsuz bir tak\u0131m haberleri yay\u0131nlam\u0131\u015f olsalar da, T\u00fcrk halk\u0131n\u0131n Uygurlar\u2019a olan sevgi, dostluk ve karde\u015fli\u011finde hi\u00e7 bir sars\u0131nt\u0131 olmad\u0131.<\/span><\/p>\n<p style=\"text-align: justify;\"><span style=\"font-weight: 400;\">Netice itibariyle T\u00fcrkiye\u2019deki Uygurlardan toplum i\u00e7inde bask\u0131ya ve tehdide u\u011frayan \u00a0hi\u00e7 kimse olmad\u0131. T\u00fcrk halk\u0131na, Uygur T\u00fcrklerine kar\u015f\u0131 olan \u00a0sevgi, muhabbet ve karde\u015flik duygular\u0131ndan dolay\u0131 ayr\u0131ca minnettarl\u0131\u011f\u0131m\u0131 bildiriyorum.<\/span><\/p>\n<p style=\"text-align: justify;\"><span style=\"font-weight: 400;\">Ba\u015fbakan Yard\u0131mc\u0131s\u0131 Say\u0131n Veysi \u00a0Kaynak bey DUK Ba\u015fkan Yard\u0131mc\u0131s\u0131 Say\u0131n Seyit T\u00fcmt\u00fcrk Beyefendiye kamuoyu ile payla\u015f\u0131lan bir mektup g\u00f6nderdi. Reina Ter\u00f6r Olay\u0131 ile ilgili yap\u0131lan baz\u0131 haberler dolay\u0131s\u0131yla Uygur toplumunda olu\u015fan \u00fcz\u00fcnt\u00fc ve negatif hislerin d\u00fczelmesi i\u00e7in \u00e7aba sarf etti. Bir devlet adam\u0131 ciddiyeti ve sorumlulu\u011funa yak\u0131\u015f\u0131r nezaketleri i\u00e7inde Say\u0131n Kaynak\u2019a minnettarl\u0131\u011f\u0131m\u0131 bildiriyorum.<\/span><\/p>\n<p style=\"text-align: justify;\"><span style=\"font-weight: 400;\">Reina ter\u00f6ristinin sa\u011f olarak yakalanmas\u0131ndan sonra \u00a0onun iddia edildi\u011fi gibi Uygur olmad\u0131\u011f\u0131n\u0131n ortaya \u00e7\u0131kmas\u0131ndan sonra \u0130ki haftadan beri \u00c7in medyas\u0131nda verilen sahte haberlerde yalanlanm\u0131\u015f oldu. \u0130\u015fgalci \u00c7inli yetkililerin bu Reina katliam\u0131ndan umduklar\u0131 f\u0131rsat ve beklentileri de suya d\u00fc\u015ft\u00fc. Elbette bundan dolay\u0131 iftirac\u0131lara f\u0131rsat vermeyen kahraman T\u00fcrk polislerine minnettar\u0131m.<\/span><\/p>\n<p style=\"text-align: justify;\"><span style=\"font-weight: 400;\">Biz Uygurlar hakl\u0131 davam\u0131z i\u00e7in ge\u00e7mi\u015fte oldu\u011fu gibi bundan sonra da T\u00fcrkiye\u2019den politik, sosyal ve k\u00fclt\u00fcrel alanlarda yard\u0131m umuyoruz.<\/span><\/p>\n<p style=\"text-align: justify;\"><span style=\"font-weight: 400;\">Ancak bizim i\u00e7in bundan daha \u00f6nemli olan.En b\u00fcy\u00fck umudumuz ve dayana\u011f\u0131m\u0131z olan T\u00fcrkiye Cumhuriyeti Devleti\u2019nin bek\u00e2s\u0131 ve T\u00fcrk Milleti\u2019nin g\u00fcvenli\u011fidir.<\/span><\/p>\n<p style=\"text-align: justify;\"><span style=\"font-weight: 400;\">T\u00fcrkiye bizim can\u0131m\u0131z\u0131n ruhudur. Allah T\u00fcrkiye\u2019yi korusun!<\/span><\/p>\n<p style=\"text-align: justify;\">17 Ocak, \u00a02017<\/p>\n<p>&nbsp;<\/p>\n","protected":false},"excerpt":{"rendered":"<p>Reina katliam\u0131n\u0131 ger\u00e7ekle\u015ftiren ter\u00f6ristin tutukland\u0131\u011f\u0131 haberi, bu haberi sab\u0131rs\u0131zca bekleyen t\u00fcm Do\u011fu T\u00fcrkistanl\u0131lar\u2019\u0131, \u00f6zellikle de beni bir ka\u00e7 nedenle sevindirdi. En \u00e7ok sevindi\u011fim, ter\u00f6ristin canl\u0131 yakalanmas\u0131d\u0131r. Bu konuda, T\u00fcrk polisinin&#8230;<\/p>\n","protected":false},"author":1,"featured_media":6911,"comment_status":"open","ping_status":"open","sticky":false,"template":"","format":"standard","meta":{"footnotes":""},"categories":[1],"tags":[],"class_list":["post-6930","post","type-post","status-publish","format-standard","has-post-thumbnail","hentry","category-cin-haberleri"],"_links":{"self":[{"href":"https:\/\/iuhrdf.org\/tr\/wp-json\/wp\/v2\/posts\/6930","targetHints":{"allow":["GET"]}}],"collection":[{"href":"https:\/\/iuhrdf.org\/tr\/wp-json\/wp\/v2\/posts"}],"about":[{"href":"https:\/\/iuhrdf.org\/tr\/wp-json\/wp\/v2\/types\/post"}],"author":[{"embeddable":true,"href":"https:\/\/iuhrdf.org\/tr\/wp-json\/wp\/v2\/users\/1"}],"replies":[{"embeddable":true,"href":"https:\/\/iuhrdf.org\/tr\/wp-json\/wp\/v2\/comments?post=6930"}],"version-history":[{"count":2,"href":"https:\/\/iuhrdf.org\/tr\/wp-json\/wp\/v2\/posts\/6930\/revisions"}],"predecessor-version":[{"id":6932,"href":"https:\/\/iuhrdf.org\/tr\/wp-json\/wp\/v2\/posts\/6930\/revisions\/6932"}],"wp:featuredmedia":[{"embeddable":true,"href":"https:\/\/iuhrdf.org\/tr\/wp-json\/wp\/v2\/media\/6911"}],"wp:attachment":[{"href":"https:\/\/iuhrdf.org\/tr\/wp-json\/wp\/v2\/media?parent=6930"}],"wp:term":[{"taxonomy":"category","embeddable":true,"href":"https:\/\/iuhrdf.org\/tr\/wp-json\/wp\/v2\/categories?post=6930"},{"taxonomy":"post_tag","embeddable":true,"href":"https:\/\/iuhrdf.org\/tr\/wp-json\/wp\/v2\/tags?post=6930"}],"curies":[{"name":"wp","href":"https:\/\/api.w.org\/{rel}","templated":true}]}}