{"id":6933,"date":"2017-01-20T22:22:28","date_gmt":"2017-01-20T14:22:28","guid":{"rendered":"http:\/\/www.iuhrdf.org\/tr\/?p=6933"},"modified":"2017-01-20T22:34:36","modified_gmt":"2017-01-20T14:34:36","slug":"dunya-uygur-kongresi-baskani-kadirden-turk-polisine-tesekkur","status":"publish","type":"post","link":"https:\/\/iuhrdf.org\/tr\/dunya-uygur-kongresi-baskani-kadirden-turk-polisine-tesekkur\/","title":{"rendered":"D\u00fcnya Uygur Kongresi Ba\u015fkan\u0131 Kadir&#8217;den T\u00fcrk polisine te\u015fekk\u00fcr"},"content":{"rendered":"<div id=\"attachment_6744\" style=\"width: 337px\" class=\"wp-caption alignright\"><img loading=\"lazy\" decoding=\"async\" aria-describedby=\"caption-attachment-6744\" class=\" wp-image-6744\" src=\"https:\/\/iuhrdf.org\/tr\/wp-content\/uploads\/2017\/01\/Ms-Kadeer.jpg\" alt=\"\" width=\"327\" height=\"436\" srcset=\"https:\/\/iuhrdf.org\/tr\/wp-content\/uploads\/2017\/01\/Ms-Kadeer.jpg 500w, https:\/\/iuhrdf.org\/tr\/wp-content\/uploads\/2017\/01\/Ms-Kadeer-225x300.jpg 225w\" sizes=\"auto, (max-width: 327px) 100vw, 327px\" \/><p id=\"caption-attachment-6744\" class=\"wp-caption-text\">SAMSUNG DIGITAL CAMERA<\/p><\/div>\n<p class=\"selectionShareable\" style=\"text-align: justify;\"><strong>D\u00fcnya Uygur Kongresi Ba\u015fkan\u0131 Kadir&#8217;den T\u00fcrk polisine te\u015fekk\u00fcr<\/strong><\/p>\n<p class=\"selectionShareable\" style=\"text-align: justify;\">Oktay ENSAR\u0130\/KAYSER\u0130 (DHA)-D\u00dcNYA Uygur Kongresi Ba\u015fkan\u0131 <a class=\"keywords\" href=\"http:\/\/www.hurriyet.com.tr\/index\/rabia-kadir\" target=\"_blank\">Rabia Kadir<\/a>, \u0130stanbul\u2019da Reina katliam\u0131n\u0131 ger\u00e7ekle\u015ftiren \u00d6zbek ter\u00f6rist Abdulgadir Masharipov\u2019u sa\u011f yakalayan T\u00fcrk polisine, kongre ve Uygur T\u00fcrkleri ad\u0131na te\u015fekk\u00fcr etti.<br \/>\nAmerika\u2019da bulunan Rabia Kadir, genel merkezi Kayseri\u2019de bulunan Do\u011fu T\u00fcrkistanl\u0131lar Derne\u011fi arac\u0131l\u0131\u011f\u0131yla yay\u0131nlad\u0131\u011f\u0131 mesaj\u0131nda, &#8220;Reina sald\u0131r\u0131s\u0131n\u0131 ger\u00e7ekle\u015ftiren ter\u00f6risti yakalayan T\u00fcrk polislerini tebrik ederim. Reina katliam\u0131n\u0131 ger\u00e7ekle\u015ftiren ter\u00f6ristin g\u00f6zalt\u0131na al\u0131nd\u0131\u011f\u0131 haberi, bu haberi sab\u0131rs\u0131zca bekleyen t\u00fcm Do\u011fu T\u00fcrkistanl\u0131lar\u2019\u0131, \u00f6zellikle de beni birka\u00e7 nedenle sevindirdi. En \u00e7ok sevindi\u011fim, ter\u00f6ristin canl\u0131 yakalanmas\u0131d\u0131r. Bu konuda, T\u00fcrk polisinin cesareti, g\u00f6revine olan sevgisi ve sorumlulu\u011funda kendi ifadesini bulmu\u015ftur&#8221; ifadelerine yer verdi.<br \/>\nT\u00dcRK\u0130YE B\u0130R HUKUK DEVLET\u0130<br \/>\nD\u00fcnya Uygur Kongresi Ba\u015fkan\u0131 Rabia Kadir, mesaj\u0131n\u0131 \u015f\u00f6yle s\u00fcrd\u00fcrd\u00fc:<br \/>\n&#8220;Ter\u00f6rist 39 ki\u015fiyi hi\u00e7 d\u00fc\u015f\u00fcnmeden vah\u015fice \u00f6ld\u00fcrm\u00fc\u015f biri olmas\u0131n\u0131n yan\u0131nda silah ta\u015f\u0131ma ihtimali oldu\u011fu, hatta <a class=\"keywords\" href=\"http:\/\/www.hurriyet.com.tr\/index\/deas\" target=\"_blank\">DEA\u015e<\/a> \u00fcyesi oldu\u011fu i\u00e7in kendini patlatabilme tehlikesi mevcut oldu\u011fu halde, polislerin bu tehlikeye kar\u015f\u0131 b\u00fcy\u00fck bir cesaretle ter\u00f6ristin yakaland\u0131\u011f\u0131 anda di\u011fer vatanda\u015flar\u0131n\u0131n g\u00fcvenli\u011fini sa\u011flayarak o caniyi canl\u0131 yakalamas\u0131 b\u00fcy\u00fck bir ba\u015far\u0131d\u0131r. Polislerin ter\u00f6risti yakalarken, silah g\u00fcc\u00fc kullanmadan yakalamas\u0131 T\u00fcrk polislerinin edindi\u011fi yetenek ve tecr\u00fcbelerinin sonucu olmaktan ba\u015fka, hukuk devleti, ahlak ilkeleri ve insanl\u0131k meselesidir. Ben, \u0130\u015fgalci \u00c7in\u2019in -s\u00f6z\u00fcm ona- Ter\u00f6re kar\u015f\u0131 operasyonlar\u0131nda evlatlar\u0131n\u0131n katledilmesi facias\u0131ndan da \u00f6te evlatlar\u0131n\u0131n cesedine hatta onlar hakk\u0131nda bir habere bile sahip olmayan bir halk\u0131n anas\u0131 ve Uluslararas\u0131 Toplumdaki Temsilcisi s\u0131fat\u0131mla, T\u00fcrkiye\u2019nin Reina ter\u00f6risti ile ilgili y\u00fcr\u00fctt\u00fc\u011f\u00fc operasyondaki intizam, ahlak ve hukuk devleti ilkelerine uymadaki hassasiyetini g\u0131pta ve sayg\u0131 ile g\u00f6zlemledim.&#8221;<br \/>\nT\u00dcRK POL\u0130S\u0130NE M\u0130NNETTARIZ<br \/>\nKatilin yakalanmas\u0131 s\u00fcrecinde, T\u00fcrkiye\u2019nin bir hukuk devleti oldu\u011funu bir daha kan\u0131tlam\u0131\u015f oldu\u011funu belirten Kadir, mesaj\u0131n\u0131 \u015f\u00f6yle tamamlad\u0131:<br \/>\n&#8220;T\u00fcrkiye\u2019deki birtak\u0131m medya kurulu\u015flar\u0131 Reina ter\u00f6ristini Uygurlar ile ili\u015fkilendiren sorumsuz bir tak\u0131m haberleri yay\u0131nlam\u0131\u015f olsalar da, T\u00fcrk halk\u0131n\u0131n Uygurlar\u2019a olan sevgi, dostluk ve karde\u015fli\u011finde hi\u00e7bir sars\u0131nt\u0131 olmad\u0131. Reina ter\u00f6ristinin sa\u011f olarak yakalanmas\u0131ndan sonra, onun iddia edildi\u011fi gibi Uygur olmad\u0131\u011f\u0131n\u0131n ortaya \u00e7\u0131kmas\u0131ndan sonra iki haftadan beri \u00c7in medyas\u0131nda verilen sahte haberler de yalanlanm\u0131\u015f oldu. \u0130\u015fgalci \u00c7inli yetkililerin bu Reina katliam\u0131ndan umduklar\u0131 f\u0131rsat ve beklentileri de suya d\u00fc\u015ft\u00fc. Elbette bundan dolay\u0131 iftirac\u0131lara f\u0131rsat vermeyen kahraman T\u00fcrk polislerine minnettar\u0131m. Biz Uygurlar hakl\u0131 davam\u0131z i\u00e7in ge\u00e7mi\u015fte oldu\u011fu gibi bundan sonra da T\u00fcrkiye\u2019den politik, sosyal ve k\u00fclt\u00fcrel alanlarda yard\u0131m umuyoruz. Ancak, bizim i\u00e7in bundan daha \u00f6nemli olan en b\u00fcy\u00fck umudumuz ve dayana\u011f\u0131m\u0131z olan T\u00fcrkiye Cumhuriyeti Devleti\u2019nin bekas\u0131 ve T\u00fcrk milletinin g\u00fcvenli\u011fidir. T\u00fcrkiye bizim can\u0131m\u0131z\u0131n ruhudur. Allah T\u00fcrkiye\u2019yi korusun.&#8221;<\/p>\n<p class=\"selectionShareable\" style=\"text-align: justify;\">Kaynak: <a href=\"http:\/\/www.hurriyet.com.tr\/dunya-uygur-kongresi-baskani-kadirden-turk-pol-40341279\">H\u00fcrriyet Gazetesi<\/a><\/p>\n","protected":false},"excerpt":{"rendered":"<p>D\u00fcnya Uygur Kongresi Ba\u015fkan\u0131 Kadir&#8217;den T\u00fcrk polisine te\u015fekk\u00fcr Oktay ENSAR\u0130\/KAYSER\u0130 (DHA)-D\u00dcNYA Uygur Kongresi Ba\u015fkan\u0131 Rabia Kadir, \u0130stanbul\u2019da Reina katliam\u0131n\u0131 ger\u00e7ekle\u015ftiren \u00d6zbek ter\u00f6rist Abdulgadir Masharipov\u2019u sa\u011f yakalayan T\u00fcrk polisine, kongre ve&#8230;<\/p>\n","protected":false},"author":1,"featured_media":6911,"comment_status":"open","ping_status":"open","sticky":false,"template":"","format":"standard","meta":{"footnotes":""},"categories":[282],"tags":[],"class_list":["post-6933","post","type-post","status-publish","format-standard","has-post-thumbnail","hentry","category-turkistan-haberleri"],"_links":{"self":[{"href":"https:\/\/iuhrdf.org\/tr\/wp-json\/wp\/v2\/posts\/6933","targetHints":{"allow":["GET"]}}],"collection":[{"href":"https:\/\/iuhrdf.org\/tr\/wp-json\/wp\/v2\/posts"}],"about":[{"href":"https:\/\/iuhrdf.org\/tr\/wp-json\/wp\/v2\/types\/post"}],"author":[{"embeddable":true,"href":"https:\/\/iuhrdf.org\/tr\/wp-json\/wp\/v2\/users\/1"}],"replies":[{"embeddable":true,"href":"https:\/\/iuhrdf.org\/tr\/wp-json\/wp\/v2\/comments?post=6933"}],"version-history":[{"count":2,"href":"https:\/\/iuhrdf.org\/tr\/wp-json\/wp\/v2\/posts\/6933\/revisions"}],"predecessor-version":[{"id":6935,"href":"https:\/\/iuhrdf.org\/tr\/wp-json\/wp\/v2\/posts\/6933\/revisions\/6935"}],"wp:featuredmedia":[{"embeddable":true,"href":"https:\/\/iuhrdf.org\/tr\/wp-json\/wp\/v2\/media\/6911"}],"wp:attachment":[{"href":"https:\/\/iuhrdf.org\/tr\/wp-json\/wp\/v2\/media?parent=6933"}],"wp:term":[{"taxonomy":"category","embeddable":true,"href":"https:\/\/iuhrdf.org\/tr\/wp-json\/wp\/v2\/categories?post=6933"},{"taxonomy":"post_tag","embeddable":true,"href":"https:\/\/iuhrdf.org\/tr\/wp-json\/wp\/v2\/tags?post=6933"}],"curies":[{"name":"wp","href":"https:\/\/api.w.org\/{rel}","templated":true}]}}