{"id":6936,"date":"2017-01-21T13:41:16","date_gmt":"2017-01-21T05:41:16","guid":{"rendered":"http:\/\/www.iuhrdf.org\/tr\/?p=6936"},"modified":"2017-01-21T13:42:20","modified_gmt":"2017-01-21T05:42:20","slug":"reinadan-turkistana-uzanan-tehlike","status":"publish","type":"post","link":"https:\/\/iuhrdf.org\/tr\/reinadan-turkistana-uzanan-tehlike\/","title":{"rendered":"&#8220;Reina&#8221;dan T\u00fcrkistan&#8217;a uzanan tehlike&#8230;"},"content":{"rendered":"<div id=\"attachment_6937\" style=\"width: 195px\" class=\"wp-caption alignright\"><img loading=\"lazy\" decoding=\"async\" aria-describedby=\"caption-attachment-6937\" class=\"wp-image-6937 \" src=\"https:\/\/iuhrdf.org\/tr\/wp-content\/uploads\/2017\/01\/421_b.jpg\" width=\"185\" height=\"185\" srcset=\"https:\/\/iuhrdf.org\/tr\/wp-content\/uploads\/2017\/01\/421_b.jpg 200w, https:\/\/iuhrdf.org\/tr\/wp-content\/uploads\/2017\/01\/421_b-150x150.jpg 150w, https:\/\/iuhrdf.org\/tr\/wp-content\/uploads\/2017\/01\/421_b-65x65.jpg 65w\" sizes=\"auto, (max-width: 185px) 100vw, 185px\" \/><p id=\"caption-attachment-6937\" class=\"wp-caption-text\">K\u00fcr\u015fad ZORLU<\/p><\/div>\n<p style=\"text-align: justify;\">Y\u0131lba\u015f\u0131 gecesi \u0130stanbul&#8217;un \u00fcnl\u00fc gece kul\u00fcb\u00fc Reina&#8217;ya d\u00fczenlenen ve 39 ki\u015finin hayat\u0131n\u0131 kaybetti\u011fi sald\u0131r\u0131 sebep ve sonu\u00e7lar\u0131yla birlikte de\u011ferlendirildi\u011finde T\u00fcrkiye&#8217;ye y\u00f6nelen sistematik ku\u015fatman\u0131n boyutlar\u0131 daha iyi anla\u015f\u0131lmaktad\u0131r. B\u00f6ylesine kanl\u0131 bir ter\u00f6r olay\u0131 sonras\u0131nda ka\u00e7an ter\u00f6ristin bulunmas\u0131 i\u00e7in Emniyet birimlerimiz yo\u011fun bir \u00e7al\u0131\u015fma ba\u015flatt\u0131 ve neticesinde ter\u00f6risti canl\u0131 yakalamay\u0131 ba\u015fard\u0131. Rus\u00e7a, Arap\u00e7a, \u00c7ince ve \u00d6zbek\u00e7e <em>(\u00d6zbekistan T\u00fcrk\u00e7esi) <\/em>bildi\u011fi anla\u015f\u0131lan ter\u00f6ristin ilk ifadesine g\u00f6re sald\u0131r\u0131n\u0131n arkas\u0131nda DEA\u015e oldu\u011fu kesinle\u015fti. Al\u0131nan tedbirler \u00e7er\u00e7evesinde \u00e7e\u015fitli g\u00f6zalt\u0131lar ve tutuklamalar ger\u00e7ekle\u015fti. Belirtilmeli ki dili, dini, milleti ne olursa olsun bunu yapanlar en a\u011f\u0131r \u015fekilde cezaland\u0131r\u0131lmal\u0131. \u00dcstelik sadece ma\u015falar de\u011fil sald\u0131r\u0131n\u0131n arkas\u0131ndaki g\u00fc\u00e7ler de netle\u015ftirilmeli.<\/p>\n<p style=\"text-align: justify;\">\n<p style=\"text-align: justify;\">Fakat bir de meselenin son derece hassas olan, T\u00fcrk D\u00fcnyas\u0131n\u0131 ilgilendiren boyutu var.<\/p>\n<p style=\"text-align: justify;\">Zira bu ter\u00f6r sald\u0131r\u0131s\u0131n\u0131 ger\u00e7ekle\u015ftirenin \u00f6nce bir Kazak, sonra bir K\u0131rg\u0131z, ard\u0131ndan bir Do\u011fu T\u00fcrkistanl\u0131 olabilece\u011fi <em>(g\u00fc\u00e7l\u00fc \u015f\u00fcpheler seslendirilir) <\/em>seslendirildi. Kimi haber ve a\u00e7\u0131klamalarda <strong>&#8220;K\u0131rg\u0131z m\u0131 \u00d6zbek mi?&#8221;<\/strong> sorusu yo\u011funla\u015f\u0131nca K\u0131rg\u0131zistan D\u0131\u015fi\u015fleri Bakanl\u0131\u011f\u0131 <strong>&#8220;\u0130lk incelemelerimize g\u00f6re, bu \u015f\u00fcpheli bir bilgi ancak ara\u015ft\u0131rmaya devam ediyoruz.&#8221;<\/strong> demek zorunda kald\u0131.<\/p>\n<p style=\"text-align: justify;\">Haberler servis edilmeye ve sosyal medyada yay\u0131lmaya ba\u015flan\u0131nca ilk olarak bir Kazak sald\u0131r\u0131ya u\u011frad\u0131. Sonra K\u0131rg\u0131z as\u0131ll\u0131 birisinin foto\u011fraf\u0131 d\u00fc\u015ft\u00fc sosyal medyaya. Her ikisinin de ter\u00f6rist olmad\u0131\u011f\u0131 k\u0131sa s\u00fcrede anla\u015f\u0131ld\u0131. 5 Ocak&#8217;ta H\u00fck\u00fcmet \u00fcyesi Veysi Kaynak sald\u0131rgan\u0131n b\u00fcy\u00fck ihtimal Uygur oldu\u011funu a\u00e7\u0131klad\u0131. Ayn\u0131 g\u00fcn d\u00fcnyaca \u00fcnl\u00fc Reuters haber ajans\u0131 bu a\u00e7\u0131klamaya dayanarak<em> &#8220;Uygurlar, \u00c7in&#8217;in bat\u0131s\u0131nda b\u00fcy\u00fck \u00f6l\u00e7\u00fcde M\u00fcsl\u00fcman ve T\u00fcrk\u00e7e konu\u015fan bir az\u0131nl\u0131kt\u0131r; T\u00fcrkiye genelinde \u00f6nemli sivil toplum kurulu\u015flar\u0131 bulunmaktad\u0131r.&#8221;<\/em> diyerek hem Do\u011fu T\u00fcrkistan T\u00fcrkl\u00fc\u011f\u00fcn\u00fc hem de tabii olarak onlar\u0131n T\u00fcrkiye&#8217;deki legal faaliyetlerine imkan tan\u0131yan T\u00fcrkiye&#8217;yi bir y\u00f6n\u00fcyle t\u00f6hmet alt\u0131nda b\u0131rakm\u0131\u015f oldu. \u0130ngiliz The Guardian gazetesi <strong>&#8220;katil, \u00e7o\u011funlu\u011fu M\u00fcsl\u00fcman ve T\u00fcrk\u00e7e konu\u015fan bir gruba \u00fcye&#8221;<\/strong> \u015feklinde giri\u015f c\u00fcmlesi ile ter\u00f6rizm ve \u0130slam aras\u0131ndaki ili\u015fkiyi bu kez de T\u00fcrk\u00e7e konu\u015fmak ile ili\u015fkilendirmekten geri kalmad\u0131.<\/p>\n<p style=\"text-align: justify;\"><strong><u>Ter\u00f6rist her yerde ter\u00f6risttir<\/u><\/strong><\/p>\n<p style=\"text-align: justify;\">Sald\u0131r\u0131n\u0131n ard\u0131ndan The Times&#8217;ta yay\u0131nlanan bir de\u011ferlendirmede olay\u0131n Orta Asya ile ili\u015fkisi \u00fczerinde duruldu. Yaz\u0131da DEA\u015e&#8217;in 2015&#8217;te yay\u0131nlad\u0131\u011f\u0131 bir videoda <strong>&#8220;en ya\u015fl\u0131 sava\u015f\u00e7\u0131&#8221; <\/strong>olarak tan\u0131tt\u0131\u011f\u0131 Do\u011fu T\u00fcrkistan as\u0131ll\u0131 Muhammed Amin&#8217;den bahsedilmekte ve Amin&#8217;in \u00c7in&#8217;in Uygur T\u00fcrklerine olan bask\u0131s\u0131ndan kurtulmak i\u00e7in e\u015fi ve \u00e7ocuklar\u0131yla DEA\u015e saflar\u0131na kat\u0131ld\u0131\u011f\u0131 belirtilmekteydi. Onlara g\u00f6re bu durum Reina sald\u0131r\u0131s\u0131n\u0131 ger\u00e7ekle\u015ftiren katil ile benzerlik g\u00f6steriyordu. Gulf State Analytics Ara\u015ft\u0131rma \u015eirketi&#8217;nden Theodore Karashik&#8217;in, <strong>&#8220;DEA\u015e&#8217;\u0131n Orta Asya konusunda ciddi bir stratejisi oldu\u011fu ve T\u00fcrkiye&#8217;deki istikrars\u0131zl\u0131\u011f\u0131 art\u0131r\u0131p Orta Asya&#8217;da daha fazla destek \u00e7ekmeye, militan dev\u015firme \u00e7al\u0131\u015ft\u0131\u011f\u0131&#8221;<\/strong> y\u00f6n\u00fcndeki g\u00f6r\u00fc\u015f\u00fc en \u00f6nemli de\u011ferlendirmeler aras\u0131ndayd\u0131. \u00c7\u00fcnk\u00fc T\u00fcrk Cumhuriyetleri, \u00f6zellikle Orta Asya \u00fclkeleri ve Rusya Federasyonu b\u00fcnyesindeki T\u00fcrk topluluklar\u0131 DEA\u015e&#8217;\u0131n insan kayna\u011f\u0131 i\u00e7in hedefledi\u011fi b\u00f6lgeler. Anla\u015f\u0131ld\u0131 ki yakalanan ter\u00f6rist \u00d6zbekistan&#8217;da da aran\u0131yormu\u015f. K\u0131rg\u0131z, Kazak, T\u00fcrkmen de olsa bu de\u011fi\u015fmez. Ter\u00f6rist her yerde ter\u00f6risttir. Ve emin olunsun ki T\u00fcrk Cumhuriyetleri a\u015f\u0131r\u0131c\u0131l\u0131\u011fa, radikal e\u011filimlere kar\u015f\u0131 y\u00fczy\u0131llard\u0131r m\u00fccadele etmi\u015f bir siyasal k\u00fclt\u00fcrel zeminde bulunuyor. Bug\u00fcn en b\u00fcy\u00fck tehlike kendi \u00fclkeleriyle ilgili. Bir ara\u015ft\u0131rmaya g\u00f6re Suriye ve Irak&#8217;ta 13 ayda 1112 intihar sald\u0131r\u0131s\u0131 olmu\u015f ve bunun i\u00e7erisinde bahsetti\u011fimiz co\u011frafyadan gelenlerin b\u00fcy\u00fck etkisi var. Onlar art\u0131k <strong>Yabanc\u0131 Ter\u00f6rist Sava\u015f\u00e7\u0131lar<\/strong> olarak<em> (4 bin civar\u0131)<\/em> \u00fclkelerine d\u00f6nd\u00fcklerinde b\u00fcy\u00fck bir tehdit olu\u015fturuyorlar. Fakat Reina sald\u0131r\u0131s\u0131 ile toplumsal alg\u0131 bak\u0131m\u0131ndan kar\u015f\u0131 kar\u015f\u0131ya oldu\u011fumuz \u015fu hususlara dikkat \u00e7ekilmeli.<\/p>\n<p style=\"text-align: justify;\">-Her \u00e7ekik g\u00f6zl\u00fc ya da her Orta Asyal\u0131 i\u00e7in <strong>&#8220;ter\u00f6r&#8221; <\/strong>yak\u0131\u015ft\u0131rmas\u0131 yapmak,<\/p>\n<p style=\"text-align: justify;\">-T\u00fcrkistan co\u011frafyas\u0131ndan gelen soyda\u015flar\u0131m\u0131z\u0131 b\u00f6yle b\u00fct\u00fcnc\u00fcl bir anlay\u0131\u015fla de\u011ferlendirmek <em>(ki T\u00fcrkiye&#8217;de kanuna ayk\u0131r\u0131 bi\u00e7imde bulunanlar derhal g\u00f6zden ge\u00e7irilerek tespit edilmeli)<\/em>,<\/p>\n<p style=\"text-align: justify;\">-Soru\u015fturma veya inceleme belirli bir d\u00fczeye gelmeden uluslararas\u0131 ba\u011flant\u0131lar\u0131 bulunan bir konuda acele a\u00e7\u0131klamalar yapmak&#8230;<\/p>\n<p style=\"text-align: justify;\">Bunlardan uzak durulmal\u0131 ve ba\u015fta yetkililer\/medya organlar\u0131 bu hassasiyeti g\u00f6stermeli. De\u011filse T\u00fcrkiye&#8217;nin ikili ili\u015fkileri, b\u00f6lgesel \u00e7\u0131karlar\u0131, kar\u015f\u0131l\u0131kl\u0131 bu \u00fclkelerde ya\u015fayan insanlar\u0131n ya\u015fam alan\u0131 ve uluslararas\u0131 sistemde soyda\u015f \u00fclkelerimizin i\u015f birli\u011fi s\u00fcre\u00e7leri zarar g\u00f6recektir.<\/p>\n<p>Kaynak: <a href=\"http:\/\/www.yenicaggazetesi.com.tr\/reinadan-turkistana-uzanan-tehlike-41356yy.htm\" target=\"_blank\">&#8220;Reina&#8221;dan T\u00fcrkistan&#8217;a uzanan tehlike&#8230; &#8211; K\u00fcr\u015fad ZORLU<\/a><\/p>\n","protected":false},"excerpt":{"rendered":"<p>Y\u0131lba\u015f\u0131 gecesi \u0130stanbul&#8217;un \u00fcnl\u00fc gece kul\u00fcb\u00fc Reina&#8217;ya d\u00fczenlenen ve 39 ki\u015finin hayat\u0131n\u0131 kaybetti\u011fi sald\u0131r\u0131 sebep ve sonu\u00e7lar\u0131yla birlikte de\u011ferlendirildi\u011finde T\u00fcrkiye&#8217;ye y\u00f6nelen sistematik ku\u015fatman\u0131n boyutlar\u0131 daha iyi anla\u015f\u0131lmaktad\u0131r. B\u00f6ylesine kanl\u0131 bir&#8230;<\/p>\n","protected":false},"author":1,"featured_media":6937,"comment_status":"open","ping_status":"open","sticky":false,"template":"","format":"standard","meta":{"footnotes":""},"categories":[282],"tags":[],"class_list":["post-6936","post","type-post","status-publish","format-standard","has-post-thumbnail","hentry","category-turkistan-haberleri"],"_links":{"self":[{"href":"https:\/\/iuhrdf.org\/tr\/wp-json\/wp\/v2\/posts\/6936","targetHints":{"allow":["GET"]}}],"collection":[{"href":"https:\/\/iuhrdf.org\/tr\/wp-json\/wp\/v2\/posts"}],"about":[{"href":"https:\/\/iuhrdf.org\/tr\/wp-json\/wp\/v2\/types\/post"}],"author":[{"embeddable":true,"href":"https:\/\/iuhrdf.org\/tr\/wp-json\/wp\/v2\/users\/1"}],"replies":[{"embeddable":true,"href":"https:\/\/iuhrdf.org\/tr\/wp-json\/wp\/v2\/comments?post=6936"}],"version-history":[{"count":3,"href":"https:\/\/iuhrdf.org\/tr\/wp-json\/wp\/v2\/posts\/6936\/revisions"}],"predecessor-version":[{"id":6940,"href":"https:\/\/iuhrdf.org\/tr\/wp-json\/wp\/v2\/posts\/6936\/revisions\/6940"}],"wp:featuredmedia":[{"embeddable":true,"href":"https:\/\/iuhrdf.org\/tr\/wp-json\/wp\/v2\/media\/6937"}],"wp:attachment":[{"href":"https:\/\/iuhrdf.org\/tr\/wp-json\/wp\/v2\/media?parent=6936"}],"wp:term":[{"taxonomy":"category","embeddable":true,"href":"https:\/\/iuhrdf.org\/tr\/wp-json\/wp\/v2\/categories?post=6936"},{"taxonomy":"post_tag","embeddable":true,"href":"https:\/\/iuhrdf.org\/tr\/wp-json\/wp\/v2\/tags?post=6936"}],"curies":[{"name":"wp","href":"https:\/\/api.w.org\/{rel}","templated":true}]}}