{"id":6941,"date":"2017-01-22T23:57:24","date_gmt":"2017-01-22T15:57:24","guid":{"rendered":"http:\/\/www.iuhrdf.org\/tr\/?p=6941"},"modified":"2017-01-22T23:57:24","modified_gmt":"2017-01-22T15:57:24","slug":"uskudarda-teror-protestosu","status":"publish","type":"post","link":"https:\/\/iuhrdf.org\/tr\/uskudarda-teror-protestosu\/","title":{"rendered":"\u00dcsk\u00fcdar&#8217;da ter\u00f6r protestosu"},"content":{"rendered":"<p style=\"text-align: justify;\"><img loading=\"lazy\" decoding=\"async\" class=\" wp-image-6942 alignright\" src=\"https:\/\/iuhrdf.org\/tr\/wp-content\/uploads\/2017\/01\/421_b-1.jpg\" alt=\"\" width=\"498\" height=\"250\" srcset=\"https:\/\/iuhrdf.org\/tr\/wp-content\/uploads\/2017\/01\/421_b-1.jpg 647w, https:\/\/iuhrdf.org\/tr\/wp-content\/uploads\/2017\/01\/421_b-1-300x151.jpg 300w\" sizes=\"auto, (max-width: 498px) 100vw, 498px\" \/>T\u00fcrkistan-Der Ba\u015fkan\u0131 Kavuncu:- &#8220;\u00d6zbekler, K\u0131rg\u0131zlar, Tacikler, Kazaklar, Uygurlar, T\u00fcrkmenler T\u00fcrkiye&#8217;yi ve halk\u0131n\u0131 karde\u015f olarak g\u00f6rmektedirler. Bu \u00fclkeye d\u00fc\u015fman olan kimseyi dost olarak g\u00f6rm\u00fcyoruz&#8221;<\/p>\n<div id=\"news_content\" class=\"text_content\" style=\"text-align: justify;\">\n<p>\u0130STANBUL (AA) &#8211; T\u00fcrk cumhuriyetlerinden bir grup, ter\u00f6r sald\u0131r\u0131lar\u0131na tepki g\u00f6sterdi.<\/p>\n<p>Ellerinde, &#8220;T\u00fcrkistanl\u0131lar ter\u00f6r\u00fc lanetliyor&#8221;, &#8220;Ter\u00f6rizm insanl\u0131k su\u00e7udur&#8221;, &#8220;Muhacirden ter\u00f6rist olmaz&#8221; yaz\u0131l\u0131 d\u00f6vizler ta\u015f\u0131yan T\u00fcrkistan-Der, Do\u011fu T\u00fcrkistan Maarif Derne\u011fi, Hoca Ahmet Yesevi \u0130lim ve \u0130rfan Vakf\u0131, Ortaasya-Der ve Neva-Der \u00fcyeleri, \u00dcsk\u00fcdar&#8217;daki Mihrimah Sultan Camisi \u00f6n\u00fcnde topland\u0131.<\/p>\n<p>Grup ad\u0131na a\u00e7\u0131klama yapan T\u00fcrkistan-Der Ba\u015fkan\u0131 Burhan Kavuncu, T\u00fcrkiye&#8217;ye y\u00f6nelik ter\u00f6r sald\u0131r\u0131lar\u0131na, Orta Asya k\u00f6kenli ki\u015filerin de kar\u0131\u015fm\u0131\u015f olmas\u0131ndan \u00fcz\u00fcnt\u00fc duyduklar\u0131n\u0131 belirtti.<\/p>\n<p>Kavuncu, su\u00e7lular\u0131n dini ve etnik aidiyetleriyle an\u0131lmalar\u0131n\u0131n ayr\u0131mc\u0131l\u0131k oldu\u011funu vurgulad\u0131.<\/p>\n<p>T\u00fcm \u015fiddet eylemlerine net olarak kar\u015f\u0131 olduklar\u0131n\u0131n alt\u0131n\u0131 \u00e7izen Kavuncu, &#8220;T\u00fcrkiye&#8217;ye gelen T\u00fcrkistanl\u0131 muhacirler, daha \u00f6nce gelmi\u015f olan yerli halktan sadece iyilik ve karde\u015flik g\u00f6rm\u00fc\u015flerdir. Ata yurdumuz T\u00fcrkistan&#8217;daki akrabalar\u0131m\u0131z olan \u00d6zbekler, K\u0131rg\u0131zlar, Tacikler, Kazaklar, Uygurlar, T\u00fcrkmenler T\u00fcrkiye&#8217;yi ve halk\u0131n\u0131 karde\u015f olarak g\u00f6rmektedirler. Bu \u00fclkeye d\u00fc\u015fman olan kimseyi dost olarak g\u00f6rm\u00fcyoruz.&#8221; diye konu\u015ftu.<\/p>\n<p>Kaynak:<a href=\"http:\/\/www.memleket.com.tr\/uskudarda-teror-protestosu-1042601h.htm\"> memleket Gazetesi<\/a><\/p>\n<\/div>\n<div class=\"clear\" style=\"text-align: justify;\"><\/div>\n","protected":false},"excerpt":{"rendered":"<p>T\u00fcrkistan-Der Ba\u015fkan\u0131 Kavuncu:- &#8220;\u00d6zbekler, K\u0131rg\u0131zlar, Tacikler, Kazaklar, Uygurlar, T\u00fcrkmenler T\u00fcrkiye&#8217;yi ve halk\u0131n\u0131 karde\u015f olarak g\u00f6rmektedirler. Bu \u00fclkeye d\u00fc\u015fman olan kimseyi dost olarak g\u00f6rm\u00fcyoruz&#8221; \u0130STANBUL (AA) &#8211; T\u00fcrk cumhuriyetlerinden bir grup,&#8230;<\/p>\n","protected":false},"author":1,"featured_media":6942,"comment_status":"open","ping_status":"open","sticky":false,"template":"","format":"standard","meta":{"footnotes":""},"categories":[1],"tags":[],"class_list":["post-6941","post","type-post","status-publish","format-standard","has-post-thumbnail","hentry","category-cin-haberleri"],"_links":{"self":[{"href":"https:\/\/iuhrdf.org\/tr\/wp-json\/wp\/v2\/posts\/6941","targetHints":{"allow":["GET"]}}],"collection":[{"href":"https:\/\/iuhrdf.org\/tr\/wp-json\/wp\/v2\/posts"}],"about":[{"href":"https:\/\/iuhrdf.org\/tr\/wp-json\/wp\/v2\/types\/post"}],"author":[{"embeddable":true,"href":"https:\/\/iuhrdf.org\/tr\/wp-json\/wp\/v2\/users\/1"}],"replies":[{"embeddable":true,"href":"https:\/\/iuhrdf.org\/tr\/wp-json\/wp\/v2\/comments?post=6941"}],"version-history":[{"count":1,"href":"https:\/\/iuhrdf.org\/tr\/wp-json\/wp\/v2\/posts\/6941\/revisions"}],"predecessor-version":[{"id":6943,"href":"https:\/\/iuhrdf.org\/tr\/wp-json\/wp\/v2\/posts\/6941\/revisions\/6943"}],"wp:featuredmedia":[{"embeddable":true,"href":"https:\/\/iuhrdf.org\/tr\/wp-json\/wp\/v2\/media\/6942"}],"wp:attachment":[{"href":"https:\/\/iuhrdf.org\/tr\/wp-json\/wp\/v2\/media?parent=6941"}],"wp:term":[{"taxonomy":"category","embeddable":true,"href":"https:\/\/iuhrdf.org\/tr\/wp-json\/wp\/v2\/categories?post=6941"},{"taxonomy":"post_tag","embeddable":true,"href":"https:\/\/iuhrdf.org\/tr\/wp-json\/wp\/v2\/tags?post=6941"}],"curies":[{"name":"wp","href":"https:\/\/api.w.org\/{rel}","templated":true}]}}