{"id":6944,"date":"2017-01-23T00:06:31","date_gmt":"2017-01-22T16:06:31","guid":{"rendered":"http:\/\/www.iuhrdf.org\/tr\/?p=6944"},"modified":"2017-01-23T00:07:21","modified_gmt":"2017-01-22T16:07:21","slug":"turkistanli-muhacirler-teror-saldirilarini-kinadi","status":"publish","type":"post","link":"https:\/\/iuhrdf.org\/tr\/turkistanli-muhacirler-teror-saldirilarini-kinadi\/","title":{"rendered":"T\u00fcrkistanl\u0131 Muhacirler Ter\u00f6r Sald\u0131r\u0131lar\u0131n\u0131 K\u0131nad\u0131"},"content":{"rendered":"<p class=\"ustblkgenislet2 spot \" style=\"text-align: justify;\"><img loading=\"lazy\" decoding=\"async\" class=\"wp-image-6945 alignright\" src=\"https:\/\/iuhrdf.org\/tr\/wp-content\/uploads\/2017\/01\/turkistanli-muhacirler-teror-saldirilarini-kinadi-9188252_4203_o.jpg\" alt=\"\" width=\"396\" height=\"223\" srcset=\"https:\/\/iuhrdf.org\/tr\/wp-content\/uploads\/2017\/01\/turkistanli-muhacirler-teror-saldirilarini-kinadi-9188252_4203_o.jpg 640w, https:\/\/iuhrdf.org\/tr\/wp-content\/uploads\/2017\/01\/turkistanli-muhacirler-teror-saldirilarini-kinadi-9188252_4203_o-300x169.jpg 300w\" sizes=\"auto, (max-width: 396px) 100vw, 396px\" \/>\u0130stanbul&#8217;da ya\u015fayan \u00d6zbek, Uygur, Kazak, K\u0131rg\u0131z, Tacikler, T\u00fcrkiye&#8217;de meydana gelen ter\u00f6r sald\u0131r\u0131lar\u0131ndan duyduklar\u0131 \u00fcz\u00fcnt\u00fcy\u00fc dile getirerek, ba\u015fta DEA\u015e olmak \u00fczere ter\u00f6r \u00f6rg\u00fctlerini k\u0131nad\u0131.<\/p>\n<p class=\"ustblkgenislet2 spot \" style=\"text-align: justify;\"><a class=\"keyword\" title=\"\u0130stanbul Haberleri\" href=\"http:\/\/www.haberler.com\/istanbul\/\">\u0130stanbul<\/a>&#8216;da ya\u015fayan \u00d6zbek, <a class=\"keyword\" title=\"Uygur Haberleri\" href=\"http:\/\/www.haberler.com\/uygur\/\">Uygur<\/a>, Kazak, K\u0131rg\u0131z, Tacikler, <a class=\"keyword\" title=\"T\u00fcrkiye Haberleri\" href=\"http:\/\/www.haberler.com\/turkiye\/\">T\u00fcrkiye<\/a>&#8216;de meydana gelen ter\u00f6r sald\u0131r\u0131lar\u0131ndan duyduklar\u0131 \u00fcz\u00fcnt\u00fcy\u00fc dile getirerek, ba\u015fta DEA\u015e olmak \u00fczere ter\u00f6r \u00f6rg\u00fctlerini k\u0131nad\u0131. Kendilerine y\u00f6nelik \u00f6nyarg\u0131lar\u0131n olu\u015ftu\u011funa dikkat \u00e7eken T\u00fcrkistanl\u0131 muhacirler, <a class=\"keyword\" title=\"T\u00fcrkiye Haberleri\" href=\"http:\/\/www.haberler.com\/turkiye\/\">T\u00fcrkiye<\/a>&#8216;ye kar\u015f\u0131 duyduklar\u0131 karde\u015flik ba\u011flar\u0131n\u0131 g\u00f6stermek i\u00e7in <a class=\"keyword\" title=\"K\u0131z\u0131lay Haberleri\" href=\"http:\/\/www.haberler.com\/kizilay\/\">K\u0131z\u0131lay<\/a>&#8216;a kan ba\u011f\u0131\u015f\u0131nda bulundu. <a class=\"keyword\" title=\"\u00dcsk\u00fcdar Haberleri\" href=\"http:\/\/www.haberler.com\/uskudar\/\">\u00dcsk\u00fcdar<\/a>&#8216;daki <a class=\"keyword\" title=\"Mihrimah Sultan Haberleri\" href=\"http:\/\/www.haberler.com\/mihrimah-sultan\/\">Mihrimah Sultan<\/a> Cami \u00f6n\u00fcnde ger\u00e7ekle\u015fen eylemde &#8220;\u00d6zbek, <a class=\"keyword\" title=\"Uygur Haberleri\" href=\"http:\/\/www.haberler.com\/uygur\/\">Uygur<\/a>, Kazak, Tacik, K\u0131rg\u0131z yabanc\u0131 de\u011fil bir milletiz\u00f6, &#8220;T\u00fcrk milletine \u0131rk\u00e7\u0131l\u0131k yak\u0131\u015fmaz\u00f6 \u015feklinde pankartlar a\u00e7an grup, &#8220;DEA\u015e \u0130slam&#8217;a d\u00fc\u015fmand\u0131r\u00f6, &#8220;M\u00fcsl\u00fcman ter\u00f6rist olmaz\u00f6, &#8220;Ter\u00f6rizm insanl\u0131k su\u00e7udur\u00f6 yaz\u0131l\u0131 d\u00f6vizler ta\u015f\u0131d\u0131.<\/p>\n<p>&#8220;NASIL &#8216;\u0130SLAM\u0130 TER\u00d6R\u0130ST&#8217; OLMAZSA &#8216;ORTA ASYALI TER\u00d6R\u0130ST&#8217; DE OLMAZ&#8221;<\/p>\n<p>Son zamanlarda meydana gelen b\u00fct\u00fcn ter\u00f6r sald\u0131r\u0131lar\u0131n\u0131n <a class=\"keyword\" title=\"T\u00fcrkiye Haberleri\" href=\"http:\/\/www.haberler.com\/turkiye\/\">T\u00fcrkiye<\/a>&#8216;yi hedef ald\u0131\u011f\u0131n\u0131 s\u00f6yleyen T\u00fcrkistan-der Ba\u015fkan Yard\u0131mc\u0131s\u0131 Namoz Normumin yapt\u0131\u011f\u0131 bas\u0131n a\u00e7\u0131klamas\u0131nda &#8220;Bu cinayetlere Orta <a class=\"keyword\" title=\"Asya Haberleri\" href=\"http:\/\/www.haberler.com\/asya\/\">Asya<\/a> k\u00f6kenli baz\u0131 ki\u015filerin de kar\u0131\u015fm\u0131\u015f olmas\u0131ndan \u00fcz\u00fcnt\u00fcm\u00fcz b\u00fcy\u00fckt\u00fcr. Ancak her topluluktan su\u00e7lular\u0131n \u00e7\u0131kmas\u0131 m\u00fcmk\u00fcnd\u00fcr. Bunun i\u00e7in &#8216;Katilin dini, \u0131rk\u0131, \u00fclkesi olmaz&#8217; diyoruz. Nas\u0131l &#8216;\u0130slami ter\u00f6rist&#8217; olmazsa &#8216;\u00d6zbek ter\u00f6rist&#8217;, &#8216;Orta Asyal\u0131 ter\u00f6rist&#8217; denilmesi de ciddi bir sapmad\u0131r\u00f6 diye konu\u015ftu. <a class=\"keyword\" title=\"T\u00fcrkiye Haberleri\" href=\"http:\/\/www.haberler.com\/turkiye\/\">T\u00fcrkiye<\/a>&#8216;yi ve halk\u0131n\u0131 karde\u015f olarak g\u00f6rd\u00fcklerini vurgulayan Normumin &#8220;<a class=\"keyword\" title=\"Y\u0131lba\u015f\u0131 Haberleri\" href=\"http:\/\/www.haberler.com\/yilbasi\/\">Y\u0131lba\u015f\u0131<\/a> gecesi <a class=\"keyword\" title=\"Be\u015fikta\u015f Haberleri\" href=\"http:\/\/www.haberler.com\/besiktas\/\">Be\u015fikta\u015f<\/a>&#8216;ta katliam yapan ki\u015fiyi ve \u00f6rg\u00fct\u00fcn\u00fc T\u00fcrkistanl\u0131lar camias\u0131 olarak lanetle k\u0131n\u0131yoruz. Kendisine ne ad verirse versin, DEA\u015e veya di\u011fer b\u00fct\u00fcn silahl\u0131 gruplar\u0131 \u015fiddet yollar\u0131n\u0131 ve eylemlerini reddediyoruz. Bunlardan beri oldu\u011fumuzu bir kere daha, a\u00e7\u0131k ve net olarak ilan ediyoruz&#8221; dedi.<\/p>\n<p>&#8220;DEA\u015e VE BENZER\u0130 T\u00dcM \u00d6RG\u00dcTLER\u0130 KINIYORUZ&#8221;<\/p>\n<p>T\u00fcrkistan-der Ba\u015fkan\u0131 Burhan Kavuncu ise &#8220;T\u00fcrkiye&#8217;ye sald\u0131ran, T\u00fcrk halk\u0131na sava\u015f a\u00e7m\u0131\u015f ter\u00f6r \u00f6rg\u00fctleri hangi isim alt\u0131nda olursa olsun, kim olursa olsun, ister \u0130slami ad\u0131 kullans\u0131n, ister \u00d6zbek, ister Tacik, ister T\u00fcrkistanl\u0131 olsun bunlara lanet ediyor, k\u0131n\u0131yoruz. <a class=\"keyword\" title=\"T\u00fcrkiye Haberleri\" href=\"http:\/\/www.haberler.com\/turkiye\/\">T\u00fcrkiye<\/a>&#8216;ye sava\u015f ilan etmi\u015f olan DEA\u015e \u00f6rg\u00fct\u00fcn\u00fc ve onun benzerlerini k\u0131n\u0131yoruz&#8221; dedi.<\/p>\n<p>&#8220;\u00d6ZBEK OLDU\u011eUMUZ \u0130\u00c7\u0130N SIKINTI YA\u015eAMAYA BA\u015eLADIK&#8221;<\/p>\n<p>8 senedir <a class=\"keyword\" title=\"T\u00fcrkiye Haberleri\" href=\"http:\/\/www.haberler.com\/turkiye\/\">T\u00fcrkiye<\/a>&#8216;de ya\u015fayan \u00d6zbek <a class=\"keyword\" title=\"Abdullah Gen\u00e7 Haberleri\" href=\"http:\/\/www.haberler.com\/abdullah-genc\/\">Abdullah Gen\u00e7<\/a>, ter\u00f6r olaylar\u0131ndan sonra g\u00fcnl\u00fck ya\u015fam\u0131nda s\u0131k\u0131nt\u0131 ya\u015famaya ba\u015flad\u0131\u011f\u0131n\u0131 belirterek, &#8220;T\u00fcrk milleti misafirperver bir halk olarak bizi kabul etti. Biz burada s\u0131k\u0131nt\u0131 olmadan ya\u015f\u0131yoruz ama son olaylarda medyada \u00d6zbek isminin \u00f6ne \u00e7\u0131kmas\u0131 bizi \u00e7ok \u00fcz\u00fcyor, rahats\u0131z ediyor. Mahalle de gezerken, ev kiralarken \u00d6zbek oldu\u011fumuz i\u00e7in s\u0131k\u0131nt\u0131 ya\u015famaya ba\u015flad\u0131k\u00f6 dedi. 6 senedir <a class=\"keyword\" title=\"T\u00fcrkiye Haberleri\" href=\"http:\/\/www.haberler.com\/turkiye\/\">T\u00fcrkiye<\/a>&#8216;de olan Bilal <a class=\"keyword\" title=\"Abd\u00fclmecid Haberleri\" href=\"http:\/\/www.haberler.com\/abdulmecid\/\">Abd\u00fclmecid<\/a> ise emlak\u00e7\u0131lar\u0131n kendilerine ev kiralamak istemediklerini anlatarak &#8220;Arkada\u015f\u0131ma s\u0131rf \u00d6zbek oldu\u011fu i\u00e7in emlak\u00e7\u0131 ev vermedi, &#8216;<a class=\"keyword\" title=\"kusura Haberleri\" href=\"http:\/\/www.haberler.com\/kusura\/\">kusura<\/a> bakmay\u0131n&#8217; dedi. Sonu\u00e7ta her millete ter\u00f6rist ve k\u00f6t\u00fcler oldu\u011fu gibi bizden de \u00e7\u0131k\u0131yor. Ama onlarla bizim uzaktan yak\u0131ndan alakam\u0131z yok. Ter\u00f6r\u00fcn \u0131rk\u0131, dini, milleti yoktur&#8221; diye konu\u015ftu.<\/p>\n<p>KUYRU\u011eA G\u0130R\u0130P, KAN VERD\u0130LER<\/p>\n<p>Bas\u0131n a\u00e7\u0131klamas\u0131n\u0131n ard\u0131ndan eyleme kat\u0131lanlar <a class=\"keyword\" title=\"\u00dcsk\u00fcdar Haberleri\" href=\"http:\/\/www.haberler.com\/uskudar\/\">\u00dcsk\u00fcdar<\/a> meydan\u0131nda bulunan <a class=\"keyword\" title=\"K\u0131z\u0131lay Haberleri\" href=\"http:\/\/www.haberler.com\/kizilay\/\">K\u0131z\u0131lay<\/a>&#8216;a Kan Ba\u011f\u0131\u015f\u0131 Merkezine gitti. <a class=\"keyword\" title=\"T\u00fcrkiye Haberleri\" href=\"http:\/\/www.haberler.com\/turkiye\/\">T\u00fcrkiye<\/a>&#8216;ye karde\u015flik duygular\u0131n\u0131 g\u00f6stermek isteyen eylemciler kuyru\u011fa girerek kan ba\u011f\u0131\u015f\u0131nda bulundu.<\/p>\n<p class=\"ustblkgenislet2 spot \" style=\"text-align: justify;\">kaynak: <a href=\"http:\/\/www.haberler.com\/turkistanli-muhacirler-teror-saldirilarini-kinadi-9188252-haberi\/\">Haberler<\/a><\/p>\n","protected":false},"excerpt":{"rendered":"<p>\u0130stanbul&#8217;da ya\u015fayan \u00d6zbek, Uygur, Kazak, K\u0131rg\u0131z, Tacikler, T\u00fcrkiye&#8217;de meydana gelen ter\u00f6r sald\u0131r\u0131lar\u0131ndan duyduklar\u0131 \u00fcz\u00fcnt\u00fcy\u00fc dile getirerek, ba\u015fta DEA\u015e olmak \u00fczere ter\u00f6r \u00f6rg\u00fctlerini k\u0131nad\u0131. \u0130stanbul&#8216;da ya\u015fayan \u00d6zbek, Uygur, Kazak, K\u0131rg\u0131z, Tacikler,&#8230;<\/p>\n","protected":false},"author":1,"featured_media":6945,"comment_status":"open","ping_status":"open","sticky":false,"template":"","format":"standard","meta":{"footnotes":""},"categories":[1],"tags":[],"class_list":["post-6944","post","type-post","status-publish","format-standard","has-post-thumbnail","hentry","category-cin-haberleri"],"_links":{"self":[{"href":"https:\/\/iuhrdf.org\/tr\/wp-json\/wp\/v2\/posts\/6944","targetHints":{"allow":["GET"]}}],"collection":[{"href":"https:\/\/iuhrdf.org\/tr\/wp-json\/wp\/v2\/posts"}],"about":[{"href":"https:\/\/iuhrdf.org\/tr\/wp-json\/wp\/v2\/types\/post"}],"author":[{"embeddable":true,"href":"https:\/\/iuhrdf.org\/tr\/wp-json\/wp\/v2\/users\/1"}],"replies":[{"embeddable":true,"href":"https:\/\/iuhrdf.org\/tr\/wp-json\/wp\/v2\/comments?post=6944"}],"version-history":[{"count":2,"href":"https:\/\/iuhrdf.org\/tr\/wp-json\/wp\/v2\/posts\/6944\/revisions"}],"predecessor-version":[{"id":6947,"href":"https:\/\/iuhrdf.org\/tr\/wp-json\/wp\/v2\/posts\/6944\/revisions\/6947"}],"wp:featuredmedia":[{"embeddable":true,"href":"https:\/\/iuhrdf.org\/tr\/wp-json\/wp\/v2\/media\/6945"}],"wp:attachment":[{"href":"https:\/\/iuhrdf.org\/tr\/wp-json\/wp\/v2\/media?parent=6944"}],"wp:term":[{"taxonomy":"category","embeddable":true,"href":"https:\/\/iuhrdf.org\/tr\/wp-json\/wp\/v2\/categories?post=6944"},{"taxonomy":"post_tag","embeddable":true,"href":"https:\/\/iuhrdf.org\/tr\/wp-json\/wp\/v2\/tags?post=6944"}],"curies":[{"name":"wp","href":"https:\/\/api.w.org\/{rel}","templated":true}]}}