{"id":6948,"date":"2017-01-24T00:48:07","date_gmt":"2017-01-23T16:48:07","guid":{"rendered":"http:\/\/www.iuhrdf.org\/tr\/?p=6948"},"modified":"2017-01-24T00:48:07","modified_gmt":"2017-01-23T16:48:07","slug":"burhan-kavuncu-bu-ulkeye-dusman-olan-kimseyi-dost-olarak-gormuyoruz","status":"publish","type":"post","link":"https:\/\/iuhrdf.org\/tr\/burhan-kavuncu-bu-ulkeye-dusman-olan-kimseyi-dost-olarak-gormuyoruz\/","title":{"rendered":"Burhan Kavuncu: Bu \u00fclkeye d\u00fc\u015fman olan kimseyi dost olarak g\u00f6rm\u00fcyoruz"},"content":{"rendered":"<p style=\"text-align: justify;\">\u0130stanbul&#8217;da ya\u015fayan \u00d6zbek, Uygur, Kazak, K\u0131rg\u0131z, Tacikler, T\u00fcrkiye\u2019de meydana gelen ter\u00f6r sald\u0131r\u0131lar\u0131ndan duyduklar\u0131 \u00fcz\u00fcnt\u00fcy\u00fc dile getirerek, ba\u015fta DEA\u015e olmak \u00fczere ter\u00f6r \u00f6rg\u00fctlerini k\u0131nad\u0131. Kendilerine y\u00f6nelik \u00f6nyarg\u0131lar\u0131n olu\u015ftu\u011funa dikkat \u00e7eken T\u00fcrkistanl\u0131 muhacirler, T\u00fcrkiye\u2019ye kar\u015f\u0131 duyduklar\u0131 karde\u015flik ba\u011flar\u0131n\u0131 g\u00f6stermek i\u00e7in K\u0131z\u0131lay\u2019a kan ba\u011f\u0131\u015f\u0131nda bulundu.<\/p>\n<p><img loading=\"lazy\" decoding=\"async\" class=\"wp-image-6949 alignright\" src=\"https:\/\/iuhrdf.org\/tr\/wp-content\/uploads\/2017\/01\/220120171921275098863_2-41.jpg\" alt=\"\" width=\"410\" height=\"223\" srcset=\"https:\/\/iuhrdf.org\/tr\/wp-content\/uploads\/2017\/01\/220120171921275098863_2-41.jpg 725w, https:\/\/iuhrdf.org\/tr\/wp-content\/uploads\/2017\/01\/220120171921275098863_2-41-300x163.jpg 300w\" sizes=\"auto, (max-width: 410px) 100vw, 410px\" \/><\/p>\n<p style=\"text-align: justify;\">Grup ad\u0131na a\u00e7\u0131klama yapan T\u00fcrkistan-Der Ba\u015fkan\u0131 Burhan Kavuncu, T\u00fcrkiye&#8217;ye y\u00f6nelik ter\u00f6r sald\u0131r\u0131lar\u0131na, Orta Asya k\u00f6kenli ki\u015filerin de kar\u0131\u015fm\u0131\u015f olmas\u0131ndan \u00fcz\u00fcnt\u00fc duyduklar\u0131n\u0131 belirtti.<\/p>\n<p style=\"text-align: justify;\"><strong>Kavuncu, su\u00e7lular\u0131n dini ve etnik aidiyetleriyle an\u0131lmalar\u0131n\u0131n ayr\u0131mc\u0131l\u0131k oldu\u011funu vurgulad\u0131.<\/strong><\/p>\n<p>T\u00fcm \u015fiddet eylemlerine net olarak kar\u015f\u0131 olduklar\u0131n\u0131n alt\u0131n\u0131 \u00e7izen Kavuncu, &#8220;T\u00fcrkiye&#8217;ye gelen T\u00fcrkistanl\u0131 muhacirler, daha \u00f6nce gelmi\u015f olan yerli halktan sadece iyilik ve karde\u015flik g\u00f6rm\u00fc\u015flerdir. Ata yurdumuz T\u00fcrkistan&#8217;daki akrabalar\u0131m\u0131z olan \u00d6zbekler, K\u0131rg\u0131zlar, Tacikler, Kazaklar, Uygurlar, T\u00fcrkmenler T\u00fcrkiye&#8217;yi ve halk\u0131n\u0131 karde\u015f olarak g\u00f6rmektedirler. <strong>Bu \u00fclkeye d\u00fc\u015fman olan kimseyi dost olarak g\u00f6rm\u00fcyoruz.<\/strong>&#8221; diye konu\u015ftu.<\/p>\n<p>kaynak: <a href=\"http:\/\/www.star.com.tr\/guncel\/turkistanli-muhacirler-bu-ulkeye-dusman-olan-herkesi-haber-1178944\/\">Star Haberler<\/a><\/p>\n<p>&nbsp;<\/p>\n","protected":false},"excerpt":{"rendered":"<p>\u0130stanbul&#8217;da ya\u015fayan \u00d6zbek, Uygur, Kazak, K\u0131rg\u0131z, Tacikler, T\u00fcrkiye\u2019de meydana gelen ter\u00f6r sald\u0131r\u0131lar\u0131ndan duyduklar\u0131 \u00fcz\u00fcnt\u00fcy\u00fc dile getirerek, ba\u015fta DEA\u015e olmak \u00fczere ter\u00f6r \u00f6rg\u00fctlerini k\u0131nad\u0131. Kendilerine y\u00f6nelik \u00f6nyarg\u0131lar\u0131n olu\u015ftu\u011funa dikkat \u00e7eken T\u00fcrkistanl\u0131&#8230;<\/p>\n","protected":false},"author":1,"featured_media":6949,"comment_status":"open","ping_status":"open","sticky":false,"template":"","format":"standard","meta":{"footnotes":""},"categories":[282],"tags":[],"class_list":["post-6948","post","type-post","status-publish","format-standard","has-post-thumbnail","hentry","category-turkistan-haberleri"],"_links":{"self":[{"href":"https:\/\/iuhrdf.org\/tr\/wp-json\/wp\/v2\/posts\/6948","targetHints":{"allow":["GET"]}}],"collection":[{"href":"https:\/\/iuhrdf.org\/tr\/wp-json\/wp\/v2\/posts"}],"about":[{"href":"https:\/\/iuhrdf.org\/tr\/wp-json\/wp\/v2\/types\/post"}],"author":[{"embeddable":true,"href":"https:\/\/iuhrdf.org\/tr\/wp-json\/wp\/v2\/users\/1"}],"replies":[{"embeddable":true,"href":"https:\/\/iuhrdf.org\/tr\/wp-json\/wp\/v2\/comments?post=6948"}],"version-history":[{"count":1,"href":"https:\/\/iuhrdf.org\/tr\/wp-json\/wp\/v2\/posts\/6948\/revisions"}],"predecessor-version":[{"id":6950,"href":"https:\/\/iuhrdf.org\/tr\/wp-json\/wp\/v2\/posts\/6948\/revisions\/6950"}],"wp:featuredmedia":[{"embeddable":true,"href":"https:\/\/iuhrdf.org\/tr\/wp-json\/wp\/v2\/media\/6949"}],"wp:attachment":[{"href":"https:\/\/iuhrdf.org\/tr\/wp-json\/wp\/v2\/media?parent=6948"}],"wp:term":[{"taxonomy":"category","embeddable":true,"href":"https:\/\/iuhrdf.org\/tr\/wp-json\/wp\/v2\/categories?post=6948"},{"taxonomy":"post_tag","embeddable":true,"href":"https:\/\/iuhrdf.org\/tr\/wp-json\/wp\/v2\/tags?post=6948"}],"curies":[{"name":"wp","href":"https:\/\/api.w.org\/{rel}","templated":true}]}}