{"id":6951,"date":"2017-01-24T13:34:14","date_gmt":"2017-01-24T05:34:14","guid":{"rendered":"http:\/\/www.iuhrdf.org\/tr\/?p=6951"},"modified":"2017-01-24T13:34:14","modified_gmt":"2017-01-24T05:34:14","slug":"4-musluman-uygur-turku-katledildi","status":"publish","type":"post","link":"https:\/\/iuhrdf.org\/tr\/4-musluman-uygur-turku-katledildi\/","title":{"rendered":"4 M\u00fcsl\u00fcman Uygur T\u00fcrk&#8217;\u00fc katledildi"},"content":{"rendered":"<p>&nbsp;<\/p>\n<p style=\"text-align: justify;\"><strong><img loading=\"lazy\" decoding=\"async\" class=\"wp-image-6953 alignright\" src=\"https:\/\/iuhrdf.org\/tr\/wp-content\/uploads\/2017\/01\/059E61BE000005DC-3137211-image-m-11_1435133181797.jpg\" alt=\"\" width=\"460\" height=\"308\" srcset=\"https:\/\/iuhrdf.org\/tr\/wp-content\/uploads\/2017\/01\/059E61BE000005DC-3137211-image-m-11_1435133181797.jpg 634w, https:\/\/iuhrdf.org\/tr\/wp-content\/uploads\/2017\/01\/059E61BE000005DC-3137211-image-m-11_1435133181797-300x200.jpg 300w\" sizes=\"auto, (max-width: 460px) 100vw, 460px\" \/>\u00c7in\u2019in i\u015fgalc\u0131 alt\u0131ndaki Do\u011fu T\u00fcrkistan\u2019da ak\u0131l almaz bask\u0131, zul\u00fcm, asimilasyon ve soyk\u0131r\u0131m uygulamalar\u0131artarak devam ediyor. \u00c7in i\u015fgal y\u00f6netimi Hoten\u2019in Guma il\u00e7esinde 4 M\u00fcsl\u00fcman Uygur gencini yarg\u0131s\u0131z infaz ile vurarak katletti\u011fi a\u00e7\u0131kland\u0131.<\/strong><\/p>\n<p style=\"text-align: justify;\">\u00d6zg\u00fcr Asya radyosunun 08 Ocak 2017 tarihli <strong>\u00c7in medyas\u0131<\/strong>nda yay\u0131nlanan bir haber ile b\u00f6lgeden telefonla ald\u0131\u011f\u0131 bilgilere dayarak verdi\u011fi habere g\u00f6re katliam\u0131n <strong>22 Nisan 2015\u2019te Hoten\u2019in Guma il\u00e7esinde \u00c7in i\u015fgal Polislerine kar\u015f\u0131 d\u00fczenlenen \u00a0ve yeni ortaya \u00e7\u0131kan bir \u015fiddet olay\u0131n\u0131n \u00a0failleri oldu\u011fu\u00a0 ve \u00a0\u00f6ld\u00fcr\u00fclenlerin arananlar aras\u0131nda bulundu\u011fu\u00a0 belirtildi.<\/strong><\/p>\n<p style=\"text-align: justify;\">\u00c7in i\u015fgal g\u00fc\u00e7lerince ger\u00e7ekle\u015ftirilen bu katliam nerede, hangi tarihte\u00a0 ve ni\u00e7in yap\u0131ld\u0131\u011f\u0131 hakk\u0131nda her hangi bilgi bulunmuyor. <strong>Yakla\u015f\u0131k \u0130ki y\u0131l \u00f6nce \u00a0meydana gelen bir olay\u0131n 3 Uygur\u2019un yarg\u0131s\u0131z infazla katledilmesinin ard\u0131ndarn dillendirilmi\u015f olmas\u0131 bu konudaki \u015f\u00fcpheleri artt\u0131r\u0131yor.<\/strong><\/p>\n<p style=\"text-align: justify;\">Di\u011fer yandan\u00a0 ad\u0131 ge\u00e7en radyonunu muhabirlerinin Guma il\u00e7esindeki ara\u015ft\u0131rmalar\u0131 sonucu ula\u015ft\u0131klar\u0131 bilgiye g\u00f6re \u00a0bu il\u00e7e\u2019nin Kk\u00f6ktirek T\u00f6benkumkent (A\u015fa\u011f\u0131 Kumkent) kenti\u2019nde de\u00a0 22 Nisan 2015 olay\u0131 failleri oldu\u011fundan \u015f\u00fcphelenilen bir Uygur T\u00fcrk\u00fc\u2019n\u00fcn daha<strong> \u00c7in i\u015fgal g\u00fc\u00e7lerince katledilmesi ile Hoten\u2019de son bir ay i\u00e7erisinde \u0130\u015fgalc\u0131larca \u00f6ld\u00fcr\u00fclenlerin say\u0131s\u0131 4 ki\u015fi olarak kay\u0131tlara ge\u00e7iyor.<\/strong><\/p>\n<p style=\"text-align: justify;\">\u00c7in\u2019in resmi yay\u0131n organ\u0131 Xinjiang gazetesinin 28 Aral\u0131k 2016 tarihli say\u0131s\u0131nda\u00a0 <strong>Guma Ceza Mahkemesi<\/strong>\u2019nin\u00a0 g\u00f6revlerinde yeterli \u00f6zeni g\u00f6stermedikleri i\u00e7in \u00c7KP mahalli genel sekreteri Yang Cing Fing ile genel Sekreter yard\u0131mc\u0131s\u0131 Erkin Mahmut ve Ruzi Mehmet Mahmut\u2019u\u201c g\u00f6revlerini k\u00f6t\u00fcye kullanmak ve su\u00e7lular\u0131 korumak\u201d\u00a0 su\u00e7lar\u0131 ile g\u00f6revlerine son verdi\u011fi bildirildi.<\/p>\n<p style=\"text-align: justify;\">kaynak: <a href=\"http:\/\/www.yeniakit.com.tr\/haber\/4-musluman-uygur-turku-katledildi-265692.html\">Yeni Ak\u0131t Gazetesi<\/a><\/p>\n","protected":false},"excerpt":{"rendered":"<p>&nbsp; \u00c7in\u2019in i\u015fgalc\u0131 alt\u0131ndaki Do\u011fu T\u00fcrkistan\u2019da ak\u0131l almaz bask\u0131, zul\u00fcm, asimilasyon ve soyk\u0131r\u0131m uygulamalar\u0131artarak devam ediyor. \u00c7in i\u015fgal y\u00f6netimi Hoten\u2019in Guma il\u00e7esinde 4 M\u00fcsl\u00fcman Uygur gencini yarg\u0131s\u0131z infaz ile vurarak&#8230;<\/p>\n","protected":false},"author":1,"featured_media":6952,"comment_status":"open","ping_status":"open","sticky":false,"template":"","format":"standard","meta":{"footnotes":""},"categories":[282],"tags":[],"class_list":["post-6951","post","type-post","status-publish","format-standard","has-post-thumbnail","hentry","category-turkistan-haberleri"],"_links":{"self":[{"href":"https:\/\/iuhrdf.org\/tr\/wp-json\/wp\/v2\/posts\/6951","targetHints":{"allow":["GET"]}}],"collection":[{"href":"https:\/\/iuhrdf.org\/tr\/wp-json\/wp\/v2\/posts"}],"about":[{"href":"https:\/\/iuhrdf.org\/tr\/wp-json\/wp\/v2\/types\/post"}],"author":[{"embeddable":true,"href":"https:\/\/iuhrdf.org\/tr\/wp-json\/wp\/v2\/users\/1"}],"replies":[{"embeddable":true,"href":"https:\/\/iuhrdf.org\/tr\/wp-json\/wp\/v2\/comments?post=6951"}],"version-history":[{"count":1,"href":"https:\/\/iuhrdf.org\/tr\/wp-json\/wp\/v2\/posts\/6951\/revisions"}],"predecessor-version":[{"id":6954,"href":"https:\/\/iuhrdf.org\/tr\/wp-json\/wp\/v2\/posts\/6951\/revisions\/6954"}],"wp:featuredmedia":[{"embeddable":true,"href":"https:\/\/iuhrdf.org\/tr\/wp-json\/wp\/v2\/media\/6952"}],"wp:attachment":[{"href":"https:\/\/iuhrdf.org\/tr\/wp-json\/wp\/v2\/media?parent=6951"}],"wp:term":[{"taxonomy":"category","embeddable":true,"href":"https:\/\/iuhrdf.org\/tr\/wp-json\/wp\/v2\/categories?post=6951"},{"taxonomy":"post_tag","embeddable":true,"href":"https:\/\/iuhrdf.org\/tr\/wp-json\/wp\/v2\/tags?post=6951"}],"curies":[{"name":"wp","href":"https:\/\/api.w.org\/{rel}","templated":true}]}}