{"id":6960,"date":"2017-01-25T23:47:34","date_gmt":"2017-01-25T15:47:34","guid":{"rendered":"http:\/\/www.iuhrdf.org\/tr\/?p=6960"},"modified":"2017-01-26T00:03:29","modified_gmt":"2017-01-25T16:03:29","slug":"cin-kuran-kursunu-basti-300-ogrenci-tutuklandi","status":"publish","type":"post","link":"https:\/\/iuhrdf.org\/tr\/cin-kuran-kursunu-basti-300-ogrenci-tutuklandi\/","title":{"rendered":"\u00c7in kuran kursunu bast\u0131: 300 \u00f6\u011frenci tutukland\u0131!"},"content":{"rendered":"<p style=\"text-align: justify;\"><strong><img loading=\"lazy\" decoding=\"async\" class=\" wp-image-6962 alignright\" src=\"https:\/\/iuhrdf.org\/tr\/wp-content\/uploads\/2017\/01\/cin-kuran-kursunu-basti-300-ogrenci-tutuklandi-h1485333691-d48ab7.jpg\" alt=\"\" width=\"421\" height=\"220\" srcset=\"https:\/\/iuhrdf.org\/tr\/wp-content\/uploads\/2017\/01\/cin-kuran-kursunu-basti-300-ogrenci-tutuklandi-h1485333691-d48ab7.jpg 599w, https:\/\/iuhrdf.org\/tr\/wp-content\/uploads\/2017\/01\/cin-kuran-kursunu-basti-300-ogrenci-tutuklandi-h1485333691-d48ab7-300x157.jpg 300w\" sizes=\"auto, (max-width: 421px) 100vw, 421px\" \/>Kom\u00fcnist \u00c7in y\u00f6netimi, Do\u011fu T\u00fcrkistan&#8217;n\u0131n Gulca b\u00f6lgesinde Kur\u2019an kursuna bask\u0131n d\u00fczenleyerek 300 \u00f6\u011frenciyi tutuklad\u0131\u011f\u0131n\u0131 a\u00e7\u0131kland\u0131.<\/strong><\/p>\n<p style=\"text-align: justify;\">Pekin\u2019in ge\u00e7ti\u011fimiz A\u011fustos ay\u0131nda Do\u011fu T\u00fcrkistan\u2019a atad\u0131\u011f\u0131, Tibet\u2019teki diktat\u00f6rl\u00fc\u011f\u00fc \u00a0esnas\u0131nda sergiledi\u011fi Nazi usul\u00fc uygulamalar\u0131 ile tan\u0131nan Hiyayist \u00c7inli Fa\u015fist \u00c7in i\u015fgal y\u00f6netiminin ba\u015f\u0131 \u00c7KP Sekreteri <strong>\u00c7in \u00c7inggu<\/strong>\u2019nun Do\u011fu T\u00fcrkistan\u2019daki ac\u0131mas\u0131z ve vah\u015fet derecesindeki \u00c7in fa\u015fizmi i\u00e7erikli uygulamalar\u0131na bir yenisini \u00a0daha ekledi\u011fi, <strong>Gulca\u2019da Kur\u2019an kursuna bask\u0131n d\u00fczenleyerek \u00a0300 ki\u015fiyi \u00a0tutuklad\u0131\u011f\u0131 a\u00e7\u0131kland\u0131.<\/strong><\/p>\n<p style=\"text-align: justify;\">\u00d6zg\u00fcr Asya radyosu\u2019nun kendilerine ula\u015fan bir mektuba dayanarak verdi\u011fi habere g\u00f6re \u00a0tutuklama olay\u0131n\u0131n \u00a0\u015f\u00f6yle ger\u00e7ekle\u015fti\u011fi bildirildi; \u201d\u00c7in \u0130\u015fgal y\u00f6netimi Gulca\u2019da 300 kadar ki\u015fiyi tutuklayarak hapsetti. <strong>Uygurlar kutsal islam akidelerini korumak ve devam ettirmek i\u00e7in a\u011f\u0131r bedeller \u00f6demektedir. 15 Aral\u0131k 2016 g\u00fcn\u00fc Gulca \u015fehir merkezindeki Ayd\u0131ng Mescidinin imam\u0131n\u0131n evi \u00c7in i\u015fgal g\u00fc\u00e7lerince aramaya tabi tutulmu\u015ftur.<\/strong><\/p>\n<p style=\"text-align: justify;\">Arama esnas\u0131nda evin mutfa\u011f\u0131nda bulunan kap ka\u00e7a\u011f\u0131n fazlal\u0131\u011f\u0131 \u0130\u015fgalc\u0131lar\u0131n dikkatini \u00e7ekmi\u015f ve evi daha ayr\u0131nt\u0131l\u0131 olarak kontrol ve aramaya tabi tutmu\u015ftur. Bu aramalar s\u0131ras\u0131nda evin alt\u0131n\u0131n kaz\u0131larak bodrum kat haline getirildi\u011fi ve bu mekan\u0131n Medrese olarak kullan\u0131ld\u0131\u011f\u0131n\u0131 tesbit etmi\u015ftir.<\/p>\n<p style=\"text-align: justify;\">Arama s\u0131ras\u0131nda 10 kadar Kur\u2019ani kerim h\u0131fz\u0131na \u00e7al\u0131\u015fan \u00c7ocuk, evin sahibi imam ile birlikte tutuklanarak g\u00f6t\u00fcr\u00fclm\u00fc\u015ft\u00fcr. <strong>\u0130mam ve \u00c7ocuklar\u0131n \u00c7in usul\u00fc i\u015fkenceli sorgular\u0131nda \u00e7ocuklar\u0131n aileleri ve Kur\u2019an Kursu\u2019na yard\u0131m eden veya bu kursun varl\u0131\u011f\u0131ndan bilgisi olan ve bu Medrese ile her hangi bir \u015fekilde ilintili oldu\u011fundan \u015f\u00fcphlenilen toplam 300 ki\u015fi tutukland\u0131.\u00a0<\/strong><\/p>\n<p style=\"text-align: justify;\"><strong>Gulca Emniyet Yetkilileri Olay\u0131 Do\u011frulad\u0131 Ancak ayr\u0131n\u0131t\u0131 vermeyi Reddetti.<\/strong><\/p>\n<p style=\"text-align: justify;\">\u00d6zg\u00fcr Asya radyosu muhabirleri kendilerine ula\u015fan mektuptak\u0131 tutuklama olaylar\u0131n\u0131 teyit etmek i\u00e7in \u0130li Kazak \u00d6zerk \u0130li Emniyet M\u00fcd\u00fcr\u00fcl\u00fc\u011f\u00fcne telefonla ula\u015farak bilgi almaya \u00e7al\u0131\u015ft\u0131klar\u0131n\u0131,Polislerin olay hakk\u0131nda bilgi vermeyi reddettiklerini ancak, \u00a0tutuklama olay\u0131n\u0131 \u00a0de inkar edemediklerini a\u00e7\u0131klad\u0131.<\/p>\n<p style=\"text-align: justify;\"><strong>Gulca Merkez Emniyet M\u00fcd\u00fcr\u00fc Abdurrah\u0131m:<\/strong>\u00a0Sorular\u0131 cevaplamay\u0131 kabaca reddetti ancak,Ayd\u0131ng Mescidi imam\u0131n\u0131n evini arad\u0131klar\u0131n\u0131 ve toplu tutuklama yapt\u0131klar\u0131n\u0131 inkar edemedi.<\/p>\n<p style=\"text-align: justify;\">\u00c7in i\u015fgal makamlar\u0131 bu \u00a0ve benzer olaylara ait bilgilere s\u0131k\u0131 sans\u00fcr uygulamakta ve bilgilerin d\u0131\u015far\u0131ya s\u0131zmas\u0131n\u0131 sert cezai tedbirlerle \u00f6nlemeye y\u00f6nelik tedbirler almaktad\u0131r.Ancak,buna ra\u011fmen,ge\u00e7 te olsa <strong>\u0130\u015fgalc\u0131 \u00c7in\u2019\u0131n Do\u011fu T\u00fcrkistan\u2019daki bask\u0131,zul\u00fcm ve ac\u0131mas\u0131z ve vah\u015fet derecesinde uygulamalar\u0131n\u0131n d\u0131\u015far\u0131ya s\u0131zmas\u0131n\u0131n \u00f6n\u00fcne ge\u00e7ilmesinde ve gizlenmesinde ba\u015far\u0131s\u0131z olduklar\u0131 b\u00f6ylece g\u00f6r\u00fclm\u00fc\u015f oluyor.<\/strong><\/p>\n<p style=\"text-align: justify;\"><strong>\u0130\u015fgalc\u0131 \u00c7in\u2019in \u00a0Do\u011fu T\u00fcrkistan\u2019da Son Y\u0131llardaki Kur\u2019an Kursu Bask\u0131nlar\u0131<\/strong><\/p>\n<p style=\"text-align: justify;\"><strong><br \/>\n<\/strong>1. 15 Aral\u0131k 2014 Urum\u00e7u Sayba\u011f olay\u0131:\u00a0Bulaksu Polis Merkezi\u2019nde g\u00f6revli bir Polis Memurunun anlatmas\u0131 ile olay su y\u00fcz\u00fcne \u00e7\u0131km\u0131\u015ft\u0131r. <strong>Bulaksu mahallesindeki bir yeralt\u0131 Medresenin tesbit edilmesi ile bu b\u00f6lgeye y\u00f6nelik genel bir arama ve tutuklama operasyonu ger\u00e7ekle\u015ftirilmi\u015fti.<\/strong><\/p>\n<p style=\"text-align: justify;\">\u00c7in i\u015fgal g\u00fc\u00e7lerinin bu Operasyonlar\u0131nda 20 Kur\u2019an kursu \u00f6\u011frencisi ile ahaliden 50 ki\u015fi olmak \u00fczere toplam 70 ki\u015fiyi tutuklam\u0131\u015ft\u0131r. \u00a0Bu operasyonlar esnas\u0131nda bu b\u00f6lgenin en n\u00fcfuzlu ve kalabal\u0131k ailelerinden \u0130slam \u0130smail\u2019\u0131n tutuklanmas\u0131 esnas\u0131nda \u00e7at\u0131\u015fmalar\u0131n de meydana geldi\u011fi bildirilmi\u015ftir.<\/p>\n<p style=\"text-align: justify;\">2. Eylul 2012 Hoten Vilayeti Loskuy Bostan kenti 2. Mahalle Kur\u2019an Kursunun Bas\u0131lmas\u0131: Evinin alt\u0131na kazd\u0131\u011f\u0131 bodrumu Medrese haline getiren din alimi Abdulhekim Sabit \u00c7in i\u015fgal g\u00fc\u00e7lerince vurularak \u015fehit edilmi\u015f ve say\u0131lar\u0131 tesbit edilmeyen medrese talebeleri de tutuklanarak g\u00f6t\u00fcr\u00fclm\u00fc\u015ft\u00fcr.<\/p>\n<p style=\"text-align: justify;\"><strong>M\u00fcsl\u00fcman Uygurlar Kutsal \u0130slam \u0130nan\u00e7lar\u0131 \u0130\u00e7in Bedel \u00d6demeye Her Zaman Haz\u0131r<\/strong><\/p>\n<p style=\"text-align: justify;\">Radyo\u2019ya g\u00f6nderilen mektupta \u015fu fadeler de yer al\u0131yor; \u00a0\u201d\u00c7in y\u00f6netimi her t\u00fcrl\u00fc tedbirler,\u00e7areler uygulamakta ve kanl\u0131 operasyonlar d\u00fczenleyerek Uygurlar\u0131 dini inanc\u0131ndan ay\u0131rmaya ve vage\u00e7irmeye \u00e7al\u0131\u015fmaktad\u0131r. Ancak M\u00fcsl\u00fcman Uygur T\u00fcrkleri mukaddes \u0130slam dininin kendi kimleklerini koruma ve devam ettirmelerindeki kesin r\u00f6l\u00fc ve yerinin \u00f6neminin \u00e7ok iyi \u015fekilde bilmektedir. <strong>Kurtulu\u015f ve h\u00fcrriyetlerinin elde edilme m\u00fccadelesinde kutsal \u0130slam dininin \u00a0en b\u00fcy\u00fck dayanak ve manevi g\u00fc\u00e7 oldu\u011funun bilincindedir.<\/strong><\/p>\n<p style=\"text-align: justify;\">Buna inanan \u00a0bir k\u0131s\u0131m se\u00e7kin M\u00fcsl\u00fcman Uygur gen\u00e7 ayd\u0131nlar\u0131 ve din alimleri geleceklerini teminat\u0131 olan \u00e7ocoklar\u0131n\u0131 yer alt\u0131nda kurduklar\u0131 Medreselerde her t\u00fcrl\u00fc bedeli g\u00f6ze alarak dini e\u011fitim vermeyi s\u00fcrd\u00fcrmeketedir. Ancak,M\u00fcsl\u00fcman Uygur T\u00fcrkleri bunun bedelini \u00e7ok a\u011f\u0131r \u00f6demektedir, Ancak bu m\u00fccadeleden vazge\u00e7mek niyetinde asla de\u011fildirler. <strong>M\u00fcsl\u00fcman Uygurlar Kutsal islam dini ve inana\u00e7lar\u0131 i\u00e7in her t\u00fcrl\u00fc bedel \u00a0\u00f6demeye ve zorluklara \u00a0g\u00f6\u011f\u00fcs germeyi her zaman derin bir inana\u00e7la s\u00fcrd\u00fcrecektir.<\/strong><\/p>\n<p style=\"text-align: justify;\">kaynak: <a href=\"http:\/\/www.yeniakit.com.tr\/haber\/cin-kuran-kursunu-basti-300-ogrenci-tutuklandi-266838.html\">Yeni Ak\u0131t Gazetesi<\/a><\/p>\n<p>&nbsp;<\/p>\n","protected":false},"excerpt":{"rendered":"<p>Kom\u00fcnist \u00c7in y\u00f6netimi, Do\u011fu T\u00fcrkistan&#8217;n\u0131n Gulca b\u00f6lgesinde Kur\u2019an kursuna bask\u0131n d\u00fczenleyerek 300 \u00f6\u011frenciyi tutuklad\u0131\u011f\u0131n\u0131 a\u00e7\u0131kland\u0131. Pekin\u2019in ge\u00e7ti\u011fimiz A\u011fustos ay\u0131nda Do\u011fu T\u00fcrkistan\u2019a atad\u0131\u011f\u0131, Tibet\u2019teki diktat\u00f6rl\u00fc\u011f\u00fc \u00a0esnas\u0131nda sergiledi\u011fi Nazi usul\u00fc uygulamalar\u0131 ile&#8230;<\/p>\n","protected":false},"author":1,"featured_media":6962,"comment_status":"open","ping_status":"open","sticky":false,"template":"","format":"standard","meta":{"footnotes":""},"categories":[282],"tags":[],"class_list":["post-6960","post","type-post","status-publish","format-standard","has-post-thumbnail","hentry","category-turkistan-haberleri"],"_links":{"self":[{"href":"https:\/\/iuhrdf.org\/tr\/wp-json\/wp\/v2\/posts\/6960","targetHints":{"allow":["GET"]}}],"collection":[{"href":"https:\/\/iuhrdf.org\/tr\/wp-json\/wp\/v2\/posts"}],"about":[{"href":"https:\/\/iuhrdf.org\/tr\/wp-json\/wp\/v2\/types\/post"}],"author":[{"embeddable":true,"href":"https:\/\/iuhrdf.org\/tr\/wp-json\/wp\/v2\/users\/1"}],"replies":[{"embeddable":true,"href":"https:\/\/iuhrdf.org\/tr\/wp-json\/wp\/v2\/comments?post=6960"}],"version-history":[{"count":5,"href":"https:\/\/iuhrdf.org\/tr\/wp-json\/wp\/v2\/posts\/6960\/revisions"}],"predecessor-version":[{"id":6966,"href":"https:\/\/iuhrdf.org\/tr\/wp-json\/wp\/v2\/posts\/6960\/revisions\/6966"}],"wp:featuredmedia":[{"embeddable":true,"href":"https:\/\/iuhrdf.org\/tr\/wp-json\/wp\/v2\/media\/6962"}],"wp:attachment":[{"href":"https:\/\/iuhrdf.org\/tr\/wp-json\/wp\/v2\/media?parent=6960"}],"wp:term":[{"taxonomy":"category","embeddable":true,"href":"https:\/\/iuhrdf.org\/tr\/wp-json\/wp\/v2\/categories?post=6960"},{"taxonomy":"post_tag","embeddable":true,"href":"https:\/\/iuhrdf.org\/tr\/wp-json\/wp\/v2\/tags?post=6960"}],"curies":[{"name":"wp","href":"https:\/\/api.w.org\/{rel}","templated":true}]}}