{"id":6976,"date":"2017-01-28T01:27:32","date_gmt":"2017-01-27T17:27:32","guid":{"rendered":"http:\/\/www.iuhrdf.org\/tr\/?p=6976"},"modified":"2017-01-28T01:28:39","modified_gmt":"2017-01-27T17:28:39","slug":"deasin-sozde-emiri-istanbulda-yakalandi","status":"publish","type":"post","link":"https:\/\/iuhrdf.org\/tr\/deasin-sozde-emiri-istanbulda-yakalandi\/","title":{"rendered":"DEA\u015e&#8217;\u0131n s\u00f6zde emiri \u0130stanbul&#8217;da yakaland\u0131"},"content":{"rendered":"<p style=\"text-align: justify;\"><strong>DAE\u015e&#8217;in Tacik, Uygur, \u00d6zbek ve Kazak k\u00f6kenli militanlar\u0131n\u0131n s\u00f6zde emiri olan Tacik Azra kod isimli DAE\u015e militan\u0131 \u0130stanbul&#8217;da yakaland\u0131.<\/strong><\/p>\n<p style=\"text-align: justify;\"><img loading=\"lazy\" decoding=\"async\" class=\"wp-image-6977 alignright\" src=\"https:\/\/iuhrdf.org\/tr\/wp-content\/uploads\/2017\/01\/79e6e5dca626efd8b3da4c351cd29f72_1369956_940x531jpg_610x375.jpeg\" alt=\"\" width=\"377\" height=\"232\" srcset=\"https:\/\/iuhrdf.org\/tr\/wp-content\/uploads\/2017\/01\/79e6e5dca626efd8b3da4c351cd29f72_1369956_940x531jpg_610x375.jpeg 610w, https:\/\/iuhrdf.org\/tr\/wp-content\/uploads\/2017\/01\/79e6e5dca626efd8b3da4c351cd29f72_1369956_940x531jpg_610x375-300x184.jpeg 300w\" sizes=\"auto, (max-width: 377px) 100vw, 377px\" \/>DAE\u015e ter\u00f6r \u00f6rg\u00fct\u00fcn\u00fcn Tacik, Uygur, \u00d6zbek ve Kazak k\u00f6kenli militanlar\u0131n\u0131n s\u00f6zde emiri oldu\u011fu belirlenen Tacik Azra kod isimli DAE\u015e militan\u0131 \u0130stanbul&#8217;da yakaland\u0131.<\/p>\n<p style=\"text-align: justify;\">DAE\u015e&#8217;in s\u00f6zde sorumlusunun yakaland\u0131\u011f\u0131 h\u00fccrede 3 \u015f\u00fcpheli daha g\u00f6zalt\u0131na al\u0131nd\u0131.<\/p>\n<p style=\"text-align: justify;\">Emniyetteki i\u015flemleri tamamlanan 4 \u015f\u00fcpheli de tutuklan\u0131rken, DAE\u015e&#8217;in \u00d6zbek, Kazak, Tacik ve \u00c7in h\u00fccrelerinin s\u00f6zde sorumlusu oldu\u011fu \u00f6ne s\u00fcr\u00fclen A.K.\u2019n\u0131n, Suriye\u2019ye ge\u00e7i\u015fleri organize etti\u011fi iddia edildi.<\/p>\n<p style=\"text-align: justify;\">Kaynak: <a href=\"http:\/\/www.haber10.com\/guncel\/deas_in_sozde_emiri_istanbul_da_yakalandi-683943\">haber 10<\/a><\/p>\n","protected":false},"excerpt":{"rendered":"<p>DAE\u015e&#8217;in Tacik, Uygur, \u00d6zbek ve Kazak k\u00f6kenli militanlar\u0131n\u0131n s\u00f6zde emiri olan Tacik Azra kod isimli DAE\u015e militan\u0131 \u0130stanbul&#8217;da yakaland\u0131. DAE\u015e ter\u00f6r \u00f6rg\u00fct\u00fcn\u00fcn Tacik, Uygur, \u00d6zbek ve Kazak k\u00f6kenli militanlar\u0131n\u0131n s\u00f6zde&#8230;<\/p>\n","protected":false},"author":1,"featured_media":6977,"comment_status":"open","ping_status":"open","sticky":false,"template":"","format":"standard","meta":{"footnotes":""},"categories":[282,280],"tags":[],"class_list":["post-6976","post","type-post","status-publish","format-standard","has-post-thumbnail","hentry","category-turkistan-haberleri","category-haberler"],"_links":{"self":[{"href":"https:\/\/iuhrdf.org\/tr\/wp-json\/wp\/v2\/posts\/6976","targetHints":{"allow":["GET"]}}],"collection":[{"href":"https:\/\/iuhrdf.org\/tr\/wp-json\/wp\/v2\/posts"}],"about":[{"href":"https:\/\/iuhrdf.org\/tr\/wp-json\/wp\/v2\/types\/post"}],"author":[{"embeddable":true,"href":"https:\/\/iuhrdf.org\/tr\/wp-json\/wp\/v2\/users\/1"}],"replies":[{"embeddable":true,"href":"https:\/\/iuhrdf.org\/tr\/wp-json\/wp\/v2\/comments?post=6976"}],"version-history":[{"count":2,"href":"https:\/\/iuhrdf.org\/tr\/wp-json\/wp\/v2\/posts\/6976\/revisions"}],"predecessor-version":[{"id":6979,"href":"https:\/\/iuhrdf.org\/tr\/wp-json\/wp\/v2\/posts\/6976\/revisions\/6979"}],"wp:featuredmedia":[{"embeddable":true,"href":"https:\/\/iuhrdf.org\/tr\/wp-json\/wp\/v2\/media\/6977"}],"wp:attachment":[{"href":"https:\/\/iuhrdf.org\/tr\/wp-json\/wp\/v2\/media?parent=6976"}],"wp:term":[{"taxonomy":"category","embeddable":true,"href":"https:\/\/iuhrdf.org\/tr\/wp-json\/wp\/v2\/categories?post=6976"},{"taxonomy":"post_tag","embeddable":true,"href":"https:\/\/iuhrdf.org\/tr\/wp-json\/wp\/v2\/tags?post=6976"}],"curies":[{"name":"wp","href":"https:\/\/api.w.org\/{rel}","templated":true}]}}