{"id":6983,"date":"2017-01-28T12:57:46","date_gmt":"2017-01-28T04:57:46","guid":{"rendered":"http:\/\/www.iuhrdf.org\/tr\/?p=6983"},"modified":"2017-01-28T12:59:44","modified_gmt":"2017-01-28T04:59:44","slug":"cin-uygur-universitelerinde-dini-yasak-ve-baskilarini-surduruyor","status":"publish","type":"post","link":"https:\/\/iuhrdf.org\/tr\/cin-uygur-universitelerinde-dini-yasak-ve-baskilarini-surduruyor\/","title":{"rendered":"\u00c7in Uygur \u00dcniversitelerinde Dini Yasak Ve Bask\u0131lar\u0131n\u0131 S\u00fcrd\u00fcr\u00fcyor"},"content":{"rendered":"<p style=\"text-align: justify;\">\u00c7in i\u015fgal y\u00f6netimi, M\u00fcsl\u00fcman Uygur \u00f6\u011fretim g\u00f6revlileri ve \u00f6\u011frencilerine dini inan\u00e7 ve ibadetlerine y\u00f6nelik uygulad\u0131\u011f\u0131 bask\u0131 ve yasaklamalar\u0131n\u0131n \u015fiddetini art\u0131rarak ve 7 maddelik yeni bir \u2018Yasaklar Genelgesi\u2019 yay\u0131nlad\u0131.<img loading=\"lazy\" decoding=\"async\" class=\" wp-image-6984 alignright\" src=\"https:\/\/iuhrdf.org\/tr\/wp-content\/uploads\/2017\/01\/dogu-turkistanda-isyan-kapida7be8596d86e52c67b663.jpg\" alt=\"\" width=\"427\" height=\"236\" srcset=\"https:\/\/iuhrdf.org\/tr\/wp-content\/uploads\/2017\/01\/dogu-turkistanda-isyan-kapida7be8596d86e52c67b663.jpg 700w, https:\/\/iuhrdf.org\/tr\/wp-content\/uploads\/2017\/01\/dogu-turkistanda-isyan-kapida7be8596d86e52c67b663-300x165.jpg 300w\" sizes=\"auto, (max-width: 427px) 100vw, 427px\" \/><\/p>\n<p style=\"text-align: justify;\"><strong>K\u00f6kl\u00fc De\u011fi\u015fim Medya<\/strong><\/p>\n<p style=\"text-align: justify;\">\u00c7in i\u015fgal y\u00f6netimi ge\u00e7en hafta ba\u015flayan yar\u0131y\u0131l tatilinde dahi M\u00fcsl\u00fcman Uygur \u00f6\u011frencilerine dini inan\u00e7 ve ibadetlerini koydu\u011fu bask\u0131 ve yasaklamalar\u0131n\u0131n \u015fiddetini bir kat daha artt\u0131rd\u0131\u011f\u0131 ve 7 maddelik yeni bir \u201c<strong>Yasaklar Genelgesi<\/strong>\u201d yay\u0131nlayarak ayk\u0131r\u0131 davrananlara a\u011f\u0131r ceza ve yapt\u0131r\u0131mlar uygulad\u0131\u011f\u0131 bildirildi.<\/p>\n<p style=\"text-align: justify;\">\u00a0<strong>\u00d6zg\u00fcr Asya radyosu<\/strong> Uygurca haber sitesinin baz\u0131 \u00c7in medyas\u0131 ile sosyal medya\u2019da yer alan habere g\u00f6re; <strong>18<\/strong> Ocak <strong>2017<\/strong>\u2019de Urum\u00e7i Merkezli Do\u011fu T\u00fcrkistan\u2019\u0131n \u00f6nde gelen \u201c<strong>Xinjiang<\/strong>\u201d ve <strong>Pedogoji \u00dcniversiteleri<\/strong> ba\u015fta bir\u00e7ok y\u00fcksek \u00f6\u011fretim kurumunun kurumsal internet sayfalar\u0131nda yar\u0131y\u0131l tatilinde \u00f6\u011frenciler i\u00e7in yeni y\u00f6netmelik ve talimatlar belirlendi. B\u00f6lge genelinde faaliyet g\u00f6steren b\u00fct\u00fcn y\u00fcksek \u00f6\u011fretim kurumlar\u0131na devam eden akademisyenler, \u00f6\u011fretim g\u00f6revlileri ve memurlar\u0131n uymas\u0131 gereken \u201c<strong>Xinjiang \u00dcniversiteleri \u00f6\u011fretim g\u00f6revlileri, \u00f6\u011frenciler ve bu kurumlarda g\u00f6rev yapan t\u00fcm memurlar i\u00e7in 7 Yasak Talimatnamesi<\/strong>\u201d ad\u0131 ile bir genelge yay\u0131mlanm\u0131\u015ft\u0131r.<\/p>\n<p style=\"text-align: justify;\"><strong>\u00dcniversite \u00d6\u011fretim \u00dcyeleri Ve \u0130dari Hizmetlerde \u00c7al\u0131\u015fanlar\u0131n Mutlaka Uymalar\u0131 Talep Edilen Hususlar \u015eunlard\u0131r;<\/strong><\/p>\n<ol style=\"text-align: justify;\">\n<li>Dini faaliyetler kesinlikte te\u015fvik edilmeyecek<\/li>\n<li>Dini faaliyetlere asla i\u015ftirak edilmeyecek<\/li>\n<li><strong>3<\/strong>. Dini i\u00e7erik \u00e7a\u011fr\u0131\u015ft\u0131ran ve tesett\u00fcrl\u00fc k\u0131yafetler giyilmeyecek<\/li>\n<li>Milletler \u0130ttifak\u0131, \u00c7in ve Uygurlar\u0131n birlik ve beraberli\u011fine halel getirici her t\u00fcrl\u00fc s\u00f6z ve eylemeden uzak durulmas\u0131<\/li>\n<li>Milletlerin birlik ve beraberli\u011fine y\u00f6nelik hi\u00e7bir eylemde bulunulamayacak<\/li>\n<li>Devletin birli\u011fini bozucu ve b\u00f6l\u00fcc\u00fc eylemlerde bulunulmayacak<\/li>\n<li>Her t\u00fcrl\u00fc k\u00f6hne ak\u0131m ve hurafelere itibar edilmeyecek.<\/li>\n<\/ol>\n<p>&nbsp;<\/p>\n<p style=\"text-align: justify;\"><strong>\u00d6\u011frenciler \u0130\u00e7in \u0130se \u015eu Yasaklamalar \u00d6ne \u00c7\u0131kar\u0131l\u0131yor;<\/strong><\/p>\n<ol style=\"text-align: justify;\">\n<li>Marksizm ve Din kar\u015f\u0131tl\u0131\u011f\u0131 (<strong>Ateizm<\/strong>) e\u011fitimi reddedilmeyecek<\/li>\n<li>Dine inan\u0131lmayacak ve dini faaliyette kesinlikle bulunulamayacak<\/li>\n<li>Dini i\u00e7erikli k\u0131yafetler giyilmeyecek<\/li>\n<li>Dini i\u00e7erikli kitaplar okunmayacak, da\u011f\u0131t\u0131lmayacak ve bulundurulamayacakt\u0131r.<\/li>\n<li>Etnik \u00c7in ve Uygur ve di\u011fer az\u0131nl\u0131k milletlere aras\u0131nda birlik ve beraberli\u011fi bozucu hi\u00e7bir s\u00f6ylem ve eylemde bulunulmayacak<\/li>\n<li>Milletlerin birlik ve beraberli\u011fi ile devletin g\u00fcvenli\u011fine ve aleyhinde hi\u00e7bir s\u00f6z ve harekette bulunulmayacak<\/li>\n<li>Milli b\u00f6l\u00fcc\u00fc faaliyetlere kesinlikle i\u015ftirak edilemeyecek<\/li>\n<\/ol>\n<p style=\"text-align: justify;\">Uzmanlar, i\u015fgalci \u00c7in\u2019in ge\u00e7ti\u011fimiz y\u0131llarda da bu ve benzeri talimatlar yay\u0131nlad\u0131klar\u0131n\u0131 ancak, bu y\u0131l \u00f6zel olarak Do\u011fu T\u00fcrkistanl\u0131 Uygur T\u00fcrkleri i\u00e7in yay\u0131nlanan bu genelgenin ilk kez b\u00f6lge\u2019ye \u00f6zel olmas\u0131n\u0131n dikkat \u00e7ekici oldu\u011funu vurgulad\u0131lar.<\/p>\n<p style=\"text-align: justify;\">\u00a0\u0130\u015fgalci \u00c7in\u2019in yeni atad\u0131\u011f\u0131 b\u00f6lge diktat\u00f6r\u00fc \u00c7in\u2019in Do\u011fu T\u00fcrkistan\u2019daki \u00c7in fa\u015fizmi temelli uygulamalar\u0131n\u0131n boyutunu g\u00f6stermesi bak\u0131m\u0131ndan bir ilk oldu\u011funu ifade ediyorlar.<\/p>\n<p style=\"text-align: justify;\">Kaynak:<a href=\"http:\/\/www.yeniakit.com.tr\/haber\/cin-uygurlu-musluman-cocuklara-7-maddelik-yasak-getirdi-269263.html\">\u00a0Yeni Ak\u0131t Gazetesi<\/a><\/p>\n","protected":false},"excerpt":{"rendered":"<p>\u00c7in i\u015fgal y\u00f6netimi, M\u00fcsl\u00fcman Uygur \u00f6\u011fretim g\u00f6revlileri ve \u00f6\u011frencilerine dini inan\u00e7 ve ibadetlerine y\u00f6nelik uygulad\u0131\u011f\u0131 bask\u0131 ve yasaklamalar\u0131n\u0131n \u015fiddetini art\u0131rarak ve 7 maddelik yeni bir \u2018Yasaklar Genelgesi\u2019 yay\u0131nlad\u0131. K\u00f6kl\u00fc De\u011fi\u015fim&#8230;<\/p>\n","protected":false},"author":1,"featured_media":6984,"comment_status":"open","ping_status":"open","sticky":false,"template":"","format":"standard","meta":{"footnotes":""},"categories":[282,280],"tags":[],"class_list":["post-6983","post","type-post","status-publish","format-standard","has-post-thumbnail","hentry","category-turkistan-haberleri","category-haberler"],"_links":{"self":[{"href":"https:\/\/iuhrdf.org\/tr\/wp-json\/wp\/v2\/posts\/6983","targetHints":{"allow":["GET"]}}],"collection":[{"href":"https:\/\/iuhrdf.org\/tr\/wp-json\/wp\/v2\/posts"}],"about":[{"href":"https:\/\/iuhrdf.org\/tr\/wp-json\/wp\/v2\/types\/post"}],"author":[{"embeddable":true,"href":"https:\/\/iuhrdf.org\/tr\/wp-json\/wp\/v2\/users\/1"}],"replies":[{"embeddable":true,"href":"https:\/\/iuhrdf.org\/tr\/wp-json\/wp\/v2\/comments?post=6983"}],"version-history":[{"count":3,"href":"https:\/\/iuhrdf.org\/tr\/wp-json\/wp\/v2\/posts\/6983\/revisions"}],"predecessor-version":[{"id":6988,"href":"https:\/\/iuhrdf.org\/tr\/wp-json\/wp\/v2\/posts\/6983\/revisions\/6988"}],"wp:featuredmedia":[{"embeddable":true,"href":"https:\/\/iuhrdf.org\/tr\/wp-json\/wp\/v2\/media\/6984"}],"wp:attachment":[{"href":"https:\/\/iuhrdf.org\/tr\/wp-json\/wp\/v2\/media?parent=6983"}],"wp:term":[{"taxonomy":"category","embeddable":true,"href":"https:\/\/iuhrdf.org\/tr\/wp-json\/wp\/v2\/categories?post=6983"},{"taxonomy":"post_tag","embeddable":true,"href":"https:\/\/iuhrdf.org\/tr\/wp-json\/wp\/v2\/tags?post=6983"}],"curies":[{"name":"wp","href":"https:\/\/api.w.org\/{rel}","templated":true}]}}