{"id":6989,"date":"2017-01-29T23:38:29","date_gmt":"2017-01-29T15:38:29","guid":{"rendered":"http:\/\/www.iuhrdf.org\/tr\/?p=6989"},"modified":"2017-01-29T23:39:04","modified_gmt":"2017-01-29T15:39:04","slug":"isgalci-cinmusluman-uygurlari-etnik-cin-bayarami-cagan-i-kutlamaya-zorluyor","status":"publish","type":"post","link":"https:\/\/iuhrdf.org\/tr\/isgalci-cinmusluman-uygurlari-etnik-cin-bayarami-cagan-i-kutlamaya-zorluyor\/","title":{"rendered":"I\u015fgalci \u00c7in, M\u00fcsl\u00fcman Uygurlari Etnik \u00c7in Bayarami \u201c \u00c7a\u011fan\u201d\u0131 Kutlamaya Zorluyor"},"content":{"rendered":"<p style=\"text-align: justify;\">Do\u011fu T\u00fcrkistan\u2019daki etnik \u00c7inli g\u00f6\u00e7menlerin pen\u00e7esinde olan \u00a0i\u015fgal y\u00f6netimi 27 Ocak-02 \u015eubat tarihleri aras\u0131nde etnik \u00c7inlilerin \u00a0kutlad\u0131klar\u0131 geleneksel \u00c7in y\u0131lba\u015f\u0131 Bayram\u0131n\u0131 M\u00fcsl\u00fcman Uygur T\u00fcrklerini de kutlamaya zorlad\u0131klar\u0131 a\u00e7\u0131kland\u0131.<strong><img loading=\"lazy\" decoding=\"async\" class=\" wp-image-6990 alignright\" src=\"https:\/\/iuhrdf.org\/tr\/wp-content\/uploads\/2017\/01\/0024UbMqgy6G8DuFOeQ18690.jpg\" alt=\"\" width=\"454\" height=\"283\" srcset=\"https:\/\/iuhrdf.org\/tr\/wp-content\/uploads\/2017\/01\/0024UbMqgy6G8DuFOeQ18690.jpg 500w, https:\/\/iuhrdf.org\/tr\/wp-content\/uploads\/2017\/01\/0024UbMqgy6G8DuFOeQ18690-300x187.jpg 300w\" sizes=\"auto, (max-width: 454px) 100vw, 454px\" \/><\/strong><br \/>\n\u00c7in\u2019in resmi yay\u0131n organlar\u0131ndan \u201cXinjiang gazetesi\u201d,Tergritag ve Halk Haber sitelerinde yer alan bilgilere g\u00f6re Uygur T\u00fcrklerinin \u00e7o\u011funlukta ya\u015fad\u0131\u011f\u0131,Aksu,Ka\u015fgar,Turfan,Yarkent,Hoten,Kumul ve \u0130li vilayetleri ile K\u0131rgiz T\u00fcrklerinin yo\u011funlukta ya\u015fad\u0131klar\u0131 \u00a0K\u0131z\u0131lsu \u0130l\u00e7esi\u2019n\u0131n \u00a0en ucra k\u00f6ylerine kadar \u00c7in \u00c7agan bayram\u0131n\u0131 kutlama komiteleri te\u015fkil edildi\u011fi ve bu komiteler arac\u0131l\u0131\u011f\u0131 ile bu etnik \u00c7in bayram\u0131n\u0131 kutlamaya zorland\u0131klar\u0131 belirtildi.<br \/>\n\u00c7in i\u015fgal y\u00f6netimi bu etnik \u00c7in bayram\u0131 kutlamalar\u0131n\u0131 bahane ederek de\u011fi\u015fik sanat ve k\u00fclt\u00fcr faaliyetleri tertip ettikleri ve Uygur T\u00fcrklerini ailece bu etkinliklere kat\u0131lmaya zorlad\u0131klar\u0131 bildirildi. S\u00f6zde \u00a0bu sanatsal ve k\u00fclt\u00fcrel etkinliklerde \u0130\u015fgal y\u00f6netiminin \u201cMilletlerin Birili\u011fi \u2013 \u0130kiz Ailelerin Faziletleri ve \u00c7in Kom\u00fcnist Partisi\u2019ne Methiyeler\u201d gibi resmi s\u00f6ylemlerinin \u00f6ne \u00e7\u0131kar\u0131ld\u0131\u011f\u0131 a\u00e7\u0131kland\u0131.<\/p>\n<p style=\"text-align: justify;\">\u0130\u015fgalc\u0131 \u00c7in y\u00f6netiminin a\u00e7\u0131k ve net bir etnik asimilasyon ve d\u00f6n\u00fc\u015ft\u00fcrme uygulamas\u0131 olan \u201c\u0130kiz Aileler = etnik \u00c7inlilerle Evlenme Yolu \u0130le Akrabal\u0131k Olu\u015fturma \u201c propagandas\u0131na h\u0131z verdikleri,Uygur Ailelerin, M\u00fcsl\u00fcman Uygur T\u00fcrklerinin dini e\u00e7irkli milli bir gelene\u011fi olan Pete K\u0131lmak = Fatiha okumak faaliyetini ateist veya ba\u015fka dinlere inanan etnik \u00c7inli g\u00f6\u00e7men ailelere de yapmalar\u0131na zorland\u0131klar\u0131 ayr\u0131ca, Uygurlar\u0131n an\u2019anevi hediye nesneleri olan Sangza,Toka\u00e7 (Ekmek \u00a0ve Pasta ) t\u00fcrleri evlerinde haz\u0131rlayarak \u00c7inli g\u00f6\u00e7menlerin evlerine \u00a0hediye olarak g\u00f6t\u00fcrd\u00fcklerine dair \u00a0resim ve g\u00f6r\u00fcnt\u00fcler yer al\u0131yor.<br \/>\nUzmanlar ; Pekin\u2019in Do\u011fu T\u00fcrkistan\u2019a atad\u0131\u011f\u0131 \u00a0b\u00f6lgenin tek hakimimutlak \u00c7KP.n\u0131n Hitayist diktat\u00f6r\u00fc \u00c7in \u00c7uvenggu\u2019nun Tibet\u2019te uygulad\u0131\u011f\u0131 \u00c7in fa\u015fizmi temelli bu NAZ\u0130 uygulamalar\u0131n\u0131n \u00a0 Do\u011fu T\u00fcrkistan\u2019da da ma\u011fluip olaca\u011f\u0131n\u0131n mukadder oldu\u011funu belirterek ; \u00c7KP: genel Sekreteri \u00c7in\u2019in bu uygulamalar\u0131n\u0131n merkezi \u00c7in h\u00fck\u00fcmetine kar\u015f\u0131 bir Siyasi r\u00fc\u015fvet olarak olarak icra etti\u011fini \u00a0ifade ediyorlar. B\u00f6lge Uzmanlar\u0131,bu ve benzeri \u00c7in fa\u015fisizmi temelli \u00a0uygulamalar\u0131n \u00a0zaten dayanma s\u0131n\u0131rlar\u0131n\u0131 zorlayan M\u00fcsl\u00fcman Uygur T\u00fcrklerinini ileride b\u00fcy\u00fck ve topyek\u00fcn bir ba\u015fkald\u0131r\u0131 hareketine y\u0131l a\u00e7mas\u0131ndan endi\u015fe ettiklerini belirtiyorlar.<\/p>\n<p style=\"text-align: justify;\">kaynak:<a href=\"http:\/\/www.uyghurnet.org\/43954-2\/\">Uygur Haber ve Ara\u015ft\u0131rma Merkezi(UYHAM)<\/a><\/p>\n","protected":false},"excerpt":{"rendered":"<p>Do\u011fu T\u00fcrkistan\u2019daki etnik \u00c7inli g\u00f6\u00e7menlerin pen\u00e7esinde olan \u00a0i\u015fgal y\u00f6netimi 27 Ocak-02 \u015eubat tarihleri aras\u0131nde etnik \u00c7inlilerin \u00a0kutlad\u0131klar\u0131 geleneksel \u00c7in y\u0131lba\u015f\u0131 Bayram\u0131n\u0131 M\u00fcsl\u00fcman Uygur T\u00fcrklerini de kutlamaya zorlad\u0131klar\u0131 a\u00e7\u0131kland\u0131. \u00c7in\u2019in resmi&#8230;<\/p>\n","protected":false},"author":1,"featured_media":6990,"comment_status":"open","ping_status":"open","sticky":false,"template":"","format":"standard","meta":{"footnotes":""},"categories":[285,280],"tags":[],"class_list":["post-6989","post","type-post","status-publish","format-standard","has-post-thumbnail","hentry","category-dogu-turkistan-hakkinda","category-haberler"],"_links":{"self":[{"href":"https:\/\/iuhrdf.org\/tr\/wp-json\/wp\/v2\/posts\/6989","targetHints":{"allow":["GET"]}}],"collection":[{"href":"https:\/\/iuhrdf.org\/tr\/wp-json\/wp\/v2\/posts"}],"about":[{"href":"https:\/\/iuhrdf.org\/tr\/wp-json\/wp\/v2\/types\/post"}],"author":[{"embeddable":true,"href":"https:\/\/iuhrdf.org\/tr\/wp-json\/wp\/v2\/users\/1"}],"replies":[{"embeddable":true,"href":"https:\/\/iuhrdf.org\/tr\/wp-json\/wp\/v2\/comments?post=6989"}],"version-history":[{"count":3,"href":"https:\/\/iuhrdf.org\/tr\/wp-json\/wp\/v2\/posts\/6989\/revisions"}],"predecessor-version":[{"id":6993,"href":"https:\/\/iuhrdf.org\/tr\/wp-json\/wp\/v2\/posts\/6989\/revisions\/6993"}],"wp:featuredmedia":[{"embeddable":true,"href":"https:\/\/iuhrdf.org\/tr\/wp-json\/wp\/v2\/media\/6990"}],"wp:attachment":[{"href":"https:\/\/iuhrdf.org\/tr\/wp-json\/wp\/v2\/media?parent=6989"}],"wp:term":[{"taxonomy":"category","embeddable":true,"href":"https:\/\/iuhrdf.org\/tr\/wp-json\/wp\/v2\/categories?post=6989"},{"taxonomy":"post_tag","embeddable":true,"href":"https:\/\/iuhrdf.org\/tr\/wp-json\/wp\/v2\/tags?post=6989"}],"curies":[{"name":"wp","href":"https:\/\/api.w.org\/{rel}","templated":true}]}}