{"id":7004,"date":"2017-02-04T01:50:14","date_gmt":"2017-02-03T17:50:14","guid":{"rendered":"http:\/\/www.iuhrdf.org\/tr\/?p=7004"},"modified":"2017-02-04T01:50:14","modified_gmt":"2017-02-03T17:50:14","slug":"cecen-ve-dogu-turkistan-uyruklulara-insan-haklari-ihlalleri-artti","status":"publish","type":"post","link":"https:\/\/iuhrdf.org\/tr\/cecen-ve-dogu-turkistan-uyruklulara-insan-haklari-ihlalleri-artti\/","title":{"rendered":"\u00c7e\u00e7en ve Do\u011fu T\u00fcrkistan uyruklulara \u0130nsan Haklar\u0131 ihlalleri artt\u0131"},"content":{"rendered":"<p style=\"text-align: justify;\"><img loading=\"lazy\" decoding=\"async\" class=\" wp-image-7005 alignright\" src=\"https:\/\/iuhrdf.org\/tr\/wp-content\/uploads\/2017\/02\/58947be546ca6.jpg\" alt=\"\" width=\"519\" height=\"292\" srcset=\"https:\/\/iuhrdf.org\/tr\/wp-content\/uploads\/2017\/02\/58947be546ca6.jpg 610w, https:\/\/iuhrdf.org\/tr\/wp-content\/uploads\/2017\/02\/58947be546ca6-300x169.jpg 300w\" sizes=\"auto, (max-width: 519px) 100vw, 519px\" \/>&#8220;Ortak\u00f6y&#8217;deki ter\u00f6r sald\u0131r\u0131s\u0131n\u0131n failinin yakalanmas\u0131 s\u00fcrecinde \u00c7e\u00e7en ve Do\u011fu T\u00fcrkistan uyruklu m\u00fclteciler, insan haklar\u0131 ihlalleriyle kar\u015f\u0131la\u015ft\u0131. Konuyla ilgili derne\u011fimize gelen ba\u015fvuru ve \u015fikayetler her g\u00fcn art\u0131yor&#8221;<\/p>\n<p style=\"text-align: justify;\">Uluslararas\u0131 M\u00fclteci Haklar\u0131 Derne\u011fi Ba\u015fkan\u0131 U\u011fur Y\u0131ld\u0131r\u0131m, Ortak\u00f6y&#8217;deki ter\u00f6r sald\u0131r\u0131s\u0131n\u0131n failinin yakalanmas\u0131 s\u00fcrecinde \u00c7e\u00e7en ve Do\u011fu T\u00fcrkistan uyruklu m\u00fcltecilerin insan haklar\u0131 ihlalleriyle kar\u015f\u0131la\u015ft\u0131klar\u0131n\u0131 s\u00f6yledi.<\/p>\n<p style=\"text-align: justify;\">Derne\u011fin Fatih&#8217;teki binas\u0131nda bas\u0131n a\u00e7\u0131klamas\u0131 yapan Y\u0131ld\u0131r\u0131m, T\u00fcrkiye&#8217;ye s\u0131\u011f\u0131nma ama\u00e7l\u0131 gelen \u00c7e\u00e7enistan ve Do\u011fu T\u00fcrkistanl\u0131lardan kendilerine gelen \u015fikayetlerde ciddi art\u0131\u015flar oldu\u011funu anlatt\u0131.<\/p>\n<p style=\"text-align: justify;\">Y\u0131ld\u0131r\u0131m, yasal ko\u015fullar\u0131 tam olarak ta\u015f\u0131mamas\u0131 nedeniyle s\u0131k\u0131nt\u0131 ya\u015fayan yabanc\u0131 uyruklu vatanda\u015flara ter\u00f6r \u00f6rg\u00fct\u00fc \u00fcyesi muamelesi yap\u0131ld\u0131\u011f\u0131 iddias\u0131n\u0131 dile getirerek, &#8220;Ortak\u00f6y&#8217;deki ter\u00f6r sald\u0131r\u0131s\u0131n\u0131n failinin yakalanmas\u0131 s\u00fcrecinde \u00c7e\u00e7en ve Do\u011fu T\u00fcrkistan uyruklu m\u00fclteciler, insan haklar\u0131 ihlalleriyle kar\u015f\u0131la\u015ft\u0131. Konuyla ilgili derne\u011fimize gelen ba\u015fvuru ve \u015fikayetler her g\u00fcn art\u0131yor.&#8221; dedi.<\/p>\n<p style=\"text-align: justify;\">Kumkap\u0131&#8217;daki Geri G\u00f6nderme Merkezi&#8217;nin yang\u0131n\u0131n ard\u0131ndan kapat\u0131lmas\u0131n\u0131n T\u00fcrkiye&#8217;deki m\u00fclteciler a\u00e7\u0131s\u0131ndan sorun haline geldi\u011fini aktaran Y\u0131ld\u0131r\u0131m, yabanc\u0131 uyruklu ki\u015filerin geri g\u00f6nderme merkezi yerine polis merkezlerinde bekletilmesinin ciddi problemler ortaya \u00e7\u0131kard\u0131\u011f\u0131n\u0131 savundu.<\/p>\n<p style=\"text-align: justify;\">Dernek \u00fcyesi g\u00f6n\u00fcll\u00fc avukatlar\u0131n bu gece polis merkezlerinde \u00d6zbek, \u00c7e\u00e7en ve Do\u011fu T\u00fcrkistan uyruklu m\u00fcltecilerin durumunu inceleyeceklerini ifade eden Y\u0131ld\u0131r\u0131m, &#8220;Bizim buradan \u00f6ncelikli temennimiz, geri g\u00f6ndermeler mutlaka durdurulmal\u0131. Bir insan\u0131n bile yanl\u0131\u015f \u015fekilde geri g\u00f6nderilmesi bizim taraf\u0131m\u0131zdan b\u00fct\u00fcn bir insanl\u0131\u011f\u0131n \u00f6l\u00fcm\u00fc adledilmektedir. Geri d\u00f6n\u00fc\u015f\u00fc, telafisi m\u00fcmk\u00fcn olmayan bir yola girilmesi anlam\u0131na gelmektedir. T\u00fcrkiye&#8217;ye s\u0131\u011f\u0131nm\u0131\u015f bu insanlar\u0131n, bu ma\u011fdurlar\u0131n, bu mazlumlar\u0131n \u00e7\u0131\u011fl\u0131klar\u0131na mutlaka kulak verin.&#8221; diye konu\u015ftu.<\/p>\n<p style=\"text-align: justify;\">Y\u0131ld\u0131r\u0131m, Kumkap\u0131&#8217;daki merkezin yerine en k\u0131sa s\u00fcrede yenisinin yap\u0131lmas\u0131n\u0131 istedi.<\/p>\n<p style=\"text-align: justify;\">Kaynak: <a href=\"http:\/\/www.pusulahaber.com.tr\/cecen-ve-dogu-turkistan-uyruklulara-insan-haklari-ihlalleri-artti-508214h.htm\" target=\"_blank\">\u00c7e\u00e7en ve Do\u011fu T\u00fcrkistan uyruklulara \u0130nsan Haklar\u0131 ihlalleri artt\u0131<\/a><\/p>\n","protected":false},"excerpt":{"rendered":"<p>&#8220;Ortak\u00f6y&#8217;deki ter\u00f6r sald\u0131r\u0131s\u0131n\u0131n failinin yakalanmas\u0131 s\u00fcrecinde \u00c7e\u00e7en ve Do\u011fu T\u00fcrkistan uyruklu m\u00fclteciler, insan haklar\u0131 ihlalleriyle kar\u015f\u0131la\u015ft\u0131. Konuyla ilgili derne\u011fimize gelen ba\u015fvuru ve \u015fikayetler her g\u00fcn art\u0131yor&#8221; Uluslararas\u0131 M\u00fclteci Haklar\u0131 Derne\u011fi&#8230;<\/p>\n","protected":false},"author":1,"featured_media":7005,"comment_status":"open","ping_status":"open","sticky":false,"template":"","format":"standard","meta":{"footnotes":""},"categories":[282,280],"tags":[],"class_list":["post-7004","post","type-post","status-publish","format-standard","has-post-thumbnail","hentry","category-turkistan-haberleri","category-haberler"],"_links":{"self":[{"href":"https:\/\/iuhrdf.org\/tr\/wp-json\/wp\/v2\/posts\/7004","targetHints":{"allow":["GET"]}}],"collection":[{"href":"https:\/\/iuhrdf.org\/tr\/wp-json\/wp\/v2\/posts"}],"about":[{"href":"https:\/\/iuhrdf.org\/tr\/wp-json\/wp\/v2\/types\/post"}],"author":[{"embeddable":true,"href":"https:\/\/iuhrdf.org\/tr\/wp-json\/wp\/v2\/users\/1"}],"replies":[{"embeddable":true,"href":"https:\/\/iuhrdf.org\/tr\/wp-json\/wp\/v2\/comments?post=7004"}],"version-history":[{"count":1,"href":"https:\/\/iuhrdf.org\/tr\/wp-json\/wp\/v2\/posts\/7004\/revisions"}],"predecessor-version":[{"id":7006,"href":"https:\/\/iuhrdf.org\/tr\/wp-json\/wp\/v2\/posts\/7004\/revisions\/7006"}],"wp:featuredmedia":[{"embeddable":true,"href":"https:\/\/iuhrdf.org\/tr\/wp-json\/wp\/v2\/media\/7005"}],"wp:attachment":[{"href":"https:\/\/iuhrdf.org\/tr\/wp-json\/wp\/v2\/media?parent=7004"}],"wp:term":[{"taxonomy":"category","embeddable":true,"href":"https:\/\/iuhrdf.org\/tr\/wp-json\/wp\/v2\/categories?post=7004"},{"taxonomy":"post_tag","embeddable":true,"href":"https:\/\/iuhrdf.org\/tr\/wp-json\/wp\/v2\/tags?post=7004"}],"curies":[{"name":"wp","href":"https:\/\/api.w.org\/{rel}","templated":true}]}}