{"id":7007,"date":"2017-02-06T23:39:43","date_gmt":"2017-02-06T15:39:43","guid":{"rendered":"http:\/\/www.iuhrdf.org\/tr\/?p=7007"},"modified":"2017-02-06T23:40:36","modified_gmt":"2017-02-06T15:40:36","slug":"ilham-tohtinin-serbest-birakilmasi-icin-protesto","status":"publish","type":"post","link":"https:\/\/iuhrdf.org\/tr\/ilham-tohtinin-serbest-birakilmasi-icin-protesto\/","title":{"rendered":"\u0130lham Tohti&#8217;nin serbest b\u0131rak\u0131lmas\u0131 i\u00e7in protesto"},"content":{"rendered":"<p style=\"text-align: justify;\">M\u00fcnih&#8217;te ya\u015fayan Do\u011fu T\u00fcrkistanl\u0131 vatanda\u015flar m\u00fcebbet hapis cezas\u0131na \u00e7arpt\u0131r\u0131larak \u00fc\u00e7 y\u0131ld\u0131r \u00c7in zindanlar\u0131nda tutulan Do\u00e7.Dr.\u0130lham Tohti&#8217;nin serbest b\u0131rakl\u0131lmas\u0131 i\u00e7in M\u00fcnih&#8217;te bir protesto eylemi d\u00fczenledi.<img loading=\"lazy\" decoding=\"async\" class=\" wp-image-7008 alignright\" src=\"https:\/\/iuhrdf.org\/tr\/wp-content\/uploads\/2017\/02\/7838.jpg\" alt=\"\" width=\"535\" height=\"226\" srcset=\"https:\/\/iuhrdf.org\/tr\/wp-content\/uploads\/2017\/02\/7838.jpg 660w, https:\/\/iuhrdf.org\/tr\/wp-content\/uploads\/2017\/02\/7838-300x127.jpg 300w\" sizes=\"auto, (max-width: 535px) 100vw, 535px\" \/><\/p>\n<p><span style=\"color: #ff0000;\"><span style=\"font-family: Arial, sans-serif;\"><span lang=\"tr-TR\" xml:lang=\"tr-TR\">Haber Merkezi \u2013 M\u00fcnih<\/span><\/span><\/span><\/p>\n<p style=\"text-align: justify;\"><span style=\"color: #000000;\"><span style=\"font-family: Arial, sans-serif;\"><span lang=\"tr-TR\" xml:lang=\"tr-TR\">Do\u011fu T\u00fcrkistanl\u0131 bilim adam\u0131, Uygur Demokrasi ve Hukuk Hareketi Lideri ve Uygurlar\u0131n vicdan\u0131 olarak an\u0131lan ve Ocak 2014\u2019ten beri M\u00fcebbet hapis cezas\u0131na \u00e7arpt\u0131r\u0131larak \u00c7in zindanlar\u0131nda tutulan Do\u00e7.Dr.\u0130lham Tohti&#8217;nin serbest b\u0131rakl\u0131lmas\u0131 i\u00e7in M\u00fcnih&#8217;te bir protesto eylemi tertiplendi. Protesto eyleminde sloganlar atan ve \u0130lham Tohti&#8217;nin b\u00f6lgesindeki liderlerle bar\u0131\u015f\u00e7\u0131l m\u00fczakere istedi\u011fini ancak \u00c7in h\u00fck\u00fcmetince her defas\u0131nda reddedildi\u011fini anlatan Uygurlular, 1989 Tiananmen protestolar\u0131 s\u0131ras\u0131nda Tohri&#8217;nin \u00f6nc\u00fc davran\u0131\u015flar\u0131n\u0131n unutulmamas\u0131 gerekti\u011fini s\u00f6yledi.<\/span><\/span><\/span><\/p>\n<p style=\"text-align: justify;\"><span style=\"color: #000000;\"><span style=\"font-family: Arial, sans-serif;\"><span lang=\"tr-TR\" xml:lang=\"tr-TR\">\u0130lham Tohti, Sincan Uygur \u00d6zerk B\u00f6lgesi&#8217;ndeki Urum\u00e7i Orta Halk Mahkemesinde 2014 y\u0131l\u0131nda yarg\u0131lanm\u0131\u015ft\u0131. Bu yarg\u0131lama, bas\u0131na ve uluslararas\u0131 g\u00f6zlemcilere kapal\u0131 yap\u0131lm\u0131\u015ft\u0131. Davada hakk\u0131ndaki b\u00fct\u00fcn su\u00e7lamalar\u0131 reddeden Tohti \u00f6m\u00fcr boyu hapis cezas\u0131na \u00e7apt\u0131r\u0131lm\u0131\u015f ve t\u00fcm mal varl\u0131\u011f\u0131na el konulmu\u015ftu. \u00c7in&#8217;in bu karar\u0131, ba\u015fta Avrupa Birli\u011fi (AB) \u00fcyeleri olmak \u00fczere bir\u00e7ok \u00fclke taraf\u0131ndan k\u0131nanm\u0131\u015ft\u0131.<\/span><\/span><\/span><\/p>\n<p style=\"text-align: justify;\">kaynak:\u00a0<a href=\"http:\/\/www.haberbayern.de\/ilham-tohtinin-serbest-birakilmasi-icin-protesto-3672h.htm\">Haber Bayern<\/a><\/p>\n","protected":false},"excerpt":{"rendered":"<p>M\u00fcnih&#8217;te ya\u015fayan Do\u011fu T\u00fcrkistanl\u0131 vatanda\u015flar m\u00fcebbet hapis cezas\u0131na \u00e7arpt\u0131r\u0131larak \u00fc\u00e7 y\u0131ld\u0131r \u00c7in zindanlar\u0131nda tutulan Do\u00e7.Dr.\u0130lham Tohti&#8217;nin serbest b\u0131rakl\u0131lmas\u0131 i\u00e7in M\u00fcnih&#8217;te bir protesto eylemi d\u00fczenledi. Haber Merkezi \u2013 M\u00fcnih Do\u011fu T\u00fcrkistanl\u0131&#8230;<\/p>\n","protected":false},"author":1,"featured_media":7008,"comment_status":"open","ping_status":"open","sticky":false,"template":"","format":"standard","meta":{"footnotes":""},"categories":[282,280],"tags":[],"class_list":["post-7007","post","type-post","status-publish","format-standard","has-post-thumbnail","hentry","category-turkistan-haberleri","category-haberler"],"_links":{"self":[{"href":"https:\/\/iuhrdf.org\/tr\/wp-json\/wp\/v2\/posts\/7007","targetHints":{"allow":["GET"]}}],"collection":[{"href":"https:\/\/iuhrdf.org\/tr\/wp-json\/wp\/v2\/posts"}],"about":[{"href":"https:\/\/iuhrdf.org\/tr\/wp-json\/wp\/v2\/types\/post"}],"author":[{"embeddable":true,"href":"https:\/\/iuhrdf.org\/tr\/wp-json\/wp\/v2\/users\/1"}],"replies":[{"embeddable":true,"href":"https:\/\/iuhrdf.org\/tr\/wp-json\/wp\/v2\/comments?post=7007"}],"version-history":[{"count":3,"href":"https:\/\/iuhrdf.org\/tr\/wp-json\/wp\/v2\/posts\/7007\/revisions"}],"predecessor-version":[{"id":7011,"href":"https:\/\/iuhrdf.org\/tr\/wp-json\/wp\/v2\/posts\/7007\/revisions\/7011"}],"wp:featuredmedia":[{"embeddable":true,"href":"https:\/\/iuhrdf.org\/tr\/wp-json\/wp\/v2\/media\/7008"}],"wp:attachment":[{"href":"https:\/\/iuhrdf.org\/tr\/wp-json\/wp\/v2\/media?parent=7007"}],"wp:term":[{"taxonomy":"category","embeddable":true,"href":"https:\/\/iuhrdf.org\/tr\/wp-json\/wp\/v2\/categories?post=7007"},{"taxonomy":"post_tag","embeddable":true,"href":"https:\/\/iuhrdf.org\/tr\/wp-json\/wp\/v2\/tags?post=7007"}],"curies":[{"name":"wp","href":"https:\/\/api.w.org\/{rel}","templated":true}]}}