{"id":7013,"date":"2017-02-06T23:55:37","date_gmt":"2017-02-06T15:55:37","guid":{"rendered":"http:\/\/www.iuhrdf.org\/tr\/?p=7013"},"modified":"2017-02-06T23:56:02","modified_gmt":"2017-02-06T15:56:02","slug":"istanbul-universitesi-deposunda-gizemli-bir-mumya-bulundu","status":"publish","type":"post","link":"https:\/\/iuhrdf.org\/tr\/istanbul-universitesi-deposunda-gizemli-bir-mumya-bulundu\/","title":{"rendered":"\u0130stanbul \u00dcniversitesi deposunda gizemli bir mumya bulundu!."},"content":{"rendered":"<p style=\"text-align: justify;\"><img loading=\"lazy\" decoding=\"async\" class=\" wp-image-7014 alignright\" src=\"https:\/\/iuhrdf.org\/tr\/wp-content\/uploads\/2017\/02\/0x0-istanbul-universitesi-deposundan-cikan-gizemli-mumya-1486271014545.jpeg\" alt=\"\" width=\"435\" height=\"588\" srcset=\"https:\/\/iuhrdf.org\/tr\/wp-content\/uploads\/2017\/02\/0x0-istanbul-universitesi-deposundan-cikan-gizemli-mumya-1486271014545.jpeg 527w, https:\/\/iuhrdf.org\/tr\/wp-content\/uploads\/2017\/02\/0x0-istanbul-universitesi-deposundan-cikan-gizemli-mumya-1486271014545-222x300.jpeg 222w\" sizes=\"auto, (max-width: 435px) 100vw, 435px\" \/>T\u0131p fak\u00fcltesi bodrumunda gizemli bir insan bedeni bulundu. M\u00fchendis Bedir \u201cG\u00fcney Amerika tekni\u011fiyle mumyalanm\u0131\u015f Uygur T\u00fcrk\u00fc\u201d derken, uzmanlar \u201c\u0130la\u00e7lanan kadavra\u201d yorumu yapt\u0131.<\/p>\n<p style=\"text-align: justify;\">\u0130stanbul \u00dcniversitesi&#8217;nin bodrum kat\u0131nda m\u00fchendis Yahya Bedir taraf\u0131ndan y\u0131llar \u00f6ncesinden kalma bir insan bedeni bulundu. Bedenin bir Uygur T\u00fcrk\u00fc&#8217;ne ait, G\u00fcney Amerika tekni\u011fiyle mumyalanm\u0131\u015f ve tarihi eser niteli\u011finde bir mumya oldu\u011fu iddia edildi. Bedir&#8217;e g\u00f6re, bulunan mumya T\u00fcrkler ile Amerikal\u0131lar aras\u0131ndaki ba\u011fa i\u015faret ediyor. &#8220;Mumyalama tekni\u011fi uygulamas\u0131&#8221; konusunda patent sertifikas\u0131 bulunan m\u00fchendis Yahya Bedir, \u0130stanbul \u00dcniversitesi T\u0131p Fak\u00fcltesi Anatomi binas\u0131n\u0131n bodrum kat\u0131nda depo olarak kullan\u0131lan odada bir insan bedeni buldu. Beden \u00fczerinde inceleme yapan m\u00fchendis Yahya Bedir, bedenin G\u00fcney Amerika tekni\u011fi ile mumyalanan bir mumya oldu\u011funu tespit etti. Bedir&#8217;e g\u00f6re bu mumya T\u00fcrkler ile Amerikal\u0131lar aras\u0131ndaki ba\u011fa i\u015faret ediyordu ve Amerika&#8217;n\u0131n k\u00e2\u015fifi olan Kolomb&#8217;tan \u00f6nce T\u00fcrkler&#8217;in orada ya\u015fad\u0131\u011f\u0131na dair b\u00fcy\u00fck bir delil olarak g\u00f6sterilebilirdi. Ve bulunan mumya iddiaya g\u00f6re bir Uygur T\u00fcrk\u00fc&#8217;ne aitti.<\/p>\n<p style=\"text-align: justify;\"><b>AMER\u0130KA \u0130LE ARAMIZDAK\u0130 BA\u011e<\/b><br \/>\n\u0130stanbul Fikri ve S\u0131nai Haklar Hukuk Mahkemesi&#8217;ne ba\u015fvurulan m\u00fchendis Bedir, \u00dcniversite&#8217;de &#8220;olas\u0131 mumya&#8221; diye adland\u0131r\u0131lan, hen\u00fcz mumya olup olmad\u0131\u011f\u0131 tespit edilmemi\u015f insan bedeninin tarihi eser niteli\u011fi ta\u015f\u0131d\u0131\u011f\u0131n\u0131 iddia etti. Bulunan bedenin hakiki mumya oldu\u011funu, &#8220;milli bir eser&#8221; niteli\u011fi ta\u015f\u0131d\u0131\u011f\u0131n\u0131, tarihi \u00f6zelli\u011finin ve \u00f6neminin y\u00fcksek oldu\u011funu vurgulayan Bedir, mumya ile ilgili k\u00e2\u015fif olarak g\u00f6rev almak istedi\u011fini belirterek, Tarihi eser niteli\u011findeki mumyay\u0131 saklay\u0131p kendisine g\u00f6stermedikleri i\u00e7in \u00fcniversiteye dava a\u00e7t\u0131. Mumyalama tekni\u011fi uzman\u0131 m\u00fchendis Yahya Bedir, &#8220;\u0130stanbul \u00dcniversitesi&#8217;nde bulunan bir Uygur T\u00fcrk&#8217;\u00fcne ait mumyada G\u00fcney Amerika mumyalama tekni\u011fi kullan\u0131lm\u0131\u015f. Bu da T\u00fcrklerin Kolomb&#8217;tan \u00f6nce Amerika&#8217;y\u0131 ke\u015ffetti\u011fini g\u00f6steriyor. Bu mumyay\u0131 inceleme hakk\u0131m var. E\u011fer mumyan\u0131n G\u00fcney Amerika tekni\u011fi ile yap\u0131ld\u0131\u011f\u0131n\u0131 ispat edersem bu ke\u015ffimden dolay\u0131 ka\u015fif olaca\u011f\u0131m. Ka\u015fiflik hakk\u0131m engellenemez&#8221; dedi.<\/p>\n<p style=\"text-align: justify;\"><b>&#8216;M\u00dcZEDE MUHAFAZA ED\u0130L\u0130YOR&#8217;<\/b><br \/>\nDaval\u0131lardan \u0130stanbul \u00dcniversitesi Rekt\u00f6rl\u00fc\u011f\u00fc ise, T\u0131p Fak\u00fcltesi Anatomi Anabilim Dal\u0131&#8217;nda &#8220;olas\u0131 mumya&#8221; olarak adland\u0131r\u0131lan bir mumyan\u0131n bulundu\u011funu ve mumya \u00fczerinde incelemelerin devam etti\u011fini belirtti. Dilek\u00e7ede &#8220;Y\u00fcksek\u00f6\u011fretim Kanunu&#8217;nda ka\u015fif diye bir unvan yoktur. Bu nedenle davan\u0131n reddini istiyoruz. Ayr\u0131ca davac\u0131n\u0131n mumya \u00fczerindeki iddias\u0131na dayand\u0131\u011f\u0131 hi\u00e7bir belgesi yoktur. Mumya \u00fcniversitemizce ara\u015ft\u0131r\u0131lmakta ve Anatomi M\u00fczesi&#8217;nde muhafaza edilmektedir&#8221; denildi.<\/p>\n<p><strong>HEYET KARARINI VERD\u0130<\/strong><br \/>\nK\u00fclt\u00fcr ve Tabiat Bakanl\u0131\u011f\u0131&#8217;nca Multidisipliner Ara\u015ft\u0131rma Komisyonu kurularak tarihi eser niteli\u011findeki mumyan\u0131n incelenmesine karar verildi. Mumya \u00fczerinde incelemeye yapan heyet, bulunan insan bedeninin ila\u00e7lanan bir kadavra oldu\u011funu, 2863 Say\u0131l\u0131 K\u00fclt\u00fcr ve Tabiat Varl\u0131klar\u0131n\u0131 Koruma Kanunu kapsam\u0131nda olmad\u0131\u011f\u0131n\u0131 belirtti. Dava, devam ediyor.<\/p>\n<p style=\"text-align: justify;\">Kaynak: <a href=\"http:\/\/www.ahaber.com.tr\/yasam\/2017\/02\/05\/istanbul-universitesi-deposunda-gizemli-bir-mumya-bulundu\">a \u00a0Haber<\/a><\/p>\n<p>&nbsp;<\/p>\n","protected":false},"excerpt":{"rendered":"<p>T\u0131p fak\u00fcltesi bodrumunda gizemli bir insan bedeni bulundu. M\u00fchendis Bedir \u201cG\u00fcney Amerika tekni\u011fiyle mumyalanm\u0131\u015f Uygur T\u00fcrk\u00fc\u201d derken, uzmanlar \u201c\u0130la\u00e7lanan kadavra\u201d yorumu yapt\u0131. \u0130stanbul \u00dcniversitesi&#8217;nin bodrum kat\u0131nda m\u00fchendis Yahya Bedir taraf\u0131ndan&#8230;<\/p>\n","protected":false},"author":1,"featured_media":7014,"comment_status":"open","ping_status":"open","sticky":false,"template":"","format":"standard","meta":{"footnotes":""},"categories":[282,280],"tags":[],"class_list":["post-7013","post","type-post","status-publish","format-standard","has-post-thumbnail","hentry","category-turkistan-haberleri","category-haberler"],"_links":{"self":[{"href":"https:\/\/iuhrdf.org\/tr\/wp-json\/wp\/v2\/posts\/7013","targetHints":{"allow":["GET"]}}],"collection":[{"href":"https:\/\/iuhrdf.org\/tr\/wp-json\/wp\/v2\/posts"}],"about":[{"href":"https:\/\/iuhrdf.org\/tr\/wp-json\/wp\/v2\/types\/post"}],"author":[{"embeddable":true,"href":"https:\/\/iuhrdf.org\/tr\/wp-json\/wp\/v2\/users\/1"}],"replies":[{"embeddable":true,"href":"https:\/\/iuhrdf.org\/tr\/wp-json\/wp\/v2\/comments?post=7013"}],"version-history":[{"count":2,"href":"https:\/\/iuhrdf.org\/tr\/wp-json\/wp\/v2\/posts\/7013\/revisions"}],"predecessor-version":[{"id":7016,"href":"https:\/\/iuhrdf.org\/tr\/wp-json\/wp\/v2\/posts\/7013\/revisions\/7016"}],"wp:featuredmedia":[{"embeddable":true,"href":"https:\/\/iuhrdf.org\/tr\/wp-json\/wp\/v2\/media\/7014"}],"wp:attachment":[{"href":"https:\/\/iuhrdf.org\/tr\/wp-json\/wp\/v2\/media?parent=7013"}],"wp:term":[{"taxonomy":"category","embeddable":true,"href":"https:\/\/iuhrdf.org\/tr\/wp-json\/wp\/v2\/categories?post=7013"},{"taxonomy":"post_tag","embeddable":true,"href":"https:\/\/iuhrdf.org\/tr\/wp-json\/wp\/v2\/tags?post=7013"}],"curies":[{"name":"wp","href":"https:\/\/api.w.org\/{rel}","templated":true}]}}