{"id":7017,"date":"2017-02-07T00:04:00","date_gmt":"2017-02-06T16:04:00","guid":{"rendered":"http:\/\/www.iuhrdf.org\/tr\/?p=7017"},"modified":"2017-02-07T10:46:34","modified_gmt":"2017-02-07T02:46:34","slug":"alperen-ocaklari-cin-zulmu-dun-oldugu-gibi-bugun-de-devam-ediyor","status":"publish","type":"post","link":"https:\/\/iuhrdf.org\/tr\/alperen-ocaklari-cin-zulmu-dun-oldugu-gibi-bugun-de-devam-ediyor\/","title":{"rendered":"Alperen Ocaklar\u0131: \u00c7in Zulm\u00fc D\u00fcn Oldu\u011fu Gibi Bug\u00fcn de Devam Ediyor.."},"content":{"rendered":"<p class=\"lead\" style=\"text-align: justify;\"><strong><img loading=\"lazy\" decoding=\"async\" class=\" wp-image-6962 alignright\" src=\"https:\/\/iuhrdf.org\/tr\/wp-content\/uploads\/2017\/01\/cin-kuran-kursunu-basti-300-ogrenci-tutuklandi-h1485333691-d48ab7.jpg\" alt=\"\" width=\"469\" height=\"245\" srcset=\"https:\/\/iuhrdf.org\/tr\/wp-content\/uploads\/2017\/01\/cin-kuran-kursunu-basti-300-ogrenci-tutuklandi-h1485333691-d48ab7.jpg 599w, https:\/\/iuhrdf.org\/tr\/wp-content\/uploads\/2017\/01\/cin-kuran-kursunu-basti-300-ogrenci-tutuklandi-h1485333691-d48ab7-300x157.jpg 300w\" sizes=\"auto, (max-width: 469px) 100vw, 469px\" \/>Alperen Ocaklar\u0131 E\u011fitim K\u00fclt\u00fcr ve Yard\u0131mla\u015fma Vakf\u0131 Genel Ba\u015fkan Yard\u0131mc\u0131s\u0131 \u00c7in&#8217;in Do\u011fu T\u00fcrkistan \u00fczerinde yapt\u0131\u011f\u0131 Gulca Katliam\u0131n\u0131 protesto eden bir a\u00e7\u0131klama yay\u0131nlad\u0131.<\/strong><\/p>\n<p style=\"text-align: justify;\">Alperen Ocaklar\u0131 E\u011fitim K\u00fclt\u00fcr ve Yard\u0131mla\u015fma Vakf\u0131 Genel Ba\u015fkan Yard\u0131mc\u0131s\u0131 \u00c7in&#8217;in Do\u011fu T\u00fcrkistan \u00fczerinde yapt\u0131\u011f\u0131 Gulca Katliam\u0131n\u0131 protesto eden bir a\u00e7\u0131klama yay\u0131nlad\u0131.<\/p>\n<p style=\"text-align: justify;\">\u00c7in&#8217;in Do\u011fu T\u00fcrkistanl\u0131 T\u00fcrkler \u00fczerindeki katliam politikas\u0131n\u0131n hala devam etti\u011fini savunan Alperen Ocaklar\u0131, 1949 y\u0131l\u0131ndan bu yana s\u00fcregelen \u00c7in zulm\u00fcn\u00fcn 5 \u015eubat 1997 y\u0131l\u0131nda Gulca katliam\u0131 ile zirve yapt\u0131\u011f\u0131n\u0131 vurgulad\u0131.<\/p>\n<p style=\"text-align: justify;\"><a class=\"klink\" title=\"Alperen Ocaklar\u0131 Genel Ba\u015fkan Yard\u0131mc\u0131s\u0131 K\u00fcr\u015fat Mican\" href=\"http:\/\/www.haberandum.com\/haberleri\/alperen+ocaklar%C4%B1+genel+ba%C5%9Fkan+yard%C4%B1mc%C4%B1s%C4%B1+k%C3%BCr%C5%9Fat+mican\" target=\"_blank\">Alperen Ocaklar\u0131 Genel Ba\u015fkan Yard\u0131mc\u0131s\u0131 K\u00fcr\u015fat Mican<\/a>&#8216;\u0131n a\u00e7\u0131klamas\u0131 \u015fu \u015fekilde;<\/p>\n<p style=\"text-align: justify;\">&#8221;5000 y\u0131ll\u0131k ata yurdumuzda, \u00c7in esareti alt\u0131nda ya\u015fayan Uygur T\u00fcrkleri\u2019nin 1949 y\u0131l\u0131ndan bu yana g\u00f6rd\u00fckleri zul\u00fcm ve i\u015fkenceler ne yaz\u0131k ki g\u00fcn\u00fcm\u00fczde de devam etmektedir.\u00a0Y\u0131llardan beri \u00c7in H\u00fck\u00fcmeti taraf\u0131ndan Do\u011fu T\u00fcrkistan\u2019da \u00a0yapt\u0131r\u0131lan katliamlarda; binlerce insan\u0131m\u0131z hayat\u0131n\u0131 yitirmi\u015f, y\u00fczbinlerce insan anayurdundan s\u00fcrg\u00fcn edilmek zorunda b\u0131rak\u0131lm\u0131\u015ft\u0131r.<\/p>\n<h3 style=\"text-align: justify;\"><strong>800 Uygur T\u00fcrk&#8217;\u00fc \u00d6ld\u00fcr\u00fclm\u00fc\u015ft\u00fc<\/strong><\/h3>\n<p class=\"lead\" style=\"text-align: justify;\">Gulca katliam\u0131, \u00c7in y\u00f6netimi taraf\u0131ndan 1949&#8217;dan beri i\u015fgali alt\u0131nda tuttu\u011fu Do\u011fu T\u00fcrkistan&#8217;\u0131n Gulca vilayetinde, 5 \u015eubat 1997&#8217;de ger\u00e7ekle\u015ftirilmi\u015ftir. Kadir Gecesi bir evde toplanarak Kur&#8217;an okuyan kad\u0131nlar\u0131n bask\u0131nla g\u00f6zalt\u0131na al\u0131nmas\u0131n\u0131 protesto eden Uygurlar\u0131n \u00fczerine g\u00fcvenlik g\u00fc\u00e7lerinin makineli t\u00fcfeklerle ate\u015f a\u00e7mas\u0131 sonucu 800 ki\u015fi hayat\u0131n\u0131 kaybetmi\u015f, \u00e7ok say\u0131da ki\u015fi yaralanm\u0131\u015f ve 4 binin \u00fczerinde Uygur tutuklanm\u0131\u015ft\u0131r.<\/p>\n<p style=\"text-align: justify;\">Do\u011fu T\u00fcrkistan Cumhuriyeti\u2019ni silah zoru ile y\u0131karak i\u015fgal eden \u00c7in&#8217;in s\u00f6zde Halk Kurtulu\u015f Ordusunun, 05 \u015eubat 1997 g\u00fcn\u00fc Gulca \u015fehrinde ba\u015flatt\u0131\u011f\u0131 ve yakla\u015f\u0131k bir ay s\u00fcren insanl\u0131k d\u0131\u015f\u0131 vah\u015fet ve katliamlar\u0131nda hayatlar\u0131n\u0131 kaybeden aziz \u015fehitlerimiz ile Do\u011fu T\u00fcrkistan ba\u015fta b\u00fct\u00fcn T\u00fcrk-\u0130slam d\u00fcnyas\u0131n\u0131n \u00f6zg\u00fcrl\u00fck ve ba\u011f\u0131ms\u0131zl\u0131\u011f\u0131 i\u00e7in canlar\u0131n\u0131 feda eden t\u00fcm \u015fehitlerimize Cenab-\u0131 haktan rahmet diliyor geride kalanlara da kutsal davam\u0131z yolunda azim ve kararl\u0131l\u0131k temenni ediyorum. &#8221;<\/p>\n<p class=\"lead\" style=\"text-align: justify;\">Kaynak : <a href=\"http:\/\/www.haberandum.com\/gundem\/alperen-ocaklari-cin-zulmu-dun-oldugu-gibi-bugun-de-devam-ediyor-h9195.html\">Haberandum<\/a><\/p>\n","protected":false},"excerpt":{"rendered":"<p>Alperen Ocaklar\u0131 E\u011fitim K\u00fclt\u00fcr ve Yard\u0131mla\u015fma Vakf\u0131 Genel Ba\u015fkan Yard\u0131mc\u0131s\u0131 \u00c7in&#8217;in Do\u011fu T\u00fcrkistan \u00fczerinde yapt\u0131\u011f\u0131 Gulca Katliam\u0131n\u0131 protesto eden bir a\u00e7\u0131klama yay\u0131nlad\u0131. Alperen Ocaklar\u0131 E\u011fitim K\u00fclt\u00fcr ve Yard\u0131mla\u015fma Vakf\u0131 Genel&#8230;<\/p>\n","protected":false},"author":1,"featured_media":6962,"comment_status":"open","ping_status":"open","sticky":false,"template":"","format":"standard","meta":{"footnotes":""},"categories":[282,280],"tags":[],"class_list":["post-7017","post","type-post","status-publish","format-standard","has-post-thumbnail","hentry","category-turkistan-haberleri","category-haberler"],"_links":{"self":[{"href":"https:\/\/iuhrdf.org\/tr\/wp-json\/wp\/v2\/posts\/7017","targetHints":{"allow":["GET"]}}],"collection":[{"href":"https:\/\/iuhrdf.org\/tr\/wp-json\/wp\/v2\/posts"}],"about":[{"href":"https:\/\/iuhrdf.org\/tr\/wp-json\/wp\/v2\/types\/post"}],"author":[{"embeddable":true,"href":"https:\/\/iuhrdf.org\/tr\/wp-json\/wp\/v2\/users\/1"}],"replies":[{"embeddable":true,"href":"https:\/\/iuhrdf.org\/tr\/wp-json\/wp\/v2\/comments?post=7017"}],"version-history":[{"count":2,"href":"https:\/\/iuhrdf.org\/tr\/wp-json\/wp\/v2\/posts\/7017\/revisions"}],"predecessor-version":[{"id":7019,"href":"https:\/\/iuhrdf.org\/tr\/wp-json\/wp\/v2\/posts\/7017\/revisions\/7019"}],"wp:featuredmedia":[{"embeddable":true,"href":"https:\/\/iuhrdf.org\/tr\/wp-json\/wp\/v2\/media\/6962"}],"wp:attachment":[{"href":"https:\/\/iuhrdf.org\/tr\/wp-json\/wp\/v2\/media?parent=7017"}],"wp:term":[{"taxonomy":"category","embeddable":true,"href":"https:\/\/iuhrdf.org\/tr\/wp-json\/wp\/v2\/categories?post=7017"},{"taxonomy":"post_tag","embeddable":true,"href":"https:\/\/iuhrdf.org\/tr\/wp-json\/wp\/v2\/tags?post=7017"}],"curies":[{"name":"wp","href":"https:\/\/api.w.org\/{rel}","templated":true}]}}