{"id":7020,"date":"2017-02-07T01:32:10","date_gmt":"2017-02-06T17:32:10","guid":{"rendered":"http:\/\/www.iuhrdf.org\/tr\/?p=7020"},"modified":"2017-02-07T01:32:10","modified_gmt":"2017-02-06T17:32:10","slug":"magduriyetler-yasaniyor","status":"publish","type":"post","link":"https:\/\/iuhrdf.org\/tr\/magduriyetler-yasaniyor\/","title":{"rendered":"Ma\u011fduriyetler ya\u015fan\u0131yor"},"content":{"rendered":"<p style=\"text-align: justify;\"><img loading=\"lazy\" decoding=\"async\" class=\"size-full wp-image-7021 alignright\" src=\"https:\/\/iuhrdf.org\/tr\/wp-content\/uploads\/2017\/02\/magduriyetler_yasaniyor522017772.jpg\" alt=\"\" width=\"448\" height=\"239\" srcset=\"https:\/\/iuhrdf.org\/tr\/wp-content\/uploads\/2017\/02\/magduriyetler_yasaniyor522017772.jpg 448w, https:\/\/iuhrdf.org\/tr\/wp-content\/uploads\/2017\/02\/magduriyetler_yasaniyor522017772-300x160.jpg 300w\" sizes=\"auto, (max-width: 448px) 100vw, 448px\" \/>Reina katliam\u0131 sonras\u0131nda \u00c7e\u00e7enistan ve Do\u011fu T\u00fcrkistan uyruklu ki\u015filer \u00fczerinde denetim s\u0131kla\u015ft\u0131r\u0131ld\u0131. D\u00fczenlenen operasyonlarda 60\u2019dan fazla ki\u015fi g\u00f6zalt\u0131na al\u0131nd\u0131.<\/p>\n<div style=\"text-align: justify;\">Reina katliam\u0131 sonras\u0131nda \u00c7e\u00e7enistan ve Do\u011fu T\u00fcrkistan uyruklu ki\u015filer \u00fczerinde denetim s\u0131kla\u015ft\u0131r\u0131ld\u0131. D\u00fczenlenen operasyonlarda 60\u2019dan fazla ki\u015fi g\u00f6zalt\u0131na al\u0131nd\u0131. G\u00f6zalt\u0131lar\u0131 gazetemize de\u011ferlendiren Do\u011fu T\u00fcrkistan uzman\u0131 Do\u00e7. Dr. Erkin Emet, \u0130stanbul\u2019daki Do\u011fu T\u00fcrkistanl\u0131 ve \u00c7e\u00e7en M\u00fcsl\u00fcmanlara a\u011f\u0131r bask\u0131lar oldu\u011funu ifade ederek, \u201cS\u0131rf uyruklar\u0131ndan dolay\u0131 \u00e7ok say\u0131da insan i\u00e7erde tutuluyor. Yetkililer bu sorunun \u00fczerine giderek ma\u011fduriyetleri bir an evvel gidermelidir\u201d dedi. Uluslararas\u0131 M\u00fclteci Haklar\u0131 Derne\u011fi Ba\u015fkan\u0131 U\u011fur Y\u0131ld\u0131r\u0131m da yapt\u0131\u011f\u0131 a\u00e7\u0131klamada, Ortak\u00f6y\u2019deki ter\u00f6r sald\u0131r\u0131s\u0131n\u0131n failinin yakalanmas\u0131 s\u00fcrecinde \u00c7e\u00e7en ve Do\u011fu T\u00fcrkistan uyruklu m\u00fcltecilerin insan haklar\u0131 ihlalleriyle kar\u015f\u0131la\u015ft\u0131klar\u0131n\u0131 dile getirdi.<\/div>\n<div style=\"text-align: justify;\"><\/div>\n<div style=\"text-align: justify;\">TOLGA SA\u00c7IKARALI \/ \u0130STANBUL<\/div>\n<div style=\"text-align: justify;\"><\/div>\n<div style=\"text-align: justify;\">31 Aral\u0131k gecesi bir e\u011flence merkezinde \u00d6zbek as\u0131ll\u0131 AbdulgadirMasharipov\u2019un yapt\u0131\u011f\u0131 katliam sonras\u0131, adeta cad\u0131 av\u0131 ba\u015flat\u0131ld\u0131. \u00d6zbekistanl\u0131lar ba\u015fta olmak \u00fczere \u00e7ok say\u0131da \u00c7e\u00e7en ve Do\u011fu T\u00fcrkistanl\u0131 g\u00f6zalt\u0131na al\u0131nd\u0131. Bir ay\u0131 a\u015fk\u0131n zamand\u0131r 60\u2019dan fazla ki\u015fi sorguda tutuluyor. Aileler, yetkilerden anormal \u015fekilde uzayan sorgular\u0131n bir an evvel tamamlan\u0131p serbest b\u0131rak\u0131lmalar\u0131n\u0131 istiyorlar. Konuyla ilgili a\u00e7\u0131klamalarda bulunan uzmanlar da, sorgular\u0131n daha fazla uzamamas\u0131 ve ya\u015fanan ma\u011fduriyetin giderilmesi gerekti\u011fini ifade ediyorlar.<\/div>\n<div style=\"text-align: justify;\"><\/div>\n<h3 style=\"text-align: justify;\">M\u00dcSL\u00dcMANLAR ZAN ALTINDA BIRAKILIYOR<\/h3>\n<div style=\"text-align: justify;\"><\/div>\n<div style=\"text-align: justify;\">Uluslararas\u0131 M\u00fclteci Haklar\u0131 Derne\u011fi Ba\u015fkan\u0131 U\u011fur Y\u0131ld\u0131r\u0131m, yapt\u0131\u011f\u0131 a\u00e7\u0131klamada, Ortak\u00f6y\u2019deki ter\u00f6r sald\u0131r\u0131s\u0131n\u0131n failinin yakalanmas\u0131 s\u00fcrecinde \u00c7e\u00e7en ve Do\u011fu T\u00fcrkistan uyruklu m\u00fcltecilerin insan haklar\u0131 ihlalleriyle kar\u015f\u0131la\u015ft\u0131klar\u0131n\u0131 dile getirdi. T\u00fcrkiye\u2019ye s\u0131\u011f\u0131nma ama\u00e7l\u0131 gelen \u00c7e\u00e7enistan ve Do\u011fu T\u00fcrkistanl\u0131lardan kendilerine gelen \u015fik\u00e2yetlerde ciddi art\u0131\u015flar oldu\u011funu anlatan Y\u0131ld\u0131r\u0131m, \u201cYasal ko\u015fullar\u0131 tam olarak ta\u015f\u0131mamas\u0131 nedeniyle s\u0131k\u0131nt\u0131 ya\u015fayan yabanc\u0131 uyruklu vatanda\u015flara ter\u00f6r \u00f6rg\u00fct\u00fc \u00fcyesi muamelesi yap\u0131l\u0131yor. Ortak\u00f6y\u2019deki ter\u00f6r sald\u0131r\u0131s\u0131n\u0131n failinin yakalanmas\u0131 s\u00fcrecinde \u00c7e\u00e7en ve Do\u011fu T\u00fcrkistan uyruklu m\u00fclteciler, insan haklar\u0131 ihlalleriyle kar\u015f\u0131la\u015ft\u0131. Konuyla ilgili derne\u011fimize gelen ba\u015fvuru ve \u015fik\u00e2yetler her g\u00fcn art\u0131yor\u201d diye konu\u015ftu.<\/div>\n<div style=\"text-align: justify;\"><\/div>\n<h3 style=\"text-align: justify;\">SU\u00c7SUZ YERE HAP\u0130S YATIYOR<\/h3>\n<div style=\"text-align: justify;\"><\/div>\n<div style=\"text-align: justify;\">Do\u00e7. Dr. Erkin Emet, Reina sald\u0131r\u0131s\u0131 sonras\u0131nda \u0130stanbul\u2019daki Do\u011fu T\u00fcrkistanl\u0131 ve \u00c7e\u00e7en M\u00fcsl\u00fcmanlara a\u011f\u0131r bask\u0131lar oldu\u011funu ifade ederek, \u201cY\u0131lba\u015f\u0131 gecesinde ya\u015fanan Reina facias\u0131 sonras\u0131nda adeta cad\u0131 av\u0131 ba\u015flad\u0131. Hi\u00e7bir delil olmamas\u0131na ra\u011fmen s\u0131rf uyruklar\u0131ndan dolay\u0131 50\u2019den fazla Do\u011fu T\u00fcrkistanl\u0131 su\u00e7suz yere hapis yat\u0131yor. Aileleri \u015fuan peri\u015fan durumda. OHAL\u2019den dolay\u0131 da sorgu s\u00fcreci \u00e7ok yava\u015f ilerliyor. Yetkililer bu sorunun \u00fczerine giderek ma\u011fduriyetleri bir an evvel gidermelidir\u201d dedi.<\/div>\n<div>Kaynak: \u00a0<a href=\"http:\/\/www.milligazete.com.tr\/magduriyetler_yasaniyor\/451296\">Milli Gazete<\/a><\/div>\n","protected":false},"excerpt":{"rendered":"<p>Reina katliam\u0131 sonras\u0131nda \u00c7e\u00e7enistan ve Do\u011fu T\u00fcrkistan uyruklu ki\u015filer \u00fczerinde denetim s\u0131kla\u015ft\u0131r\u0131ld\u0131. D\u00fczenlenen operasyonlarda 60\u2019dan fazla ki\u015fi g\u00f6zalt\u0131na al\u0131nd\u0131. Reina katliam\u0131 sonras\u0131nda \u00c7e\u00e7enistan ve Do\u011fu T\u00fcrkistan uyruklu ki\u015filer \u00fczerinde denetim&#8230;<\/p>\n","protected":false},"author":1,"featured_media":7021,"comment_status":"open","ping_status":"open","sticky":false,"template":"","format":"standard","meta":{"footnotes":""},"categories":[282,280],"tags":[],"class_list":["post-7020","post","type-post","status-publish","format-standard","has-post-thumbnail","hentry","category-turkistan-haberleri","category-haberler"],"_links":{"self":[{"href":"https:\/\/iuhrdf.org\/tr\/wp-json\/wp\/v2\/posts\/7020","targetHints":{"allow":["GET"]}}],"collection":[{"href":"https:\/\/iuhrdf.org\/tr\/wp-json\/wp\/v2\/posts"}],"about":[{"href":"https:\/\/iuhrdf.org\/tr\/wp-json\/wp\/v2\/types\/post"}],"author":[{"embeddable":true,"href":"https:\/\/iuhrdf.org\/tr\/wp-json\/wp\/v2\/users\/1"}],"replies":[{"embeddable":true,"href":"https:\/\/iuhrdf.org\/tr\/wp-json\/wp\/v2\/comments?post=7020"}],"version-history":[{"count":1,"href":"https:\/\/iuhrdf.org\/tr\/wp-json\/wp\/v2\/posts\/7020\/revisions"}],"predecessor-version":[{"id":7022,"href":"https:\/\/iuhrdf.org\/tr\/wp-json\/wp\/v2\/posts\/7020\/revisions\/7022"}],"wp:featuredmedia":[{"embeddable":true,"href":"https:\/\/iuhrdf.org\/tr\/wp-json\/wp\/v2\/media\/7021"}],"wp:attachment":[{"href":"https:\/\/iuhrdf.org\/tr\/wp-json\/wp\/v2\/media?parent=7020"}],"wp:term":[{"taxonomy":"category","embeddable":true,"href":"https:\/\/iuhrdf.org\/tr\/wp-json\/wp\/v2\/categories?post=7020"},{"taxonomy":"post_tag","embeddable":true,"href":"https:\/\/iuhrdf.org\/tr\/wp-json\/wp\/v2\/tags?post=7020"}],"curies":[{"name":"wp","href":"https:\/\/api.w.org\/{rel}","templated":true}]}}