{"id":7026,"date":"2017-02-07T10:24:33","date_gmt":"2017-02-07T02:24:33","guid":{"rendered":"http:\/\/www.iuhrdf.org\/tr\/?p=7026"},"modified":"2017-02-07T10:24:58","modified_gmt":"2017-02-07T02:24:58","slug":"turkiyede-yasayan-uygur-turklerinin-calisma-izinleri-yayinlanan-genelge-ile-resmilesti","status":"publish","type":"post","link":"https:\/\/iuhrdf.org\/tr\/turkiyede-yasayan-uygur-turklerinin-calisma-izinleri-yayinlanan-genelge-ile-resmilesti\/","title":{"rendered":"T\u00fcrkiye\u2019de ya\u015fayan Uygur T\u00fcrklerinin \u00e7al\u0131\u015fma izinleri yay\u0131nlanan genelge ile resmile\u015fti"},"content":{"rendered":"<p>Y\u0131lba\u015f\u0131nda \u0130stanbul\u2019da meydana gelen Reina sald\u0131r\u0131s\u0131 dikkatleri Orta Asya k\u00f6kenli DEA\u015e mensuplar\u0131na \u00e7evirdi. Do\u011fu T\u00fcrkistan Vakf\u0131 Genel Sekreteri Yrd. Do\u00e7. \u00d6mer Kul, ba\u015fta Uygur T\u00fcrkleri olmak \u00fczere, T\u00fcrkiye&#8217;de ya\u015fayan Orta Asya k\u00f6kenli binlerce insan\u0131n DEA\u015e&#8217;le ili\u015fkilendirilmekten rahats\u0131z oldu\u011funu s\u00f6yledi.<\/p>\n<p>Uygur T\u00fcrklerinin (T\u00fcrkistanl\u0131lar) \u00e7al\u0131\u015fma izinleri yay\u0131nlanan genelge ile resmile\u015fti:<\/p>\n<p><img loading=\"lazy\" decoding=\"async\" class=\" wp-image-7027 aligncenter\" src=\"https:\/\/iuhrdf.org\/tr\/wp-content\/uploads\/2017\/02\/09.jpg\" alt=\"\" width=\"768\" height=\"1024\" srcset=\"https:\/\/iuhrdf.org\/tr\/wp-content\/uploads\/2017\/02\/09.jpg 720w, https:\/\/iuhrdf.org\/tr\/wp-content\/uploads\/2017\/02\/09-225x300.jpg 225w\" sizes=\"auto, (max-width: 768px) 100vw, 768px\" \/><\/p>\n<p>Kaynak: <a href=\"http:\/\/kureselanaliz.com\/\">\u00a0K\u00fcresel Analiz<\/a><\/p>\n","protected":false},"excerpt":{"rendered":"<p>Y\u0131lba\u015f\u0131nda \u0130stanbul\u2019da meydana gelen Reina sald\u0131r\u0131s\u0131 dikkatleri Orta Asya k\u00f6kenli DEA\u015e mensuplar\u0131na \u00e7evirdi. Do\u011fu T\u00fcrkistan Vakf\u0131 Genel Sekreteri Yrd. Do\u00e7. \u00d6mer Kul, ba\u015fta Uygur T\u00fcrkleri olmak \u00fczere, T\u00fcrkiye&#8217;de ya\u015fayan Orta&#8230;<\/p>\n","protected":false},"author":1,"featured_media":7029,"comment_status":"open","ping_status":"open","sticky":false,"template":"","format":"standard","meta":{"footnotes":""},"categories":[282,280],"tags":[],"class_list":["post-7026","post","type-post","status-publish","format-standard","has-post-thumbnail","hentry","category-turkistan-haberleri","category-haberler"],"_links":{"self":[{"href":"https:\/\/iuhrdf.org\/tr\/wp-json\/wp\/v2\/posts\/7026","targetHints":{"allow":["GET"]}}],"collection":[{"href":"https:\/\/iuhrdf.org\/tr\/wp-json\/wp\/v2\/posts"}],"about":[{"href":"https:\/\/iuhrdf.org\/tr\/wp-json\/wp\/v2\/types\/post"}],"author":[{"embeddable":true,"href":"https:\/\/iuhrdf.org\/tr\/wp-json\/wp\/v2\/users\/1"}],"replies":[{"embeddable":true,"href":"https:\/\/iuhrdf.org\/tr\/wp-json\/wp\/v2\/comments?post=7026"}],"version-history":[{"count":1,"href":"https:\/\/iuhrdf.org\/tr\/wp-json\/wp\/v2\/posts\/7026\/revisions"}],"predecessor-version":[{"id":7028,"href":"https:\/\/iuhrdf.org\/tr\/wp-json\/wp\/v2\/posts\/7026\/revisions\/7028"}],"wp:featuredmedia":[{"embeddable":true,"href":"https:\/\/iuhrdf.org\/tr\/wp-json\/wp\/v2\/media\/7029"}],"wp:attachment":[{"href":"https:\/\/iuhrdf.org\/tr\/wp-json\/wp\/v2\/media?parent=7026"}],"wp:term":[{"taxonomy":"category","embeddable":true,"href":"https:\/\/iuhrdf.org\/tr\/wp-json\/wp\/v2\/categories?post=7026"},{"taxonomy":"post_tag","embeddable":true,"href":"https:\/\/iuhrdf.org\/tr\/wp-json\/wp\/v2\/tags?post=7026"}],"curies":[{"name":"wp","href":"https:\/\/api.w.org\/{rel}","templated":true}]}}