{"id":7030,"date":"2017-02-09T05:20:10","date_gmt":"2017-02-08T21:20:10","guid":{"rendered":"http:\/\/www.iuhrdf.org\/tr\/?p=7030"},"modified":"2017-02-09T05:20:10","modified_gmt":"2017-02-08T21:20:10","slug":"cin-abd-ile-savasa-hazirlanirken","status":"publish","type":"post","link":"https:\/\/iuhrdf.org\/tr\/cin-abd-ile-savasa-hazirlanirken\/","title":{"rendered":"\u00c7in, ABD ile sava\u015fa haz\u0131rlan\u0131rken&#8230;"},"content":{"rendered":"<p style=\"text-align: justify;\"><img loading=\"lazy\" decoding=\"async\" class=\"wp-image-7031 alignright\" src=\"https:\/\/iuhrdf.org\/tr\/wp-content\/uploads\/2017\/02\/cin-abd-ile-savasa-hazirlanirken-h1486544037-a7d0ab.jpg\" alt=\"\" width=\"436\" height=\"218\" srcset=\"https:\/\/iuhrdf.org\/tr\/wp-content\/uploads\/2017\/02\/cin-abd-ile-savasa-hazirlanirken-h1486544037-a7d0ab.jpg 625w, https:\/\/iuhrdf.org\/tr\/wp-content\/uploads\/2017\/02\/cin-abd-ile-savasa-hazirlanirken-h1486544037-a7d0ab-300x150.jpg 300w\" sizes=\"auto, (max-width: 436px) 100vw, 436px\" \/><\/p>\n<p style=\"text-align: justify;\">&#8221;\u0130nsan Haklar\u0131 Konusu, ABD i\u00e7in en ,\u00f6nemli ve asla b\u0131rak\u0131lmayacak ve \u00e7ok etkin bir silaht\u0131r&#8221; ifadelerini kullanan Uygur.net yazar\u0131 Mehmet Emin Hazret pasifikte ya\u015fanan gerilimi ve perde arkas\u0131n\u0131 kaleme ald\u0131.<\/p>\n<p style=\"text-align: justify;\">D\u00fcnya\u2019da Donald Trump ba\u015fkanl\u0131\u011f\u0131ndaki yeni ABD y\u00f6netiminin \u00a0insan haklar\u0131 ihlallerinden \u00a0dolay\u0131 hi\u00e7bir \u00fclkeyi s\u0131k\u0131\u015ft\u0131rmayaca\u011f\u0131 kan\u0131s\u0131 hakimd\u0131r. \u201cABD\u2019yi En b\u00fcy\u00fck yapaca\u011f\u0131m\u201d slogan\u0131 ile se\u00e7im kazanan ba\u015fkan <strong>Trump, ABD\u2019nin ekonomisine tehdit \u00a0olu\u015fturan \u00a0\u00fclkelere kar\u015f\u0131 ekonomik sava\u015f,\u00a0 g\u00fcvenlik \u00a0sorunu yaratan \u00fclkelere \u00a0ise, askeri \u00a0y\u00f6nden sava\u015f \u00a0a\u00e7maya kararl\u0131 g\u00f6z\u00fckmektedir. \u00a0<\/strong><\/p>\n<p style=\"text-align: justify;\">Ba\u015fkan Trump, ilgili sava\u015flara girmeden \u00f6nce, d\u00fcnya kamuoyunu ikna etmek i\u00e7in ABD\u2019nin eski ba\u015fkanlar\u0131n\u0131n \u00a0kulland\u0131\u011f\u0131 \u00a0y\u00f6ntemleri kullanacak m\u0131? ABD ordusunun <strong>Taliban \u00a0tehlikesi var diye Afganistan\u2019\u0131, Saddam tehdidini \u00f6ne s\u00fcrerek Irak\u2019\u0131, Kaddafi \u00a0bahanesi ile \u00a0Libya\u2019ya S\u0131rp Irk\u00e7\u0131s\u0131 Milosevi\u00e7\u2019\u0131n yapt\u0131klar\u0131 i\u00e7in S\u0131rbistan\u2019\u0131na sald\u0131rmadan \u00f6nce, en \u00e7ok dile getirdi\u011fi ve \u00a0\u00f6ncelikli konu \u00a0olarak insan haklar\u0131 ihlallerini \u00f6ne s\u00fcrmemi\u015f miydi ?<\/strong><\/p>\n<p style=\"text-align: justify;\">ABD, \u00a0e\u011fer ger\u00e7ekten \u00c7in ile \u00a0kap\u0131\u015facaksa, Pekin\u2019i su\u00e7\u00fcst\u00fc yakalamak \u00a0zorundad\u0131r. Bunun i\u00e7in de \u00c7in\u2019in i\u015fgalinde alt\u0131nda yok olma tehlikesi ile kar\u015f\u0131 kar\u015f\u0131ya bulunan Do\u011fu T\u00fcrkistan,Tibet ve di\u011fer i\u015fgal alt\u0131nda tuttu\u011fu \u00fclkelerdeki <strong>\u00a0ezilen \u00a0Milletlerin durumunu \u00f6ne \u00e7\u0131karmak zorundad\u0131r. \u00c7in\u2019in az\u0131nl\u0131klar\u0131 olarak tan\u0131mlad\u0131\u011f\u0131 bu \u00fclke halklar\u0131n\u0131n \u00a0muhalif g\u00fc\u00e7lerini kendi yan\u0131na \u00e7ekmesi gerekir.<\/strong><\/p>\n<p style=\"text-align: justify;\">Bunun i\u00e7in ise, \u00a0d\u00fcnya komu oyunun Pekin\u2019e olan tepkisini ve ard\u0131ndan \u00a0nefretini \u00a0olu\u015fturmak sureti ile kendi tezine hakl\u0131l\u0131k kazand\u0131rmas\u0131 gerekir. Bunun i\u00e7in ise, \u00a0\u00c7in\u2019in kendi y\u00f6netimi alt\u0131ndaki halklar\u0131n \u00a0insan haklar\u0131 ihlallerinden \u00a0ba\u015flamas\u0131 \u00a0sonuca en kolay ula\u015fabilecek bir strateji olacakt\u0131r.<\/p>\n<p style=\"text-align: justify;\">01 \u015eubat 2017 \u00a0g\u00fcn\u00fc Milyarder i\u015f adam\u0131 Rex Tillerson\u2019un ABD Senatosunda (Parlamentosu \u00dcst kanad\u0131nda) \u00a043 \u00a0red oyuna \u00a0kar\u015f\u0131, \u00a056 \u00a0kabul oyu \u00a0ile d\u0131\u015f i\u015fleri bakanl\u0131\u011f\u0131 onayland\u0131. <strong>Rex Tillerson hakk\u0131nda oylamaya ge\u00e7meden \u00f6nce Parlamentonun d\u0131\u015f ili\u015fkiler komisyonundaki baz\u0131 parlamento \u00fcyeleri Rex Tillerson\u2019dan, yeni h\u00fck\u00fcmetin Tibet meselesine olan tutumunun ne olaca\u011f\u0131n\u0131 sordular ve Tibet sorunun bir kez daha g\u00fcndeme getirmi\u015f oldular.<\/strong><\/p>\n<p style=\"text-align: justify;\">Senat\u00f6rlerin bu sorular\u0131na kar\u015f\u0131l\u0131k,\u00c7i\u00e7e\u011fi burnundaki D\u0131\u015f i\u015fleri bakan\u0131 Rex Tillerson verdi\u011fi cevab\u0131nda, \u00c7in\u2019deki \u0130nsan haklar\u0131 konusu, bilhassa siyasi tutuklular meselesi ABD \u2018nin yeni y\u00f6netiminin \u00a0 bundan b\u00f6yle \u00c7in ile \u00a0y\u00fcr\u00fct\u00fclecek \u00a0diplomatik ili\u015fkilerinde \u00a0\u00f6ncelikli mesele olarak \u00f6ne \u00e7\u0131kaca\u011f\u0131n\u0131 s\u00f6yledi. D\u0131\u015f i\u015fleri bakan\u0131 Tillerson \u201c\u00a0<strong>\u00c7inli H\u0131ristiyanlar, Budist Tibetliler, M\u00fcsl\u00fcman Uygurlar, Falungung tarikat \u00fcyelerinin dini \u00f6zg\u00fcrl\u00fckleri \u00a0 bizim \u00f6ncelikle \u00f6nem verece\u011fimiz konulard\u0131r.<\/strong>\u201d \u00a0ifadesini \u00f6zellikle kullanarak \u00c7in\u2019deki \u00a0dini \u00f6zg\u00fcrl\u00fck konusunun \u00a0\u00f6zel ve \u00f6ncelikli \u00a0takip edilecek \u00a0konular ve \u00c7in\u2019in de bu \u00fclkeler \u00a0listesinde \u00f6n s\u0131ralarda yer ald\u0131\u011f\u0131n\u0131n de \u00a0alt\u0131n\u0131 \u00e7izdi.<\/p>\n<p style=\"text-align: justify;\">ABD y\u00f6netimi \u00a0bu s\u00f6ylemleri ile \u00a0bundan sonra uygulayaca\u011f\u0131 \u00a0d\u0131\u015f politikada \u00c7in\u2019e kar\u015f\u0131 kullanmay\u0131 d\u00fc\u015f\u00fcnd\u00fc\u011f\u00fc \u00a0askeri bask\u0131lar\u0131n yan\u0131nda ve ona \u00a0paralel olarak \u00a0insan haklar\u0131 silah\u0131n\u0131 da etkin kullanaca\u011f\u0131n\u0131 \u00a0ilk kez dile getirmi\u015f oldu. <strong>\u00a0Bu y\u00fczden \u00c7in mahkumu Uygurlar, Tibetliler ve di\u011fer uluslar ABD.\u2019n\u0131n yeni ba\u015fkan\u0131 \u00a0Donald Trump\u2019\u0131n her \u015feyi ticari \u00a0ve ekonomik g\u00f6z ile bakarak i\u015f yapaca\u011f\u0131 endi\u015fesine kap\u0131lmamas\u0131 gerekti\u011fini d\u00fc\u015f\u00fcnmekteyim.<\/strong><\/p>\n<p style=\"text-align: justify;\"><strong>\u0130leride bir \u00c7in \u2013 ABD Sava\u015f\u0131 Ka\u00e7\u0131n\u0131lmaz G\u00f6z\u00fckmektedir\u00a0<\/strong><\/p>\n<p style=\"text-align: justify;\">ABD\u2019nin beyni PENTAGON (ABD Savunma bakanl\u0131\u011f\u0131) dur. D\u00fcnya \u00e7ap\u0131nda PENTAGON\u2019a ba\u011fl\u0131 800 den fazla ABD. askeri \u00fcss\u00fc vard\u0131r. ABD.y\u00f6netimi, \u00c7in\u2019in yay\u0131lmac\u0131l\u0131\u011f\u0131n\u0131 \u00f6nlemek i\u00e7in ABD deniz \u00a0kuvvetleri ve donanma g\u00fcc\u00fcn\u00fc Pasifi\u011fe kayd\u0131rma karar\u0131 \u00a0Obama \u00a0y\u00f6netimi taraf\u0131ndan al\u0131nm\u0131\u015ft\u0131r. Obama y\u00f6netimi sona ermi\u015f ve \u00a0gitmi\u015ftir. \u00a0ancak, PENTAGON yerinde durmaktad\u0131r.<\/p>\n<p style=\"text-align: justify;\">ABD. Ordusundan \u00a0emekli askerlerin \u00a0aktif ve \u00a0g\u00fc\u00e7l\u00fc deste\u011fi \u00a0ile se\u00e7imi kazanan Donald Trump, PENTAGON\u2019un\u00a0 beklentisini \u00a0hi\u00e7 unutmam\u0131\u015ft\u0131r. Trump se\u00e7im galibiyetinden hemen sonra, <strong>tek \u00c7in politikas\u0131n\u0131 terk etme \u00a0yolundaki yeni yol haritas\u0131n\u0131n \u00a0i\u015faretlerini vererek Pekin\u2019in s\u0131n\u0131r u\u00e7lar\u0131n\u0131 test etmi\u015f ve \u00c7in resmi medyas\u0131n\u0131n \u015fiddetli tepkisi ile kar\u015f\u0131la\u015fm\u0131\u015ft\u0131r.<\/strong><\/p>\n<p style=\"text-align: justify;\">\u0130\u015fte o yaz\u0131;<\/p>\n<p style=\"text-align: justify;\">\u00c7in\u2019e kar\u015f\u0131 kat\u0131 tutumu ile bilinen Trump\u2019\u0131n sa\u011f kolu ve ba\u015f stratejisti Steve Bannon, Trump taraf\u0131ndan\u00a0 ABD Ulusal G\u00fcvenlik Kurulu \u00fcyeli\u011fine atanm\u0131\u015ft\u0131r. \u00a0Bannon, Mart 2016 da G\u00fcney \u00c7in Denizi\u2019ndeki yapay adalar sebebiyle t\u0131rmanan ABD \u2013 \u00c7in gerginli\u011fi \u00fczerinde konu\u015furken \u201c5-10 y\u0131l i\u00e7inde ABD\u2019nin \u00c7in ile sava\u015f halinde olaca\u011f\u0131ndan hi\u00e7 \u015f\u00fcphem yoktur\u201d diye konu\u015fmu\u015ftur. <strong>Steve Bannon \u201cABD\u2019ni b\u00fcy\u00fck yapma\u201d slogan\u0131 ve stratejisinin mimar\u0131d\u0131r. Trump\u2019\u0131n\u00a0 halka a\u00e7\u0131k yemin t\u00f6reni konu\u015fma metnini yazan da Bannon oldu\u011fu ABD medyas\u0131nda \u00a0s\u0131kl\u0131kla \u00a0yer alm\u0131\u015ft\u0131r. Bundan sonra Ulusal G\u00fcvenlik Kurulu \u00fcyesi \u00a0Steve Bannon\u2019un her s\u00f6z\u00fc \u00e7ok ciddiye al\u0131nmas\u0131 gerekti\u011fini d\u00fc\u015f\u00fcn\u00fcyorum.<\/strong><\/p>\n<p style=\"text-align: justify;\">Yeni ABD d\u0131\u015fi\u015fleri bakan\u0131 Tillerson 11 ocak 2017 g\u00fcn\u00fc Senatodaki oturumda, G\u00fcney \u00c7in denizini kast ederek \u201cBiz \u00c7in\u2019e net olarak \u015fu mesaj\u0131 g\u00f6nderiyoruz.Mesajlar\u0131m\u0131z ise;<\/p>\n<p style=\"text-align: justify;\">1. \u00c7in yapay adalar yap\u0131m\u0131n\u0131 durdurmal\u0131.<\/p>\n<p style=\"text-align: justify;\">2. \u00c7in\u2019in bu adalara yakla\u015fmas\u0131na kesinlikle ve asla izin vermeyece\u011fiz. s\u00f6zleri ile ABD\u2019n\u0131n \u00a0 tavr\u0131n\u0131 a\u00e7\u0131k \u00a0ve net olarak ortaya koymu\u015ftur. Donald Trump\u2019\u0131n, 2013 de Vladimir Putin\u2019in elinden \u201cRusya dostu\u201d \u015feref madalyas\u0131 alan Rex Tillerson\u2019u d\u0131\u015f i\u015fleri bakan\u0131 yaparak, Rusya ile aray\u0131 d\u00fczeltip, askeri y\u0131\u011f\u0131na\u011f\u0131 \u00c7ine do\u011fru kayd\u0131rma stratejisi Do\u011fu T\u00fcrkistan ve Uygur T\u00fcrkleri \u00a0i\u00e7in \u00e7ok \u00f6nemli \u00a0ama, bir o kadar \u00a0\u00e7ok ciddi olarak alg\u0131lanmas\u0131 ve \u00a0tak\u0131p edilmesi gereken bir konudur.<\/p>\n<p style=\"text-align: justify;\">Pekin ise sava\u015f seferberli\u011fine \u00a0\u00e7ok \u00f6nceden \u00a0ba\u015flam\u0131\u015ft\u0131r. \u00a0Ocak 2017 ba\u015f\u0131nda \u201c S\u00f6zde \u00c7in \u00a0Halk Kurtulu\u015f Ordusu \u00a0ve \u00c7in \u00a0Halk sava\u015f\u0131 koordinasyon \u00a0Komitesi\u201d\u2019n\u0131n \u00a0kuruldu\u011fu resmen a\u00e7\u0131klanm\u0131\u015ft\u0131r. Bu \u00a0Komitenin \u00a0ba\u015fkanl\u0131\u011f\u0131n\u0131 \u00c7in devlet ba\u015fkan\u0131 Xijinpeng \u00a0bizzat \u00fcstlenmi\u015ftir. Bu a\u00e7\u0131klamadan hemen \u00a0sonra,yan\u0131 \u00a0ertesi g\u00fcn \u00c7in kara, hava, deniz kuvvetlerinden 47 \u00fcst d\u00fczey General g\u00f6revden al\u0131nm\u0131\u015ft\u0131r. Bunlardan \u00a0baz\u0131lar\u0131 tutuklanarak \u00a0ceza evine kapat\u0131lm\u0131\u015ft\u0131r. \u00a0G\u00f6revden al\u0131nan \u00c7in Ordusu \u00a0Generallerinin ba\u015f\u0131n\u0131 balaya sokan esas neden ise Ukrayna\u2019dan al\u0131nan ve \u00a0e\u011flence gemisi yap\u0131laca\u011f\u0131 yalan\u0131 ile \u0130stanbul ve \u00c7anakkale bo\u011fazlar\u0131ndan \u00a0ge\u00e7irilerek \u00a0\u00c7ine g\u00f6t\u00fcr\u00fclen \u201cVaryag\u201d gemisi olmu\u015ftur. Bu y\u00fczen platform,daha sonra \u00c7in\u2019de \u00a0u\u00e7ak gemisine d\u00f6n\u00fc\u015ft\u00fcr\u00fclm\u00fc\u015f ve \u00a02011\u2019de \u201cLiyaoning\u201d \u00a0ad\u0131 ile \u00a0\u00c7in deniz kuvvetlerinin hizmetine verilmi\u015ftir. Aral\u0131k 2016 da Tayvan bo\u011faz\u0131nda askeri tatbikat yapan \u201cLiyaoning\u201d u\u00e7ak gemisi h\u0131z\u0131n\u0131n normal u\u00e7ak gemi h\u0131z\u0131n\u0131n yar\u0131s\u0131 kadar oldu\u011fu, \u00c7in yap\u0131m\u0131 \u00e7elik u\u00e7ak pisinin, Sovyet yap\u0131m\u0131 gemi g\u00f6vdesine uyum sa\u011flayamad\u0131\u011f\u0131, sava\u015f u\u00e7aklar\u0131n\u0131n geceleri \u00a0inip kalkamamas\u0131 olmu\u015ftur. Ayr\u0131ca, 30 senelik \u00f6mr\u00fcn\u00fc suda ge\u00e7iren bu geminin ancak 20 \u00a0y\u0131ll\u0131k teknik \u00a0\u00f6mr\u00fc kald\u0131\u011f\u0131 gibi bir \u00e7ok \u00f6nemli teknik \u00a0yetersizlikiileri ve eksikler bat\u0131l\u0131 askeri uzmanlar taraf\u0131ndan ortaya \u00e7\u0131kar\u0131lm\u0131\u015ft\u0131r.Bunun \u00fczerine \u00a0bu durum kar\u015f\u0131s\u0131nda \u00a0k\u00fcplere binen \u00c7in devlet ba\u015fkan\u0131 Xi, Genel kurmay ba\u015fkan\u0131, Savunma bakan\u0131, Deniz kuvvetleri komutan\u0131 dahil 47 Generali beceriksizlik, g\u00f6revlerini ciddi olarak yerine getirmeme,yolsuzluk ve \u00a0r\u00fc\u015fvet\u00e7ilikle su\u00e7layarak g\u00f6revden alm\u0131\u015ft\u0131r.<\/p>\n<p style=\"text-align: justify;\">G\u00f6revden al\u0131nan Generallerin yerine <strong>20 ocak 2017 g\u00fcn\u00fc \u00a029 yeni atama yap\u0131lm\u0131\u015ft\u0131r. \u00a0\u00c7in ordusunun \u00a0\u00e7ok \u00f6nemli ve kritik \u00a0g\u00f6revlerine Deniz kuvvetlerinden \u00a0terfi eden Amiraller tayin edilmi\u015ftir.<\/strong><\/p>\n<p style=\"text-align: justify;\">\u00c7in ordusunun hala g\u00fc\u00e7l\u00fc oldu\u011funu sergilemek i\u00e7in tela\u015flanan Pekin, yeni bir hamle yapm\u0131\u015ft\u0131r. \u00a024 Ocak 2017 g\u00fcn\u00fc \u00c7in\u2019in Apple Daily gazetesi, \u00a0toplamda 3 k\u0131talararas\u0131 balistik f\u00fcze tugay\u0131n\u0131n Rusya (Uzakdo\u011fudaki Sibirya) <strong>\u00a0s\u0131n\u0131r\u0131ndaki \u00a0b\u00f6lgesindeki Heilongjiang eyaletinin Daqing ve Henan b\u00f6lgeleri ve \u00a0Xinyang kentleri ile Kazakistan s\u0131n\u0131r\u0131ndaki Do\u011fu T\u00fcrkistan b\u00f6lgesine \u00a0konu\u015fland\u0131r\u0131ld\u0131\u011f\u0131n\u0131 yazm\u0131\u015ft\u0131r.<\/strong><\/p>\n<p style=\"text-align: justify;\">\u00c7in kom\u00fcnist partinin resmi sesi olan Global Times:<strong> \u201cBaz\u0131 \u00e7evreler \u00c7in\u2019in att\u0131\u011f\u0131 bu askeri \u00a0ad\u0131mlar\u0131n Pekin\u2019in Ba\u015fkan Trump\u2019\u0131n provokatif a\u00e7\u0131klamalar\u0131na ve ABD\u2019nin \u00c7in ordusuna gereken sayg\u0131y\u0131 g\u00f6stermiyor olmas\u0131na verdi\u011fi bir yan\u0131t oldu\u011funu d\u00fc\u015f\u00fcn\u00fcyorlar.\u201d<\/strong> \u00a0ifadesini kullanm\u0131\u015ft\u0131r.<\/p>\n<p style=\"text-align: justify;\">\u00c7in\u2019in bu b\u00f6lgelere konu\u015fland\u0131rd\u0131\u011f\u0131 DF-41 k\u0131talararas\u0131 balistik f\u00fczeleri 10 adet kadar n\u00fckleer ba\u015fl\u0131k ta\u015f\u0131ma kapasitesine sahip, 14 bin km uzakl\u0131ktaki hedefleri vurma \u00a0yetene\u011fine sahiptir. \u00c7in bu f\u00fczeleri kuzey kutbu \u00fczerinden \u00a0ABD topraklar\u0131na g\u00f6ndermek i\u00e7in yerle\u015ftirdi\u011fi konusunda daha \u00f6nce \u00a0Ruslar\u0131 bilgilendirdi\u011fi i\u00e7in, Rusya y\u00f6netiminin \u00c7in\u2019in bu yeni askeri hamlelerine \u00a0ses \u00e7\u0131karmad\u0131\u011f\u0131 tahmin edilmektedir.<\/p>\n<p style=\"text-align: justify;\">G\u00fcney \u00c7in denizinde \u00c7in taraf\u0131ndan yap\u0131lan yapay adalar hakk\u0131nda, 28 haziran 2016 tarihinde uydudan \u00e7ekildi\u011fi bir foto\u011fraf \u00a0 d\u00fcnya medyas\u0131nda yay\u0131mland\u0131. \u0130lgili haberde bir\u00a0 yapay ada \u00fczerinde yap\u0131m\u0131 tamamlanan u\u00e7ak pistinin \u00a0uzunlu\u011funun \u00a03 km. \u00a0 oldu\u011fu tespit edilmi\u015ftir. Bu u\u00e7ak pistine Airbus A380 u\u00e7a\u011f\u0131 rahatl\u0131kla inip kalkabiliyor. \u00c7in\u2019in g\u00fcney \u00c7in denizindeki uluslararas\u0131 sularda\u00a0 yapmakta oldu\u011fu yapay adalar ve bu adalar \u00fczerinde kurduklar\u0131 askeri \u00fcslerin kullan\u0131labilir \u00a0hale getirilmesi \u00a0i\u00e7in \u00e7al\u0131\u015fmalar ba\u015f d\u00f6nd\u00fcr\u00fcc\u00fc bir h\u0131zla devam etmektedir.<br \/>\n\u00c7in ordusunda 20 Ocak\u2019taki atamalarda, g\u00fcney \u00c7in denizi filosu komutan\u0131\u00a0Amiral Shin jinlong(\u6c88\u91d1\u9f99) un deniz kuvvetleri \u00a0Komutanl\u0131\u011f\u0131na, kuzey deniz sava\u015f filosu komutan\u0131 Amiral Yuan Yu Bo (\u8881\u8a89\u67cf ) un g\u00fcney \u00c7in Kolordusu ba\u015f komutanl\u0131\u011f\u0131 g\u00f6revine \u00a0getirilmesi , \u00c7in ordusunun g\u00fcney \u00c7in denizindeki \u00a0sava\u015f kabiliyetini art\u0131rmas\u0131 ile ilgilidir. <strong>Deniz kuvvetlerindeki bir subay\u0131n kara kuvvetleri kolordu komutanl\u0131\u011f\u0131na atanmas\u0131 \u00c7in ordu tarihinde g\u00f6r\u00fclmemi\u015f bir \u00a0olayd\u0131r. Pekin \u00a0bu kez denizde bir sava\u015f yapma haz\u0131rl\u0131\u011f\u0131nda g\u00f6z\u00fckmektedir.<\/strong><\/p>\n<p style=\"text-align: justify;\"><strong>Camdan Saray \u0130\u00e7inde Oturan \u00c7in Kom\u00fcnist Parti \u0130ktidar\u0131 Ger\u00e7ekten Sava\u015fa Haz\u0131r m\u0131?<\/strong><\/p>\n<p style=\"text-align: justify;\">\u00c7in Kom\u00fcnist Partisi, \u00fclkenin hayat\u0131 \u00e7\u0131karlar\u0131 i\u00e7in iktidardan vaaz ge\u00e7ebilecek siyasi ahlaka sahip bir \u00f6rg\u00fct \u00a0asla de\u011fildir. \u00a0Bunun sebepleri, 2011 y\u0131l\u0131nda yay\u0131nlad\u0131\u011f\u0131m \u00a0 \u201cEjderhan\u0131n Korkusu T\u00fcrkiye\u201d kitab\u0131mda detayl\u0131 \u00a0olarak ele al\u0131nm\u0131\u015ft\u0131r. \u00c7KP, \u00c7in\u2019i yery\u00fcz\u00fcnden yok etmeyi g\u00f6ze alabilir. Ancak, iktidar\u0131 elden b\u0131rakmay\u0131 \u00a0asala ve hi\u00e7 bir zaman \u00a0g\u00f6ze alamaz. \u00c7\u00fcnk\u00fc \u00c7KP\u2019n\u0131n \u00c7in halk\u0131na,ulusuna ve i\u015fgal \u00a0etti\u011fi topraklarda \u00c7inli olmayan Milletlere kar\u015f\u0131 i\u015fledi\u011fi insanl\u0131k \u00a0su\u00e7lar\u0131 asla \u00a0ve kesinlikile af edilmez boyutlardad\u0131r. Bu y\u00fczden i\u00e7 muhalifleri \u00a0ac\u0131mas\u0131zca ve \u00a0hi\u00e7 bir insan\u0131 kural tan\u0131madan \u00a0imha etmeyi yasal hale \u00a0kavu\u015fturmak i\u00e7in \u00a0her hangi bir yabanc\u0131 bir d\u0131\u015f \u00fclke ile sava\u015fmaya acilen ihtiyac\u0131 vard\u0131r.<\/p>\n<p style=\"text-align: justify;\">\u00c7KP\u2019n\u0131n M\u00fcltimilyarder Kapalist Diktat\u00f6r Kodamanlar\u0131, Pekin\u2019de cam saray\u0131n i\u00e7inde oturmakta oldu\u011funu gayet iyi biliyorlar. Bu y\u00fczden, genel b\u00fct\u00e7eden i\u00e7 g\u00fcvenlik \u00a0i\u00e7in ay\u0131rd\u0131\u011f\u0131 miktar askeri harcamalar i\u00e7in tahsis etti\u011fi miktardan bir ka\u00e7 kat fazlad\u0131r. \u00c7in\u2019de toplum ile y\u00f6netim aras\u0131ndaki derin u\u00e7urum, \u00e7eli\u015fkiler, kin ve nefret dygular\u0131n inan\u0131lmaz boyutta ve ayn\u0131 zamanda \u00a0b\u00fcy\u00fck bir \u00a0belirsizlik s\u00fcreci i\u00e7indedir. <strong>T\u00fcnelin ucu kapal\u0131 ve \u00e7ok karanl\u0131kt\u0131r. \u00a0K\u0131sacas\u0131; kom\u00fcnist \u00a0\u00c7in b\u00fcy\u00fck bir \u00a0i\u00e7 sava\u015fa gebe g\u00f6r\u00fcnmektedir.<\/strong><\/p>\n<p style=\"text-align: justify;\">ABD.y\u00f6netimi, \u00c7inli \u00a0muhalifleri, Do\u011fu T\u00fcrkistan ve Tibet \u00a0organizasyonlar\u0131 ile \u00c7KP.kar\u015f\u0131t\u0131 \u00c7inli demokrat i\u00e7 muhalifler cephesini kendi yan\u0131na \u00e7ekebilirse ve onlar\u0131n \u00a0silahlanmas\u0131n\u0131 \u00a0sa\u011flarsa, o zaman, Pekin\u2019 in cam saray\u0131 h\u0131zla \u00e7atlamaya ba\u015flayacakt\u0131r. \u00c7in ana karas\u0131 d\u0131\u015f\u0131nda \u00a065 milyon \u00c7inli \u00a0ya\u015famaktad\u0131r. \u00a0\u0130\u015fgal alt\u0131ndaki \u00fclkeleri DO\u011fu T\u00fcrkistan\u2019dan ka\u00e7arak kom\u015fu T\u00fcrkistan Cumhuriyetleri ba\u015fta d\u00fcnhnyan\u0131n \u00e7e\u015fitli b\u00f6lgelerine s\u0131\u011f\u0131nan \u00a0ve \u00a0Yurt d\u0131\u015f\u0131nda s\u00fcrg\u00fcnde ya\u015famakta olan 1 milyonu a\u015fk\u0131n \u00a0Uygur T\u00fcrk\u00fc ile, 200 bin Tibetli vard\u0131r. Ger\u00e7i UygurT\u00fcrkleri ve \u00a0Tibetliler ba\u011f\u0131ms\u0131zl\u0131klar\u0131n\u0131 \u00a0elde etmek konusunda kesin ve ekararl\u0131d\u0131\u0131rlar ve bu yoldaki \u00e7al\u0131\u015fmalar\u0131n\u0131 y\u0131llard\u0131r s\u00fcrd\u00fcrmektedir. \u00a0Ayr\u0131ca, \u00c7KP.diktat\u00f6rl\u00fc\u011f\u00fcndeki Kom\u00fcnist rejimin y\u0131k\u0131lmas\u0131 noktas\u0131nda \u00a0b\u00fct\u00fcn muhalifler \u00a0ortak fikirde birle\u015febilecektir. Kom\u00fcnist rejime kar\u015f\u0131 \u00a0gurup ve de\u011fi\u015fik etnik unsurlar kendi aralar\u0131nda \u0130\u00e7 ve \u00a0d\u0131\u015f organizasyonunu yapabilecek yetenek ve kapasiteye sahiptirler.<\/p>\n<ul style=\"text-align: justify;\">\n<li>Kom\u00fcnist \u00c7ini ordular\u0131 taraf\u0131ndan 1949\u2019da ba\u011f\u0131\u0131ms\u0131z Do\u011fu T\u00fcrkistan Cumhuriyetleri ortadan kald\u0131r\u0131larak i\u015fgal edilen Do\u011fu T\u00fcrkistanl\u0131lar \u00a0tekrar ba\u011f\u0131ms\u0131z ve h\u00fcr Do\u011fu T\u00fcrkistan Cumuhuriyetlerini kurmak i\u00e7in 250 y\u0131ld\u0131r milyonlarca \u015fehit vererek hi\u00e7 durmadan ba\u011f\u0131m\u0131s\u0131zl\u0131k sava\u015f\u0131 vermektedirler. Do\u011fu T\u00fcrkistan T\u00fcrkleri olarak \u00a0h\u00fcrriyetlerini ve ba\u011f\u0131ms\u0131zl\u0131klar\u0131n\u0131 tekrar \u00a0elde etmek i\u00e7in \u00a0i\u00e7te ve d\u0131\u015fta her \u015feylerini \u00a0ortaya koymak i\u00e7in Millet olarak \u00e7oktan haz\u0131r ve naz\u0131rd\u0131rlar.<\/li>\n<li>1959\u2019da \u00c7in Kom\u00fcnist G\u00fc\u00e7lerince i\u015fgal edilen Tibet\u2019\u0131n siyasi ve dini Lideri Dalay lama \u00fclkesinin tekrar ba\u011f\u0131\u0131ms\u0131zl\u0131\u011fa kavu\u015fmas\u0131 i\u00e7in b\u00fcy\u00fck bir \u00e7aba i\u00e7erisindedir. Dinda\u015flar\u0131 Hindistan\u2019\u0131n Himalaya eteklerinde kenedilerine tahsis ederek kurdu\u011fu Dramsala keneti\u2019nde Tibet S\u00fcrg\u00fcn H\u00fck\u00fcmeti \u00f6nderli\u011findeki d\u00fcnyan\u0131n \u00e7e\u015fitli \u00fclkelerinde kurdu\u011fu g\u00fc\u00e7l\u00fc ve etekin \u00f6rg\u00fctlenemesi ile g\u00f6z doldurmaktad\u0131r.Dalay lama bu ba\u011f\u0131ms\u0131z\u0131l\u0131k m\u00fccadelesi i\u00e7in 1989 y\u0131l\u0131nda Nobel bar\u0131\u015f \u00d6d\u00fcl\u00fc ile \u00f6d\u00fcllendirilmi\u015ftir.<\/li>\n<\/ul>\n<ul style=\"text-align: justify;\">\n<li>\u00c7in\u2019in \u0130\u00e7 Mo\u011folistan \u00d6zerk B\u00f6lgesi olarak olarak i\u015fgal alt\u0131nda tuttu\u011fu G\u00fcney Mo\u011folistan halk\u0131 ise,ana vatanlar\u0131 Mo\u011folistan Cumhuriyeti ile bir an \u00f6nce birle\u015fmek ve y\u0131llar\u0131n hasretini ana vatana kat\u0131lmak suretiyle gidermek \u00a0istemektedir.<\/li>\n<li>1644- 1911 y\u0131llar\u0131 aras\u0131nda \u00c7in\u2019i y\u00f6neten ve \u00c7inili olmayan \u00a0Man\u00e7ur ulusu tekrar eski benliklerine kavu\u015fmak ve \u00a0\u00c7in\u2019den kurtularak ba\u011f\u0131ms\u0131z Man\u00e7urya Cumhuriyetini kurmak emelindedir.<\/li>\n<\/ul>\n<ul style=\"text-align: justify;\">\n<li>Tayvan ba\u011f\u0131ms\u0131z bir \u00fclkedir. Tarihte \u00a01949 y\u0131l\u0131na kadar \u00c7in\u2019in \u00a0hakimiyetine \u00a0hi\u00e7 bir zaman \u00a0 d\u00fc\u015fmemi\u015ftir. Bundan sonra da d\u00fc\u015fmemeye kararl\u0131d\u0131r.<\/li>\n<li>Hongkong tek ba\u015f\u0131na de\u011fil, \u00a0kenedisine kom\u015fu,\u00c7in ana karas\u0131n\u0131n g\u00fcneyindeki end\u00fcstri ve ticarek \u00a0b\u00f6lgesi olan Guvangdong eyaletini de yan\u0131na alarak ba\u011f\u0131ms\u0131z \u00a0bir devlet olmak \u00a0pe\u015findedir. (\u00c7\u00fcnk\u00fc onlar\u0131n dili ba\u015fkad\u0131r ve bu b\u00f6lge halklar\u0131 \u00a0kendilerini \u00c7in \u0131rk\u0131 ve \u00a0soyundan saym\u0131yorlar ve kabul etmiyorlar)<\/li>\n<\/ul>\n<p style=\"text-align: justify;\">ABD, \u00c7in\u2019in g\u00fcney ve orta k\u0131sm\u0131ndaki \u00c7in yay\u0131l\u0131mac\u0131l\u0131\u011f\u0131na set \u00e7ekebilirse, Japonya, Man\u00e7urya ve i\u00e7 Mo\u011folistan sorunu ile alakadar olursa ve \u00a0 Rusya, Do\u011fu T\u00fcrkistan ile, Hindistan ise,hamili\u011fini yapt\u0131\u011f\u0131 \u00a0Tibet ile ilgilenirse \u00c7in tehelikesi b\u00fcy\u00fck oranda ortadan kald\u0131r\u0131lm\u0131\u015f \u00a0olacakt\u0131r. Ayr\u0131ca, d\u00fcnya bar\u0131\u015f\u0131n\u0131 tehdit eden \u00c7in\u2019in n\u00fckleer ve \u00a0konvansiyonel silahlar\u0131 an\u0131nda etkisiz hale getirilirse, d\u00fcnyan\u0131 ve insanl\u0131\u011f\u0131 tahrib\u0131 ile sonu\u00e7lanmas\u0131 m\u00fchtemel \u00a0 3. D\u00fcnya sava\u015f\u0131na gerek kalmadan \u00c7in\u2019i i\u00e7ten \u00e7\u00f6kertmek ve d\u00fcnyaya tehdit olmaktan \u00e7\u0131kartmak tamamen m\u00fcmk\u00fcn olabilecektir. \u00c7in\u2019in genel \u00a0yap\u0131s\u0131 ve \u00a0bug\u00fcn geldi\u011fi nokta, bu \u00fclkenin birka\u00e7 \u00a0ba\u011f\u0131ms\u0131z \u00fclkeye \u00a0b\u00f6l\u00fcnmesini ve b\u00f6ylece \u00c7in esaretindeki \u00c7inli olmayan uluslar\u0131 ve b\u00f6lgelerin \u00f6zg\u00fcrle\u015ftirilmesini \u00a0zorunulu hale getirmektedir. <strong>Ayr\u0131ca, \u00c7KP.diktat\u00f6rl\u00fc\u011f\u00fcnden kurtar\u0131lan \u00a0\u00c7in ana karas\u0131n\u0131n de t \u00a0k\u00fcresel demokratik ve insan\u0131 de\u011ferler ile y\u00f6neltilen \u00a0\u00f6zg\u00fcr insanl\u0131r\u0131n ya\u015fad\u0131\u011f\u0131 h\u00fcr ve ba\u011f\u0131m\u0131s\u0131z bir \u00a0\u00fclke \u00a0hhaline gelmesini temini edecektir. \u00c7in,\u00f6zg\u00fcrle\u015ftirilme ve \u00a0b\u00f6l\u00fcnme potansiyelini \u00a0olgunla\u015ft\u0131ran bir \u00e7ok \u00f6nemli \u00a0i\u00e7 dinamiklere \u00a0sahiptir.<\/strong> \u00c7in, d\u00fcnyadaki \u00a0geli\u015fmi\u015f ve g\u00fc\u00e7l\u00fc ilk 10 \u00fclke aras\u0131ndan geriye at\u0131ld\u0131ktan sonra d\u00fcnya, C\u00fcmleden Avrasya k\u0131tas\u0131 daha g\u00fcvenli hale gelecektir. \u00c7\u00fcnk\u00fc \u00c7in\u2019e demokrasi ve \u00f6zg\u00fcrl\u00fck, \u00c7in i\u015fgali alt\u0131ndaki milletlere ba\u011f\u0131ms\u0131zl\u0131k sadece sava\u015f yolu ile ve bu sava\u015f\u0131n muhakkak kazan\u0131lmas\u0131 \u00a0ile \u00a0ancak m\u00fcmk\u00fcn olabilecektir.<\/p>\n<p style=\"text-align: justify;\">Mazlumu \u00a0ezmekten \u00a0mutlu olan ve haz alan, \u00a0Kendisini \u00a0eziyet ve bask\u0131 yapana \u00a0ezilmekten ho\u015flanan tarihi \u201c\u00c7in k\u00fclt\u00fcrel \u00fcst\u00fcnl\u00fck\u201d vir\u00fcs\u00fcnden bir t\u00fcrl\u00fc ar\u0131namayan,\u00a0 ola\u011fand\u0131\u015f\u0131 kibirli, ac\u0131mas\u0131z,merhamet ve insan\u0131 \u00a0duygulardan \u00a0yoksun gaddar bir y\u00f6netim olan \u00c7in kom\u00fcnist Partisinin anlayaca\u011f\u0131 tek dil vard\u0131r ; O da sadece ve sadece g\u00fc\u00e7t\u00fcr.<\/p>\n<p style=\"text-align: justify;\">kaynak:<a href=\"http:\/\/www.yeniakit.com.tr\/haber\/turkiyeye-100-milyar-dolarlik-dev-firsat-275771.html\"> Yeni Ak\u0131t<\/a><\/p>\n","protected":false},"excerpt":{"rendered":"<p>&#8221;\u0130nsan Haklar\u0131 Konusu, ABD i\u00e7in en ,\u00f6nemli ve asla b\u0131rak\u0131lmayacak ve \u00e7ok etkin bir silaht\u0131r&#8221; ifadelerini kullanan Uygur.net yazar\u0131 Mehmet Emin Hazret pasifikte ya\u015fanan gerilimi ve perde arkas\u0131n\u0131 kaleme ald\u0131&#8230;.<\/p>\n","protected":false},"author":1,"featured_media":7031,"comment_status":"open","ping_status":"open","sticky":false,"template":"","format":"standard","meta":{"footnotes":""},"categories":[282,280],"tags":[],"class_list":["post-7030","post","type-post","status-publish","format-standard","has-post-thumbnail","hentry","category-turkistan-haberleri","category-haberler"],"_links":{"self":[{"href":"https:\/\/iuhrdf.org\/tr\/wp-json\/wp\/v2\/posts\/7030","targetHints":{"allow":["GET"]}}],"collection":[{"href":"https:\/\/iuhrdf.org\/tr\/wp-json\/wp\/v2\/posts"}],"about":[{"href":"https:\/\/iuhrdf.org\/tr\/wp-json\/wp\/v2\/types\/post"}],"author":[{"embeddable":true,"href":"https:\/\/iuhrdf.org\/tr\/wp-json\/wp\/v2\/users\/1"}],"replies":[{"embeddable":true,"href":"https:\/\/iuhrdf.org\/tr\/wp-json\/wp\/v2\/comments?post=7030"}],"version-history":[{"count":1,"href":"https:\/\/iuhrdf.org\/tr\/wp-json\/wp\/v2\/posts\/7030\/revisions"}],"predecessor-version":[{"id":7032,"href":"https:\/\/iuhrdf.org\/tr\/wp-json\/wp\/v2\/posts\/7030\/revisions\/7032"}],"wp:featuredmedia":[{"embeddable":true,"href":"https:\/\/iuhrdf.org\/tr\/wp-json\/wp\/v2\/media\/7031"}],"wp:attachment":[{"href":"https:\/\/iuhrdf.org\/tr\/wp-json\/wp\/v2\/media?parent=7030"}],"wp:term":[{"taxonomy":"category","embeddable":true,"href":"https:\/\/iuhrdf.org\/tr\/wp-json\/wp\/v2\/categories?post=7030"},{"taxonomy":"post_tag","embeddable":true,"href":"https:\/\/iuhrdf.org\/tr\/wp-json\/wp\/v2\/tags?post=7030"}],"curies":[{"name":"wp","href":"https:\/\/api.w.org\/{rel}","templated":true}]}}