{"id":7041,"date":"2017-02-11T00:57:16","date_gmt":"2017-02-10T16:57:16","guid":{"rendered":"http:\/\/www.iuhrdf.org\/tr\/?p=7041"},"modified":"2017-02-11T00:57:26","modified_gmt":"2017-02-10T16:57:26","slug":"avrupa-parlamentosunda-uygur-turkleri-konusuldu","status":"publish","type":"post","link":"https:\/\/iuhrdf.org\/tr\/avrupa-parlamentosunda-uygur-turkleri-konusuldu\/","title":{"rendered":"Avrupa Parlamentosu\u2019nda Uygur T\u00fcrkleri Konu\u015fuldu"},"content":{"rendered":"<div style=\"text-align: justify;\"><img loading=\"lazy\" decoding=\"async\" class=\"wp-image-7042 alignright\" src=\"https:\/\/iuhrdf.org\/tr\/wp-content\/uploads\/2017\/02\/16473877_10211547675356396_1049808659695224176_n.jpg\" alt=\"\" width=\"255\" height=\"191\" srcset=\"https:\/\/iuhrdf.org\/tr\/wp-content\/uploads\/2017\/02\/16473877_10211547675356396_1049808659695224176_n.jpg 960w, https:\/\/iuhrdf.org\/tr\/wp-content\/uploads\/2017\/02\/16473877_10211547675356396_1049808659695224176_n-300x225.jpg 300w, https:\/\/iuhrdf.org\/tr\/wp-content\/uploads\/2017\/02\/16473877_10211547675356396_1049808659695224176_n-768x576.jpg 768w\" sizes=\"auto, (max-width: 255px) 100vw, 255px\" \/>Avrupa Parlamentosu Liberal Demokratlar Grubu \u00fcyesi ve Bulgaristan AP Milletvekili \u0130lhan K\u00fc\u00e7\u00fck\u2019\u00fcn ev sahipli\u011finde, Avrupa Parlamentosu b\u00fcnyesinde d\u00fczenlenen panelde, \u00c7in\u2019de ya\u015fayan Uygur T\u00fcrklerine y\u00f6nelik \u00c7in taraf\u0131ndan uygulanan politikalar ele al\u0131nd\u0131.<\/div>\n<div style=\"text-align: justify;\"><\/div>\n<div style=\"text-align: justify;\">Panelde a\u00e7\u0131l\u0131\u015f konu\u015fmas\u0131n\u0131 yapan AP Milletvekili \u0130lhan K\u00fc\u00e7\u00fck, \u00c7in\u2019in yeni ter\u00f6rle m\u00fccadele yasas\u0131n\u0131n, Uygur T\u00fcrklerinin haklar\u0131 a\u00e7\u0131s\u0131ndan \u00e7ok ciddi tehlikeler i\u00e7erdi\u011fini, AB olarak \u00c7in\u2019in bu tutumuna kar\u015f\u0131 daha g\u00fc\u00e7l\u00fc bir duru\u015f sergilenmesi gerekti\u011fini vurgulad\u0131.<\/div>\n<div style=\"text-align: justify;\"><\/div>\n<div style=\"text-align: justify;\">Toplant\u0131da konu\u015fan Uygur T\u00fcrklerinden Enver Tohti ise \u00c7in\u2019in Uygurlar\u0131 ter\u00f6rist olmakla su\u00e7lad\u0131\u011f\u0131n\u0131 oysa Uygurlar\u0131n \u00c7in\u2019de en k\u00f6kl\u00fc toplumlardan biri oldu\u011funu, asla ayr\u0131l\u0131k\u00e7\u0131 ve b\u00f6l\u00fcnme taleplerinin olmad\u0131\u011f\u0131n\u0131, fakat uydurma bahanelerle ter\u00f6rle m\u00fccadele yasas\u0131n\u0131n Uygur T\u00fcrklerini hedef ald\u0131\u011f\u0131n\u0131 ifade etti.<\/div>\n<div style=\"text-align: justify;\">Toplant\u0131ya \u00e7ok say\u0131da uzman konu\u015fmac\u0131 olarak kat\u0131l\u0131rken izleyicilerin de yo\u011fun ilgi g\u00f6sterdi\u011fi g\u00f6zlendi.<\/div>\n<div style=\"text-align: justify;\">kaynak: <a href=\"http:\/\/www.yenivatan.be\/avrupa-parlamentosunda-uygur-turkleri-konusuldu\/\">Yeni Ak\u0131t Gazetesi<\/a><\/div>\n","protected":false},"excerpt":{"rendered":"<p>Avrupa Parlamentosu Liberal Demokratlar Grubu \u00fcyesi ve Bulgaristan AP Milletvekili \u0130lhan K\u00fc\u00e7\u00fck\u2019\u00fcn ev sahipli\u011finde, Avrupa Parlamentosu b\u00fcnyesinde d\u00fczenlenen panelde, \u00c7in\u2019de ya\u015fayan Uygur T\u00fcrklerine y\u00f6nelik \u00c7in taraf\u0131ndan uygulanan politikalar ele al\u0131nd\u0131&#8230;.<\/p>\n","protected":false},"author":1,"featured_media":7042,"comment_status":"open","ping_status":"open","sticky":false,"template":"","format":"standard","meta":{"footnotes":""},"categories":[1,281],"tags":[],"class_list":["post-7041","post","type-post","status-publish","format-standard","has-post-thumbnail","hentry","category-cin-haberleri","category-uygur-haberleri"],"_links":{"self":[{"href":"https:\/\/iuhrdf.org\/tr\/wp-json\/wp\/v2\/posts\/7041","targetHints":{"allow":["GET"]}}],"collection":[{"href":"https:\/\/iuhrdf.org\/tr\/wp-json\/wp\/v2\/posts"}],"about":[{"href":"https:\/\/iuhrdf.org\/tr\/wp-json\/wp\/v2\/types\/post"}],"author":[{"embeddable":true,"href":"https:\/\/iuhrdf.org\/tr\/wp-json\/wp\/v2\/users\/1"}],"replies":[{"embeddable":true,"href":"https:\/\/iuhrdf.org\/tr\/wp-json\/wp\/v2\/comments?post=7041"}],"version-history":[{"count":1,"href":"https:\/\/iuhrdf.org\/tr\/wp-json\/wp\/v2\/posts\/7041\/revisions"}],"predecessor-version":[{"id":7043,"href":"https:\/\/iuhrdf.org\/tr\/wp-json\/wp\/v2\/posts\/7041\/revisions\/7043"}],"wp:featuredmedia":[{"embeddable":true,"href":"https:\/\/iuhrdf.org\/tr\/wp-json\/wp\/v2\/media\/7042"}],"wp:attachment":[{"href":"https:\/\/iuhrdf.org\/tr\/wp-json\/wp\/v2\/media?parent=7041"}],"wp:term":[{"taxonomy":"category","embeddable":true,"href":"https:\/\/iuhrdf.org\/tr\/wp-json\/wp\/v2\/categories?post=7041"},{"taxonomy":"post_tag","embeddable":true,"href":"https:\/\/iuhrdf.org\/tr\/wp-json\/wp\/v2\/tags?post=7041"}],"curies":[{"name":"wp","href":"https:\/\/api.w.org\/{rel}","templated":true}]}}