{"id":7051,"date":"2017-02-14T00:50:15","date_gmt":"2017-02-13T16:50:15","guid":{"rendered":"http:\/\/www.iuhrdf.org\/tr\/?p=7051"},"modified":"2017-02-14T00:50:15","modified_gmt":"2017-02-13T16:50:15","slug":"ben-turkiye-sevdalisiyim-turkiyeye-giremiyorum","status":"publish","type":"post","link":"https:\/\/iuhrdf.org\/tr\/ben-turkiye-sevdalisiyim-turkiyeye-giremiyorum\/","title":{"rendered":"&#8220;Ben T\u00fcrkiye sevdal\u0131s\u0131y\u0131m, T\u00fcrkiye&#8217;ye giremiyorum&#8221;"},"content":{"rendered":"<p><img loading=\"lazy\" decoding=\"async\" class=\"size-full wp-image-7053 alignright\" src=\"https:\/\/iuhrdf.org\/tr\/wp-content\/uploads\/2017\/02\/dolkun2.jpg\" alt=\"\" width=\"362\" height=\"362\" srcset=\"https:\/\/iuhrdf.org\/tr\/wp-content\/uploads\/2017\/02\/dolkun2.jpg 362w, https:\/\/iuhrdf.org\/tr\/wp-content\/uploads\/2017\/02\/dolkun2-150x150.jpg 150w, https:\/\/iuhrdf.org\/tr\/wp-content\/uploads\/2017\/02\/dolkun2-300x300.jpg 300w, https:\/\/iuhrdf.org\/tr\/wp-content\/uploads\/2017\/02\/dolkun2-65x65.jpg 65w\" sizes=\"auto, (max-width: 362px) 100vw, 362px\" \/>Mustafa Abd\u00fclcemil K\u0131r\u0131mo\u011flu\u2019nun elini ilk defa, Turan Yazgan\u2019\u0131n cenazesinde \u00f6pm\u00fc\u015ft\u00fcm. \u201cEfendim\u201d demi\u015ftim, \u201cben ailemden \u00fc\u00e7 T\u00fcrk b\u00fcy\u00fc\u011f\u00fcn\u00fcn hikayelerini dinledim. \u0130sa Yusuf Alptekin, Ebulfez Elbi\u00e7ey ve siz. \u0130kisine yeti\u015femedim, sizin elinizi \u00fc\u00e7 kere \u00f6peyim.\u201d Daha sonra kader, K\u0131r\u0131mo\u011flu\u2019na mikrofon uzatan gazeteci olma f\u0131rsat\u0131n\u0131 da bana bah\u015fetti.<\/p>\n<p style=\"text-align: justify;\">Alptekin bug\u00fcn bedeniyle aram\u0131zda olmasa da, yolba\u015f\u00e7\u0131l\u0131k etti\u011fi Do\u011fu T\u00fcrkistanl\u0131lar, ayn\u0131 K\u0131r\u0131m Tatarlar\u0131 gibi zul\u00fcm ve asimilasyona kar\u015f\u0131 m\u00fccadelelerine devam ediyorlar. \u00dcstelik, imajlar\u0131 ve kulland\u0131klar\u0131 y\u00f6ntem de benzer: D\u00fcnya Uygur Kongresi, D\u00fcnya K\u0131r\u0131m Tatar Kongresi gibi asla \u015fiddeti benimsemeyen, kendi kaderini tayin hakk\u0131 i\u00e7in b\u00fct\u00fcn \u015fiddet ve zulme ra\u011fmen hukuk dairesi i\u00e7inde kahramanca m\u00fccadele eden Do\u011fu T\u00fcrkistanl\u0131lar\u0131n sesi oluyor. Bu defa, zulme direnen bir T\u00fcrk toplumunun mikrofonunu, di\u011fer bir T\u00fcrk toplumunun s\u00f6zc\u00fcs\u00fcne uzatt\u0131k: D\u00fcnya Uygur Kongresi Genel Sekreteri Dolkun \u0130sa Bey ile bir s\u00f6yle\u015fi ger\u00e7ekle\u015ftirdik.<\/p>\n<p style=\"text-align: justify;\"><strong>\u201cSenin g\u00f6zlediyin gerib T\u00fcrk menem\u2026\u201d<\/strong><\/p>\n<p style=\"text-align: justify;\">\u00d6nce \u201cSiz kimsiniz\u201d diye soruyorum Dolkun Bey\u2019e. Anlatmaya ba\u015fl\u0131yor, <em>\u201cDo\u011fu T\u00fcrkistanl\u0131y\u0131m. 80lerdeki \u00f6\u011frenci hareketlerinde bulundum, \u00c7in h\u00fck\u00fcmetiyle g\u00f6r\u00fc\u015fmeleri y\u00fcr\u00fctt\u00fcm. H\u00fck\u00fcmet taleplerimizi kabul etmeyince, y\u00fcr\u00fcy\u00fc\u015f d\u00fczenledik. Tabii \u00fcniversiteden at\u0131ld\u0131m, s\u0131k\u0131nt\u0131lar \u00e7ektim. \u00d6nce \u0130ngilizce \u00f6\u011frendim, ard\u0131ndan T\u00fcrkiye\u2019ye geldim. Burada master e\u011fitimimi tamamlad\u0131ktan sonra Almanya\u2019ya iltica etmek durumunda kald\u0131m. Mehmet Emin Bu\u011fra ve \u0130sa Yusuf Alptekin Beylerin ba\u015f\u0131n\u0131 \u00e7ekti\u011fi m\u00fccadelemizin yurtd\u0131\u015f\u0131 aya\u011f\u0131na kat\u0131ld\u0131m, farkl\u0131 \u00f6rg\u00fctlerin birle\u015ferek olu\u015fturdu\u011fu D\u00fcnya Uygur Kongresi\u2019nde g\u00f6rev ald\u0131m\u2026\u201d<\/em>\u00a0Dolkun Bey anlat\u0131rken, akl\u0131ma R\u00fcstem Behrudi\u2019nin, dara\u011fac\u0131n\u0131 selamlayan bir G\u00fcney Azerbaycanl\u0131\u2019n\u0131n a\u011fz\u0131ndan s\u00f6yledi\u011fi dizeler d\u00fc\u015f\u00fcyor akl\u0131ma: &#8220;K\u0131rg\u0131zam, \u00d6zbekem, Kazak, T\u00fcrkmenem \/ Ba\u015fk\u0131rdam, Kerk\u00fckem, ele g\u00f6rk menem \/ Senin g\u00f6zlediyin gerib T\u00fcrk, menem&#8221;<\/p>\n<p style=\"text-align: justify;\">Daha sonra Dolkun Bey\u2019in de okuldan at\u0131lmas\u0131na neden olan b\u00fcy\u00fck protestolar\u0131n ilki, 1985 y\u0131l\u0131nda ger\u00e7ekle\u015fmi\u015fti. \u00a0Neredeyse bir as\u0131rd\u0131r devam eden zulm\u00fcn d\u00f6n\u00fcm noktas\u0131n\u0131 te\u015fkil eden 1985 y\u0131l\u0131, daha sonra \u00fclke \u00e7ap\u0131nda b\u00fcy\u00fck ve yeni bir bask\u0131 rejimine yol a\u00e7m\u0131\u015f, 21 y\u0131l\u0131n\u0131 \u00c7in hapishanelerinde ge\u00e7iren Barat Hac\u0131 gibi fig\u00fcrlerin ve h\u00fcrriyet m\u00fccadelesine kat\u0131lan gen\u00e7lerin T\u00fcrkiye\u2019ye gelmesine neden olmu\u015ftu. Dolkun \u0130sa&#8217;n\u0131n da okuldan at\u0131lmas\u0131, 1988 y\u0131l\u0131ndaki bir \u00f6\u011frenci ayaklanmas\u0131ndan sonra ger\u00e7ekle\u015fti. Binlerce \u00f6\u011frenci dersleri boykot etmi\u015f, kurduklar\u0131 komisyon h\u00fck\u00fcmetle g\u00f6r\u00fc\u015fm\u00fc\u015f ve taleplerini elde edemeyince y\u00fcr\u00fcy\u00fc\u015fler ba\u015flam\u0131\u015ft\u0131. 90lar boyunca s\u00fcren mezalim, o d\u00f6nem \u0130sa Yusuf Alptekin\u2019in de T\u00fcrkiye\u2019de ya\u015f\u0131yor olmas\u0131 nedeniyle T\u00fcrk kamuoyunun bu konuya ilgi g\u00f6stermesine de neden olmu\u015ftu.<\/p>\n<p style=\"text-align: justify;\">Kongre ne yap\u0131yor diye sordu\u011fumda, Dolkun Bey\u2019den namuslu ve her \u015feye ra\u011fmen \u015fiddete meyletmeyen muteber bir direni\u015f hareketinin kodlar\u0131n\u0131 al\u0131yorum:<em> \u201cBizim amac\u0131m\u0131z d\u00fcnyaya \u00c7in\u2019de ya\u015fananlar\u0131 anlatmak, Uygur halk\u0131n\u0131n kendi kaderini tayin hakk\u0131n\u0131 savunan tek yetkili merci olarak halk\u0131m\u0131z\u0131n \u00f6zg\u00fcrl\u00fc\u011f\u00fc i\u00e7in m\u00fccadele etmek. Uluslararas\u0131 kurum ve kurulu\u015flar ile devletler nezdinde giri\u015fimlerde bulunuyoruz. Uluslararas\u0131 kamuoyunun \u00c7in\u2019e bask\u0131 yapmas\u0131n\u0131, bu yolla halk\u0131m\u0131z\u0131n \u00f6zg\u00fcrle\u015fmesini sa\u011flamaya \u00e7al\u0131\u015f\u0131yoruz.\u201d<\/em><\/p>\n<p style=\"text-align: justify;\"><strong>\u0130stanbul\u2019a gitmediysen, Hacc\u0131n tamam olmaz<\/strong><\/p>\n<p style=\"text-align: justify;\">T\u00fcrkiye\u2019de okudu\u011funu anlat\u0131rken g\u00f6zleri parl\u0131yor, <em>\u201cBizde bir laf vard\u0131r. Eskiden Do\u011fu T\u00fcrkistan\u2019dan birisi Hacca gitti\u011finde, \u2018Efendi, \u0130stanbul\u2019a gittin mi?\u2019 diye sorarlar, \u2018gitmedim\u2019 cevab\u0131 al\u0131rlarsa, \u2018senin hacc\u0131n tamam olmad\u0131\u2019 derlermi\u015f. \u0130sa Yusuf Alptekin de bize hep b\u00f6yle anlatt\u0131, T\u00fcrkiye\u2019yi zor duruma\u00a0 sokacak hareketlerden ka\u00e7\u0131nmal\u0131y\u0131z, T\u00fcrkiye T\u00fcrk D\u00fcnyas\u0131\u2019n\u0131n Kabesi\u2019dir derdi. Bizim i\u00e7in o y\u00fczden T\u00fcrkiye\u2019nin yeri apayr\u0131d\u0131r. Ama bak, sana ne s\u00f6yleyece\u011fim. Ben bir uluslararas\u0131 konferansta, etkinlikte bak\u0131yorum, T\u00fcrkiye temsil edilmiyorsa, b\u0131rak\u0131yorum Do\u011fu T\u00fcrkistan\u2019\u0131, T\u00fcrkiye\u2019yi savunuyorum. Ben T\u00fcrkiye\u2019de okumu\u015fum \u00e7\u00fcnk\u00fc, Cumhurba\u015fkanl\u0131\u011f\u0131 bursu ile\u2026\u201d<\/em><\/p>\n<p style=\"text-align: justify;\">Akl\u0131ma K\u0131r\u0131mo\u011flu ile <strong><a href=\"http:\/\/qha.com.ua\/tr\/video\/kirimoglu-bu-nasil-akrabalik\/5354\/\">yapt\u0131\u011f\u0131m\u0131z s\u00f6yle\u015fi geliyor.<\/a><\/strong> K\u0131r\u0131mo\u011flu da, \u00e7e\u015fitli temaslarda T\u00fcrkiye\u2019ye dair sorularla kar\u015f\u0131la\u015ft\u0131klar\u0131n\u0131, T\u00fcrkiye\u2019yi hep savunduklar\u0131n\u0131, ama T\u00fcrkiye\u2019nin zaman zaman yetersiz kalan deste\u011fi nedeniyle \u00fcz\u00fcld\u00fcklerini s\u00f6ylemi\u015fti. Dolkun Bey\u2019in de sitemi ayn\u0131, QHA\u2019n\u0131n takip\u00e7isi oldu\u011fu Abd\u00fclkadir Yapcan\u2019dan bahis a\u00e7\u0131l\u0131nca: <em>\u201cBen T\u00fcrkiye\u2019yi savunuyorum. Ama T\u00fcrkiye bana ter\u00f6rist muamelesi yap\u0131yor. Elbette \u00c7in\u2019in b\u00fcy\u00fck bask\u0131s\u0131 var. Ama ben, T\u00fcrkiye\u2019de okumu\u015f, T\u00fcrkiye sevdal\u0131s\u0131 bir T\u00fcrk olarak T\u00fcrkiye\u2019ye giremiyorum, iki defa s\u0131n\u0131rdan \u00e7evrildim. Rabia Kadir Han\u0131m giremiyor. B\u00f6yle \u015fey olur mu? Olsun, yine de biz T\u00fcrkiye\u2019yi sevmeye, savunmaya devam edece\u011fiz. 1998\u2019de, \u00f6rne\u011fin, bir h\u00fck\u00fcmet genelgesiyle Do\u011fu T\u00fcrkistan bayra\u011f\u0131 yasaklanm\u0131\u015ft\u0131. B\u00f6yle \u015feyler olabilir, Bat\u0131l\u0131 h\u00fck\u00fcmetler de \u00c7in\u2019in paras\u0131na ihtiya\u00e7 duyduklar\u0131ndan zaman zaman desteklerini kesiyorlar. Ama h\u00fck\u00fcmetler ne yaparsa yaps\u0131n, biz milletin, T\u00fcrkiye\u2019deki T\u00fcrk halk\u0131n\u0131n bizim yan\u0131m\u0131zda oldu\u011funu, bizim davam\u0131z\u0131 benimsedi\u011fini biliyoruz.\u201d<\/em><\/p>\n<p style=\"text-align: justify;\"><strong>Mesele yaln\u0131z \u0130slam de\u011fil, T\u00fcrkl\u00fck<\/strong><\/p>\n<p style=\"text-align: justify;\">\u0130sa Yusuf Alptekin\u2019in Esir Do\u011fu T\u00fcrkistan \u0130\u00e7in isimli hat\u0131rat\u0131nda, \u00c7inli M\u00fcsl\u00fcmanlar\u0131n, Uygurlara \u201conlarla ayn\u0131 kefeye konulmamak i\u00e7in\u201d so\u011fuk ve zaman zaman k\u00f6t\u00fc davrand\u0131klar\u0131n\u0131 yazar. \u00c7in\u2019deki durumu sorarken, bu konuya da de\u011finiyorum, duyduklar\u0131m i\u00e7imi ac\u0131t\u0131yor: <em>\u201c\u00d6ncelikle \u015funu s\u00f6yleyim, 1949\u2019da kom\u00fcnist i\u015fgale u\u011frad\u0131k. O d\u00f6nem Do\u011fu T\u00fcrkistan\u2019da ya\u015fayan \u00c7inlilerin oran\u0131, %4, bunlar\u0131n \u00e7o\u011fu da asker. Bug\u00fcn bu oran %42\u2019ye \u00e7\u0131kt\u0131 ki, \u00c7in H\u00fck\u00fcmeti\u2019nin kasten az g\u00f6sterdi\u011fini de dikkate almal\u0131y\u0131z, hem bizi hem \u00c7inlileri az g\u00f6steriyorlar. Do\u011fu T\u00fcrkistan\u2019\u0131n b\u00fcy\u00fck b\u00f6l\u00fcm\u00fc ya\u015fama elveri\u015fsiz, bu y\u00fczden y\u00fcz milyonlarca \u00c7inli\u2019yi bir anda yerle\u015ftiremiyorlar elbette..<\/em><\/p>\n<p style=\"text-align: justify;\"><em>Din meselesine gelince. \u00c7in\u2019de \u00f6\u011frencilerin yemek yiyip yemedi\u011fi \u00e7ok \u00f6nemli de\u011fildir, Ramazan hari\u00e7. Ramazan\u2019da \u00f6zellikle \u00e7ocuklara \u00f6\u011fle yeme\u011fi ve su getirirler, oru\u00e7 testi yaparlar. Oru\u00e7 tutanlar bask\u0131 g\u00f6r\u00fcr. Camilere Kom\u00fcnist liderlerin resimlerini as\u0131yorlar, \u00c7in bayra\u011f\u0131 as\u0131yorlar, d\u00fc\u015f\u00fcnebiliyor musun? \u00a0\u00c7inli M\u00fcsl\u00fcmanlar\u0131 sordun, onlarla bir sorunumuz yok. Ama onlar, yaln\u0131zca kom\u00fcnist rejimin genel din d\u00fc\u015fmanl\u0131\u011f\u0131ndan nasiplerini al\u0131yorlar, o kadar. Uygur isen, dinin daha b\u00fcy\u00fck bask\u0131 alt\u0131nda, zira bizim asimile olmamam\u0131z\u0131n nedenlerinden biri de dinimizdir. \u00c7in rejiminin de ana ekseni, milliyet\u00e7ilik \u00fczerine kurulu, dini \u00f6nemli de\u011fil, \u00c7inli \u00c7inlidir.<\/em><\/p>\n<p style=\"text-align: justify;\"><em>\u0130slam konusunda, \u00c7in\u2019in ikiy\u00fczl\u00fc tavr\u0131 bununla da s\u0131n\u0131rl\u0131 de\u011fil. \u00c7o\u011fu zaman Uygurlar\u0131 d\u0131\u015far\u0131ya \u2018m\u00fcsl\u00fcman ter\u00f6ristler\u2019 olarak sunmak istiyor. \u00d6te yandan, M\u00fcsl\u00fcman \u00fclkelerle temas kurdu\u011funda, \u00f6rne\u011fin \u00c7in\u2019le ili\u015fkileri iyi olan Pakistan ile, \u2018bak bizim de M\u00fcsl\u00fcmanlar\u0131m\u0131z var\u2019 diyerek sempati topluyor. Pakistan\u2019dan dini fig\u00fcrler de, Do\u011fu T\u00fcrkistan\u2019a gelip, \u2018biz gittik bakt\u0131k, hi\u00e7 sorun yoktu\u2019 diyerek bu propagandaya alet oluyorlar.\u201d<\/em><\/p>\n<p style=\"text-align: justify;\"><strong>Propagandaya kar\u015f\u0131 hakikat<\/strong><\/p>\n<p style=\"text-align: justify;\">T\u00fcrkiye\u2019de Rus propaganda makinas\u0131ndan para kazanan medya ve siyaset fig\u00fcrleri nas\u0131l K\u0131r\u0131m\u2019da hi\u00e7bir zalimane davran\u0131\u015f olmad\u0131\u011f\u0131n\u0131 anlat\u0131p halk\u0131 kand\u0131rmaya \u00e7al\u0131\u015f\u0131yorsa, ayn\u0131s\u0131 \u00c7in i\u00e7in de ge\u00e7erli. G\u00fcya \u00f6zg\u00fcrl\u00fck\u00e7\u00fc olup, Do\u011fu T\u00fcrkistan\u2019dan bahsederken \u00c7in emperyalizminin takt\u0131\u011f\u0131 ad\u0131, \u201cSincan\u201d\u0131 kullanan gazeteler geliyor akl\u0131ma. Dolkun \u0130sa, bunlara de\u011findi\u011fimde y\u00fcz\u00fcn\u00fc, benim medyada Rus yanl\u0131s\u0131 ve as\u0131ls\u0131z bir haber g\u00f6rd\u00fc\u011f\u00fcmde a\u015fina oldu\u011fum bir tav\u0131rla bulu\u015fturuyor. \u0130lham Tohti\u2019ye de\u011finiyorum o esnada, <em>\u201cBiz\u201d<\/em> diyor, <em>\u201c\u00c7in anayasas\u0131nda olan bir \u015feyi istedik diye bask\u0131 g\u00f6rd\u00fck. Dikkatini \u00e7ekerim, kendi anayasas\u0131. \u00c7in anayasas\u0131nda Uygur dilinde e\u011fitime izin var. Ama bunu yasaklad\u0131lar, art\u0131k b\u00fct\u00fcn e\u011fitim \u00c7ince devam ediyor. Tohti de, ki benim eski arkada\u015f\u0131md\u0131r, b\u00f6yle biriydi. \u00d6yle ayr\u0131l\u0131k\u00e7\u0131, bizim kadar ate\u015fli Do\u011fu T\u00fcrkistan savunucusu da de\u011fildi. Adam s\u0131rf anayasada yaz\u0131l\u0131 maddelerin uygulanmas\u0131n\u0131 istedi\u011fi i\u00e7in m\u00fcebbet hapse mahkum edildi, bu ak\u0131l almaz bir \u015fey. \u00c7inli olsayd\u0131 en fazla bir soru\u015fturma ge\u00e7irirdi. Yaln\u0131zca bir defa ailesiyle g\u00f6r\u00fc\u015fmesine izin verdiler, sa\u011fl\u0131\u011f\u0131ndan endi\u015fe ediyoruz. Do\u011fru d\u00fcr\u00fcst haber alam\u0131yoruz, \u00c7in\u2019de yurtd\u0131\u015f\u0131na SMS g\u00f6ndermek bile yasal olarak su\u00e7 haline geldi.<\/em><\/p>\n<p style=\"text-align: justify;\"><em>Hal b\u00f6yleyken, elbette propaganda var. Ama D\u00fcnya Uygur Kongresi olarak bununla m\u00fccadele ediyoruz. Ger\u00e7ekte ya\u015fananlar\u0131 anlat\u0131yoruz, camilerin nas\u0131l y\u0131k\u0131ld\u0131\u011f\u0131n\u0131, insanlar\u0131n nas\u0131l zul\u00fcm g\u00f6rd\u00fc\u011f\u00fcn\u00fc, sistematik bi\u00e7imde Do\u011fu T\u00fcrkistan\u2019\u0131n nas\u0131l \u00c7inlile\u015ftirildi\u011fini\u2026\u201d<\/em><\/p>\n<p style=\"text-align: justify;\">Sohbeti bitirken, ekrandan K\u0131r\u0131mo\u011flu\u2019nun foto\u011fraf\u0131n\u0131 g\u00f6r\u00fcyor Dolkun \u0130sa. \u201cMustafa Aga rahmetli \u0130sa Yusuf Alptekin ile iyi dosttu. Kendisi sevdi\u011fimiz, sayd\u0131\u011f\u0131m\u0131z, T\u00fcrk D\u00fcnyas\u0131\u2019n\u0131n en \u00f6nemli liderlerindendir. K\u0131r\u0131m Tatarlar\u0131na selam ederim\u201d diye bitiriyor.<\/p>\n<p style=\"text-align: justify;\">Kar\u015f\u0131l\u0131kl\u0131 iyi dileklerle bitirirken, akl\u0131ma Esir T\u00fcrk Yurtlar\u0131 davas\u0131na dair yaz\u0131lm\u0131\u015f \u00f6l\u00fcms\u00fcz dizeler d\u00fc\u015f\u00fcyor:<\/p>\n<p style=\"text-align: justify;\"><em>\u201cBilir misin garda\u015f, T\u00fcrk ellerinde<br \/>\nHavada bulutlar, da\u011fda kar \u00fc\u015f\u00fcr<br \/>\nTutsak soyda\u015flar\u0131n t\u00fcrk\u00fclerinde<br \/>\nD\u00f6rt mevsim \u00f6tede bir bahar \u00fc\u015f\u00fcr.\u201d<\/em><\/p>\n<p><strong>S\u00f6yle\u015fi: M. Bahad\u0131rhan Din\u00e7aslan<\/strong><\/p>\n<p>Kaynak: \u00a0\u00a0<a href=\"http:\/\/qha.com.ua\/tr\/roportajlar\/quot-ben-turkiye-sevdalisiyim-turkiye-ye-giremiyorum-quot\/152731\/\">K\u0131r\u0131m Haber Ajans\u0131<\/a><\/p>\n","protected":false},"excerpt":{"rendered":"<p>Mustafa Abd\u00fclcemil K\u0131r\u0131mo\u011flu\u2019nun elini ilk defa, Turan Yazgan\u2019\u0131n cenazesinde \u00f6pm\u00fc\u015ft\u00fcm. \u201cEfendim\u201d demi\u015ftim, \u201cben ailemden \u00fc\u00e7 T\u00fcrk b\u00fcy\u00fc\u011f\u00fcn\u00fcn hikayelerini dinledim. \u0130sa Yusuf Alptekin, Ebulfez Elbi\u00e7ey ve siz. \u0130kisine yeti\u015femedim, sizin elinizi&#8230;<\/p>\n","protected":false},"author":1,"featured_media":7052,"comment_status":"open","ping_status":"open","sticky":false,"template":"","format":"standard","meta":{"footnotes":""},"categories":[285,280],"tags":[],"class_list":["post-7051","post","type-post","status-publish","format-standard","has-post-thumbnail","hentry","category-dogu-turkistan-hakkinda","category-haberler"],"_links":{"self":[{"href":"https:\/\/iuhrdf.org\/tr\/wp-json\/wp\/v2\/posts\/7051","targetHints":{"allow":["GET"]}}],"collection":[{"href":"https:\/\/iuhrdf.org\/tr\/wp-json\/wp\/v2\/posts"}],"about":[{"href":"https:\/\/iuhrdf.org\/tr\/wp-json\/wp\/v2\/types\/post"}],"author":[{"embeddable":true,"href":"https:\/\/iuhrdf.org\/tr\/wp-json\/wp\/v2\/users\/1"}],"replies":[{"embeddable":true,"href":"https:\/\/iuhrdf.org\/tr\/wp-json\/wp\/v2\/comments?post=7051"}],"version-history":[{"count":1,"href":"https:\/\/iuhrdf.org\/tr\/wp-json\/wp\/v2\/posts\/7051\/revisions"}],"predecessor-version":[{"id":7054,"href":"https:\/\/iuhrdf.org\/tr\/wp-json\/wp\/v2\/posts\/7051\/revisions\/7054"}],"wp:featuredmedia":[{"embeddable":true,"href":"https:\/\/iuhrdf.org\/tr\/wp-json\/wp\/v2\/media\/7052"}],"wp:attachment":[{"href":"https:\/\/iuhrdf.org\/tr\/wp-json\/wp\/v2\/media?parent=7051"}],"wp:term":[{"taxonomy":"category","embeddable":true,"href":"https:\/\/iuhrdf.org\/tr\/wp-json\/wp\/v2\/categories?post=7051"},{"taxonomy":"post_tag","embeddable":true,"href":"https:\/\/iuhrdf.org\/tr\/wp-json\/wp\/v2\/tags?post=7051"}],"curies":[{"name":"wp","href":"https:\/\/api.w.org\/{rel}","templated":true}]}}