{"id":7055,"date":"2017-02-15T00:45:55","date_gmt":"2017-02-14T16:45:55","guid":{"rendered":"http:\/\/www.iuhrdf.org\/tr\/?p=7055"},"modified":"2017-02-15T00:46:37","modified_gmt":"2017-02-14T16:46:37","slug":"uygur-turkleri-sesini-duyuramiyor","status":"publish","type":"post","link":"https:\/\/iuhrdf.org\/tr\/uygur-turkleri-sesini-duyuramiyor\/","title":{"rendered":"Uygur T\u00fcrkleri sesini duyuram\u0131yor"},"content":{"rendered":"<p style=\"text-align: justify;\"><img loading=\"lazy\" decoding=\"async\" class=\" wp-image-7056 alignright\" src=\"https:\/\/iuhrdf.org\/tr\/wp-content\/uploads\/2017\/02\/1979561_606655319410663_2058360806_n.jpg\" alt=\"\" width=\"535\" height=\"373\" srcset=\"https:\/\/iuhrdf.org\/tr\/wp-content\/uploads\/2017\/02\/1979561_606655319410663_2058360806_n.jpg 644w, https:\/\/iuhrdf.org\/tr\/wp-content\/uploads\/2017\/02\/1979561_606655319410663_2058360806_n-300x209.jpg 300w, https:\/\/iuhrdf.org\/tr\/wp-content\/uploads\/2017\/02\/1979561_606655319410663_2058360806_n-260x180.jpg 260w\" sizes=\"auto, (max-width: 535px) 100vw, 535px\" \/>D\u00fcnya k\u00fc\u00e7\u00fck bir k\u00f6ye d\u00f6n\u00fc\u015ft\u00fc. Kutuplarda vuku bulan bir olay birka\u00e7 dakika i\u00e7inde b\u00fct\u00fcn d\u00fcnyaya ula\u015fabiliyor. Fakat ne ac\u0131d\u0131r ki, ileti\u015fim a\u011flar\u0131n\u0131n bu kadar g\u00fc\u00e7l\u00fc oldu\u011fu bir \u00e7a\u011fda haklar\u0131 gasp edilen Uygurlu karde\u015flerimiz seslerini duyurma imk\u00e2n\u0131 bulam\u0131yorlar. Kapitalist g\u00fc\u00e7 odaklar\u0131n\u0131n maiyetinde olan medya, adaletin tesisine de\u011fil, zorbalar\u0131n menfi emellerine hizmet ediyor. K\u0131talar \u00f6tesine kadar ula\u015f\u0131p, yaral\u0131 bir balinan\u0131n kurtulu\u015f hik\u00e2yesine geni\u015f\u00e7e yer veren k\u00fcresel medya, i\u015fgalci \u00c7in y\u00f6netiminin bask\u0131 ve zul\u00fcmlerine maruz kalan Uygurlu T\u00fcrklerin dram\u0131n\u0131 g\u00f6stermelik birka\u00e7 c\u00fcmle ile ge\u00e7i\u015ftiriyor.<\/p>\n<p style=\"text-align: justify;\">K\u00fcresel i\u015fgal ve s\u00f6m\u00fcr\u00fcn\u00fcn merkezi olan medya ileti\u015fim a\u011f\u0131, bazen rakibi olduklar\u0131 devletlere sizin yan\u0131n\u0131zday\u0131z intiba\u0131 uyand\u0131rarak \u00e7\u0131kar hesaplar\u0131 yapmaya devam ederler. Fakat hi\u00e7bir zaman o toplumlar\u0131n\u0131n ma\u011fduriyetlerinin giderilmesinde etkin rol oynamazlar. Kimi zaman K\u00fcrtlerin yan\u0131nda, kimi zaman Kafkaslar\u0131n yan\u0131nda kimi zaman Afrikal\u0131 yoksul halklar\u0131n yan\u0131ndaym\u0131\u015f gibi g\u00f6r\u00fcn\u00fcr fakat hi\u00e7 bir zaman mazlumu desteklemez, aksine bu toplumlar\u0131 nas\u0131l s\u00f6m\u00fcrebileceklerinin hesab\u0131n\u0131 yaparlar. D\u00fcnyada ve \u00fclkemizde siyasi dengeler h\u0131zla de\u011fi\u015fiyor, k\u00fcresel odaklar \u00e7\u00f6z\u00fclmeye do\u011fru gidiyor ve art\u0131k yeni stratejiler \u00fczerinde duruluyor. Fakat bulunduklar\u0131 koordinat ne olursa olsun zorbalar\u0131n sergiledikleri tutum hep ayn\u0131 oluyor. Z\u00fcl\u00fcm ve i\u015fgaller\u2026 Sosyal arenada siyasi dengeler \u00fczerine yap\u0131lan tart\u0131\u015fmalar devam ederken, i\u015fgalci \u00c7in y\u00f6netiminin kimliksizle\u015ftirmeye \u00e7al\u0131\u015ft\u0131\u011f\u0131 Uygur T\u00fcrkleri yaln\u0131zl\u0131\u011fa terk ediliyor. \u00c7in h\u00fck\u00fcmeti, yerli i\u015fbirlik\u00e7ilerini kullanarak, halk\u0131n dini inan\u00e7 ve de\u011ferlerini k\u0131s\u0131tlamaya ve onlar\u0131 ait olduklar\u0131 \u0130slam kimli\u011finden uzakla\u015ft\u0131rmaya \u00e7al\u0131\u015f\u0131yor. Bilindi\u011fi \u00fczere, fertlerin oldu\u011fu gibi toplumlar\u0131n da alt ve \u00fcst kimlikleri vard\u0131r. \u0130nan\u00e7 ve de\u011ferler toplumun harc\u0131d\u0131r, e\u011fer bu de\u011ferleri ortadan kald\u0131r\u0131rsan\u0131z o toplumun y\u0131k\u0131lmas\u0131, tarih sahnesinden silinmesi ka\u00e7\u0131n\u0131lmaz olacakt\u0131r. \u0130\u015fgalci \u00c7in y\u00f6netimi Uygurlu karde\u015flerimizin kutsallar\u0131 ile aralar\u0131na mesafe koyarak kimliksizle\u015ftirmeye \u00e7al\u0131\u015f\u0131yor. Yerli i\u015fbirlik\u00e7ilerini de kullanarak evlere bask\u0131nlar d\u00fczenleniyor, Kur\u2019an ve dini kitaplar toplan\u0131p su\u00e7 olarak de\u011ferlendiriliyor. \u00d6zellikle g\u00fcney b\u00f6lgesinde ekonomik olarak standartlar\u0131n \u00e7ok alt\u0131nda ya\u015fayan Uygurlular zorbalar\u0131n bask\u0131lar\u0131na ra\u011fmen diren\u00e7lerini korumaya \u00e7al\u0131\u015f\u0131yorlar. B\u00f6lgede yer alan cami ve mescitler s\u0131k\u0131 denetim alt\u0131nda tutuluyor, halk\u0131n ibadet \u00f6zg\u00fcrl\u00fc\u011f\u00fc k\u0131s\u0131tlan\u0131yor, insanlar namazlar\u0131n\u0131 ancak polis kontrol\u00fcnde k\u0131labiliyorlar. Hoparl\u00f6rlerden ezan okumak yasak oldu\u011fundan halk namaz vakitlerinde ezan\u0131 k\u0131s\u0131k sesle okuyabiliyor. \u0130nsanlar dini ibadetlerini yerine getirebilmek i\u00e7in sadece sabah ve yats\u0131 vakitlerinde camiye gidebiliyorlar, di\u011fer vakitlerde ise kap\u0131lar kilitleniyor. \u00c7KP\u2019nin g\u00f6revlendirdi\u011fi imam gelmedi\u011fi vakitlerde onun yerine bir ba\u015fkas\u0131 bu g\u00f6revi yerine getiremiyor. E\u011fer bu g\u00f6revi biri \u00fcstlenirse bu su\u00e7 kabul ediliyor. Evlere yap\u0131lan aramalar neticesinde Kur\u2019an ve dini kitaplar toplan\u0131yor ve insanlar 5-8 sene aras\u0131 de\u011fi\u015fen hapis cezalar\u0131na \u00e7arp\u0131t\u0131l\u0131yor. Uygurlu karde\u015flerimiz inan\u00e7 ve de\u011ferlerinin bir par\u00e7as\u0131 olan dini bayramlarda yak\u0131nlar\u0131n\u0131 ziyaret edemiyor, \u00c7in taraf\u0131ndan engelleniyor\u2026 \u00dclkemiz karanl\u0131k kaoslar\u0131n i\u00e7ine s\u00fcr\u00fcklenmeye \u00e7al\u0131\u015f\u0131l\u0131yor. 15 Temmuz darbe giri\u015fimi, ard\u0131 s\u0131ra gelen patlamalar, katledilen masum insanlar, i\u00e7eride ve d\u0131\u015far\u0131da ya\u015fanan kaos ve karga\u015falar zihinlerimizi me\u015fgul ediyor. Fakat \u015fartlar ne olursa olsun, T\u00fcrkiye ma\u011fdur ve mazlum halklar\u0131n maddi manevi her zaman yan\u0131nda olmu\u015ftur. Son zamanlarda k\u00fcresel odaklar\u0131n bunun bedelini \u00f6detme hevesi i\u00e7inde olduklar\u0131n\u0131 g\u00f6rmekteyiz. Fakat \u00fclkemiz buna ra\u011fmen halk\u0131yla ve devletiyle daima ma\u011fdur ve mazlum halklar\u0131n yan\u0131nda olacakt\u0131r. Buna y\u00fcrekten inan\u0131yorum.<\/p>\n<p style=\"text-align: justify;\">Kaynak: <a href=\"http:\/\/www.marifethaber.com\/uygur-turkleri-sesini-duyuramiyor-makale,2264.html\">Marrifet Haber<\/a><\/p>\n","protected":false},"excerpt":{"rendered":"<p>D\u00fcnya k\u00fc\u00e7\u00fck bir k\u00f6ye d\u00f6n\u00fc\u015ft\u00fc. Kutuplarda vuku bulan bir olay birka\u00e7 dakika i\u00e7inde b\u00fct\u00fcn d\u00fcnyaya ula\u015fabiliyor. Fakat ne ac\u0131d\u0131r ki, ileti\u015fim a\u011flar\u0131n\u0131n bu kadar g\u00fc\u00e7l\u00fc oldu\u011fu bir \u00e7a\u011fda haklar\u0131 gasp&#8230;<\/p>\n","protected":false},"author":1,"featured_media":7056,"comment_status":"open","ping_status":"open","sticky":false,"template":"","format":"standard","meta":{"footnotes":""},"categories":[282,281],"tags":[],"class_list":["post-7055","post","type-post","status-publish","format-standard","has-post-thumbnail","hentry","category-turkistan-haberleri","category-uygur-haberleri"],"_links":{"self":[{"href":"https:\/\/iuhrdf.org\/tr\/wp-json\/wp\/v2\/posts\/7055","targetHints":{"allow":["GET"]}}],"collection":[{"href":"https:\/\/iuhrdf.org\/tr\/wp-json\/wp\/v2\/posts"}],"about":[{"href":"https:\/\/iuhrdf.org\/tr\/wp-json\/wp\/v2\/types\/post"}],"author":[{"embeddable":true,"href":"https:\/\/iuhrdf.org\/tr\/wp-json\/wp\/v2\/users\/1"}],"replies":[{"embeddable":true,"href":"https:\/\/iuhrdf.org\/tr\/wp-json\/wp\/v2\/comments?post=7055"}],"version-history":[{"count":2,"href":"https:\/\/iuhrdf.org\/tr\/wp-json\/wp\/v2\/posts\/7055\/revisions"}],"predecessor-version":[{"id":7058,"href":"https:\/\/iuhrdf.org\/tr\/wp-json\/wp\/v2\/posts\/7055\/revisions\/7058"}],"wp:featuredmedia":[{"embeddable":true,"href":"https:\/\/iuhrdf.org\/tr\/wp-json\/wp\/v2\/media\/7056"}],"wp:attachment":[{"href":"https:\/\/iuhrdf.org\/tr\/wp-json\/wp\/v2\/media?parent=7055"}],"wp:term":[{"taxonomy":"category","embeddable":true,"href":"https:\/\/iuhrdf.org\/tr\/wp-json\/wp\/v2\/categories?post=7055"},{"taxonomy":"post_tag","embeddable":true,"href":"https:\/\/iuhrdf.org\/tr\/wp-json\/wp\/v2\/tags?post=7055"}],"curies":[{"name":"wp","href":"https:\/\/api.w.org\/{rel}","templated":true}]}}