{"id":7060,"date":"2017-02-17T03:48:21","date_gmt":"2017-02-16T19:48:21","guid":{"rendered":"http:\/\/www.iuhrdf.org\/tr\/?p=7060"},"modified":"2017-02-17T03:49:06","modified_gmt":"2017-02-16T19:49:06","slug":"dogu-turkistanda-bicakli-saldiri-iddiasi-5-olu","status":"publish","type":"post","link":"https:\/\/iuhrdf.org\/tr\/dogu-turkistanda-bicakli-saldiri-iddiasi-5-olu\/","title":{"rendered":"Do\u011fu T\u00fcrkistan&#8217;da b\u0131\u00e7akl\u0131 sald\u0131r\u0131 iddias\u0131: 5 \u00f6l\u00fc"},"content":{"rendered":"<p style=\"text-align: justify;\"><img loading=\"lazy\" decoding=\"async\" class=\"wp-image-7061 alignright\" src=\"https:\/\/iuhrdf.org\/tr\/wp-content\/uploads\/2017\/02\/dolkun2-1.jpg\" alt=\"\" width=\"430\" height=\"243\" srcset=\"https:\/\/iuhrdf.org\/tr\/wp-content\/uploads\/2017\/02\/dolkun2-1.jpg 940w, https:\/\/iuhrdf.org\/tr\/wp-content\/uploads\/2017\/02\/dolkun2-1-300x169.jpg 300w, https:\/\/iuhrdf.org\/tr\/wp-content\/uploads\/2017\/02\/dolkun2-1-768x434.jpg 768w\" sizes=\"auto, (max-width: 430px) 100vw, 430px\" \/>Sincan Uygur \u00d6zerk B\u00f6lgesi&#8217;nde b\u0131\u00e7akl\u0131 sald\u0131r\u0131ya u\u011frayan 10 ki\u015fiden 5&#8217;inin \u00f6ld\u00fc\u011f\u00fc bildirildi.<\/p>\n<p style=\"text-align: justify;\">Hotan vilayetinin Pi\u015fan kasabas\u0131nda b\u0131\u00e7akl\u0131 3 ki\u015fi taraf\u0131ndan sald\u0131r\u0131 yap\u0131ld\u0131.<\/p>\n<p style=\"text-align: justify;\">Valili\u011fin resmi internet sitesinden yap\u0131lan a\u00e7\u0131klamada, sald\u0131rganlar\u0131n 10 ki\u015fiyi b\u0131\u00e7aklad\u0131\u011f\u0131 \u00f6ne s\u00fcr\u00fcld\u00fc. A\u00e7\u0131klamada, yaral\u0131lardan 5&#8217;inin hastanede ya\u015fam\u0131n\u0131 yitirdi\u011fi, 5&#8217;inin ise tedavilerine devam edildi\u011fi aktar\u0131ld\u0131.<\/p>\n<p style=\"text-align: justify;\">A\u00e7\u0131klamada, 3 sald\u0131rgan\u0131n emniyet g\u00fc\u00e7leri taraf\u0131ndan vurularak \u00f6ld\u00fcr\u00fcld\u00fc\u011f\u00fc ifade edildi.<\/p>\n<p style=\"text-align: justify;\">Konuya ili\u015fkin ayr\u0131nt\u0131l\u0131 bilgi verilmeyen k\u0131sa a\u00e7\u0131klamada, &#8220;b\u00f6lgedeki sosyal hayat\u0131n normal seyrinde oldu\u011fu ve soru\u015fturman\u0131n s\u00fcrd\u00fc\u011f\u00fc&#8221; duyuruldu.<\/p>\n<p style=\"text-align: justify;\">Karaka\u015f&#8217;ta ge\u00e7en aral\u0131k ay\u0131nda b\u0131\u00e7akl\u0131 sald\u0131r\u0131 d\u00fczenledi\u011fi ileri s\u00fcr\u00fclen 3 ki\u015fi emniyet g\u00fc\u00e7lerince \u00f6ld\u00fcr\u00fclm\u00fc\u015ft\u00fc.<\/p>\n<p style=\"text-align: justify;\">Sincan Uygur \u00d6zerk B\u00f6lgesi ba\u015fta olmak \u00fczere \u00fclkenin baz\u0131 b\u00f6lgelerindeki patlama ve b\u0131\u00e7akl\u0131 sald\u0131r\u0131 gibi olaylar, Pekin y\u00f6netimi taraf\u0131ndan do\u011frudan &#8220;radikal gruplarla&#8221; ili\u015fkilendiriliyor ancak konuyla ilgili net ve anla\u015f\u0131l\u0131r bilgi verilmiyor.<\/p>\n<p style=\"text-align: justify;\">Son d\u00f6nemde \u00f6nlem ve tedbirlerin art\u0131r\u0131ld\u0131\u011f\u0131 \u00c7in&#8217;de &#8220;b\u00f6l\u00fcc\u00fc&#8221; oldu\u011fu iddia edilen ki\u015filerin g\u00f6zalt\u0131 ve yarg\u0131lanma s\u00fcre\u00e7lerine ili\u015fkin bilgiler kamuoyu ile payla\u015f\u0131lm\u0131yor. Sadece verilen cezalar resmi medya organlar\u0131 arac\u0131l\u0131\u011f\u0131yla kamuoyuna duyuruluyor.<\/p>\n<p style=\"text-align: justify;\">Kaynak: <a href=\"http:\/\/www.haberturk.com\/dunya\/haber\/1391382-sincan-uygur-ozerk-bolgesinde-bicakli-saldiri-iddiasi-5-olu\">Haber Turk<\/a><\/p>\n","protected":false},"excerpt":{"rendered":"<p>Sincan Uygur \u00d6zerk B\u00f6lgesi&#8217;nde b\u0131\u00e7akl\u0131 sald\u0131r\u0131ya u\u011frayan 10 ki\u015fiden 5&#8217;inin \u00f6ld\u00fc\u011f\u00fc bildirildi. Hotan vilayetinin Pi\u015fan kasabas\u0131nda b\u0131\u00e7akl\u0131 3 ki\u015fi taraf\u0131ndan sald\u0131r\u0131 yap\u0131ld\u0131. Valili\u011fin resmi internet sitesinden yap\u0131lan a\u00e7\u0131klamada, sald\u0131rganlar\u0131n 10&#8230;<\/p>\n","protected":false},"author":1,"featured_media":7061,"comment_status":"open","ping_status":"open","sticky":false,"template":"","format":"standard","meta":{"footnotes":""},"categories":[281,280],"tags":[],"class_list":["post-7060","post","type-post","status-publish","format-standard","has-post-thumbnail","hentry","category-uygur-haberleri","category-haberler"],"_links":{"self":[{"href":"https:\/\/iuhrdf.org\/tr\/wp-json\/wp\/v2\/posts\/7060","targetHints":{"allow":["GET"]}}],"collection":[{"href":"https:\/\/iuhrdf.org\/tr\/wp-json\/wp\/v2\/posts"}],"about":[{"href":"https:\/\/iuhrdf.org\/tr\/wp-json\/wp\/v2\/types\/post"}],"author":[{"embeddable":true,"href":"https:\/\/iuhrdf.org\/tr\/wp-json\/wp\/v2\/users\/1"}],"replies":[{"embeddable":true,"href":"https:\/\/iuhrdf.org\/tr\/wp-json\/wp\/v2\/comments?post=7060"}],"version-history":[{"count":2,"href":"https:\/\/iuhrdf.org\/tr\/wp-json\/wp\/v2\/posts\/7060\/revisions"}],"predecessor-version":[{"id":7063,"href":"https:\/\/iuhrdf.org\/tr\/wp-json\/wp\/v2\/posts\/7060\/revisions\/7063"}],"wp:featuredmedia":[{"embeddable":true,"href":"https:\/\/iuhrdf.org\/tr\/wp-json\/wp\/v2\/media\/7061"}],"wp:attachment":[{"href":"https:\/\/iuhrdf.org\/tr\/wp-json\/wp\/v2\/media?parent=7060"}],"wp:term":[{"taxonomy":"category","embeddable":true,"href":"https:\/\/iuhrdf.org\/tr\/wp-json\/wp\/v2\/categories?post=7060"},{"taxonomy":"post_tag","embeddable":true,"href":"https:\/\/iuhrdf.org\/tr\/wp-json\/wp\/v2\/tags?post=7060"}],"curies":[{"name":"wp","href":"https:\/\/api.w.org\/{rel}","templated":true}]}}