{"id":7064,"date":"2017-02-18T07:24:30","date_gmt":"2017-02-17T23:24:30","guid":{"rendered":"http:\/\/www.iuhrdf.org\/tr\/?p=7064"},"modified":"2017-02-18T07:24:30","modified_gmt":"2017-02-17T23:24:30","slug":"japonya-ve-dogu-turkistan-davasi","status":"publish","type":"post","link":"https:\/\/iuhrdf.org\/tr\/japonya-ve-dogu-turkistan-davasi\/","title":{"rendered":"JAPONYA VE DO\u011eU T\u00dcRK\u0130STAN DAVASI"},"content":{"rendered":"<p style=\"text-align: justify;\"><img loading=\"lazy\" decoding=\"async\" class=\"wp-image-7065 alignright\" src=\"https:\/\/iuhrdf.org\/tr\/wp-content\/uploads\/2017\/02\/japa-2.jpg\" alt=\"\" width=\"267\" height=\"200\" srcset=\"https:\/\/iuhrdf.org\/tr\/wp-content\/uploads\/2017\/02\/japa-2.jpg 448w, https:\/\/iuhrdf.org\/tr\/wp-content\/uploads\/2017\/02\/japa-2-300x225.jpg 300w\" sizes=\"auto, (max-width: 267px) 100vw, 267px\" \/>Japon parlamentosunda h\u00fck\u00fcmet ve muhalefet temsilcilileri ile bire bir g\u00f6r\u00fc\u015ferek Do\u011fu T\u00fcrkistan davas\u0131n\u0131 ve yanlar\u0131nda olan \u00c7in tehlikesini elimizde olan somut delillerle Japon dostlar\u0131m\u0131za bir kez daha anlatt\u0131k.<\/p>\n<p style=\"text-align: justify;\">Do\u011fu T\u00fcrkistan davas\u0131n\u0131n diaspora\u2019da en b\u00fcy\u00fck yasal temsilcisi olan D\u00fcnya Uygur Kongresi (DUK) World Uyghur Congres WUC) ba\u015fta Rabia Kadir han\u0131mefendi ba\u015fta olmak \u00fczere Kayseri Do\u011fu T\u00fcrkistan K\u00fclt\u00fcr ve dayan\u0131\u015fma derne\u011fi ba\u015fkan\u0131 Seyit T\u00fcmt\u00fcrk Japon parlamentosunun daveti \u00fczerine(11-17)-02- 2017 tarihleri aras\u0131ndaki Japonya temsilcimiz Turmuhammet Ha\u015fim\u2019in ev sahipli\u011fi ile Japon halk\u0131na,bas\u0131n\u0131na,Japon parlamentosunda h\u00fck\u00fcmet ve muhalefet temsilcilileri ile \u00a0bire bir g\u00f6r\u00fc\u015ferek Do\u011fu T\u00fcrkistan davas\u0131n\u0131 ve yanlar\u0131nda olan \u00c7in tehlikesini elimizde olan somut delillerle Japon dostlar\u0131m\u0131za bir kez daha anlatt\u0131k.<\/p>\n<p style=\"text-align: justify;\">Do\u011fu T\u00fcrkistan davas\u0131 Japonya&#8217;da 15.06.2008 g\u00fcn\u00fc resmen Japonya Uygur Cemiyeti kurularak bu kutlu dava bu topraklarda g\u00fc\u00e7lenmeye ba\u015flam\u0131\u015ft\u0131r.<\/p>\n<p style=\"text-align: justify;\">D\u00fcnya Uygur Kongresi (DUK)\u2019un 4.Genel Kurul toplant\u0131s\u0131 Japonya\u2019n\u0131n ba\u015fkenti Tokyo\u2019da 14-17 May\u0131s 2012 aylar\u0131 aras\u0131nda ger\u00e7ekle\u015ftirilmi\u015ftir.\u00c7e\u015fitli defalar D\u00fcnya Uygur Kongresi ba\u015fkan\u0131 say\u0131n Rabia Kadir ve Do\u011fu T\u00fcrkistan K\u00fclt\u00fcr ve Dayan\u0131\u015fma derne\u011fi ba\u015fkan\u0131 \u00a0say\u0131n Seyit T\u00fcmt\u00fcrk beraberce Japonya&#8217;y\u0131 ziyaret ederek Japon halk\u0131na ,bas\u0131n\u0131na devlet erkankalar\u0131na Do\u011fu T\u00fcrkistan davas\u0131 ve \u00c7in tehlikesi konusunda bilgilendirmeler yapm\u0131\u015flard\u0131r.Son olarak yine Do\u011fu T\u00fcrkistan davas\u0131 bir kez Japon halk\u0131na hat\u0131rlat\u0131lm\u0131\u015ft\u0131r.<\/p>\n<p style=\"text-align: justify;\">11.02.2017 Japonya&#8217;daki ilk g\u00fcn\u00fcm\u00fczde Tibet s\u00fcrg\u00fcn h\u00fck\u00fcmeti Ba\u015fbakan\u0131 Lobsang Sanghay onuruna Tokyo&#8217;daki resepsiyona DUK Ba\u015fkan\u0131 Rabiya Kadir han\u0131mla birlikte Onur konu\u011fu olarak kat\u0131ld\u0131k. Rabiya han\u0131m Ba\u015fbakan Lobsang Sanghaydan sonra davetlilere hitab etti. \u00c7in i\u015fgalindeki Do\u011fu T\u00fcrkistan,Tibet,Mo\u011fol gibi i\u015fgale u\u011fram\u0131\u015f milletlerin \u00c7in&#8217;e kar\u015f\u0131 ortak hareket etmeleri gerekti\u011fini ifade etti.<\/p>\n<p style=\"text-align: justify;\">12.02.2017 tarihinde Japonya&#8217;n\u0131n ba\u015fkenti Tokyo&#8217;da Japonlar\u0131n ve Tibetlilerin organizasyonuyla Tibet s\u00fcrg\u00fcn h\u00fck\u00fcmeti Ba\u015fbakan\u0131 Lopsang Sangay&#8217;\u0131n bas\u0131na a\u00e7\u0131k Japon halk\u0131na bilgilendirme toplant\u0131s\u0131 d\u00fczenlendi.Toplant\u0131ya DUK Ba\u015fkan\u0131 Rabiya Kadir han\u0131mla birlikte kat\u0131ld\u0131k. \u00c7in i\u015fgalindeki Do\u011fu T\u00fcrkistan&#8217;daki insan haklar\u0131 ihlallerini ve asimilasyon politikalar\u0131n\u0131 detayl\u0131 bir \u015fekilde anlatt\u0131.<\/p>\n<p style=\"text-align: justify;\">13.02.2017 tarihinde Tokyo&#8217;da uluslar aras\u0131 bas\u0131n kul\u00fcb\u00fcnde D\u00fcnyan\u0131n \u00f6nde gelen ajanslar\u0131n\u0131n temsilcileriyle bas\u0131n toplant\u0131s\u0131 d\u00fczenledik. CNN,BBC,Reuters,El Cezire AP, gibi D\u00fcnyan\u0131n \u00f6nde gelen ajans temsilcilerinin haz\u0131r bulundu\u011fu Toplant\u0131ya Do\u011fu T\u00fcrkistanl\u0131lar\u0131n lideri Rabiya Kadir han\u0131m ve yard\u0131mc\u0131lar\u0131ndan T\u00fcrkiye&#8217;den biz Almanya&#8217;dan \u00dcmit Agahi Toplant\u0131ya kat\u0131ld\u0131k.70 kadar bas\u0131n mensubunun kat\u0131ld\u0131\u011f\u0131 toplant\u0131da Do\u011fu T\u00fcrkistan&#8217;daki \u00c7in i\u015fgali \u00e7ok detayl\u0131 bir \u015fekilde anlat\u0131ld\u0131.<\/p>\n<p style=\"text-align: justify;\">Kaynak: <a href=\"http:\/\/gokbayrak.com\/haber_detay.asp?id=5130\">G\u00f6kbyrak<\/a><\/p>\n","protected":false},"excerpt":{"rendered":"<p>Japon parlamentosunda h\u00fck\u00fcmet ve muhalefet temsilcilileri ile bire bir g\u00f6r\u00fc\u015ferek Do\u011fu T\u00fcrkistan davas\u0131n\u0131 ve yanlar\u0131nda olan \u00c7in tehlikesini elimizde olan somut delillerle Japon dostlar\u0131m\u0131za bir kez daha anlatt\u0131k. Do\u011fu T\u00fcrkistan&#8230;<\/p>\n","protected":false},"author":1,"featured_media":7065,"comment_status":"open","ping_status":"open","sticky":false,"template":"","format":"standard","meta":{"footnotes":""},"categories":[281,280],"tags":[],"class_list":["post-7064","post","type-post","status-publish","format-standard","has-post-thumbnail","hentry","category-uygur-haberleri","category-haberler"],"_links":{"self":[{"href":"https:\/\/iuhrdf.org\/tr\/wp-json\/wp\/v2\/posts\/7064","targetHints":{"allow":["GET"]}}],"collection":[{"href":"https:\/\/iuhrdf.org\/tr\/wp-json\/wp\/v2\/posts"}],"about":[{"href":"https:\/\/iuhrdf.org\/tr\/wp-json\/wp\/v2\/types\/post"}],"author":[{"embeddable":true,"href":"https:\/\/iuhrdf.org\/tr\/wp-json\/wp\/v2\/users\/1"}],"replies":[{"embeddable":true,"href":"https:\/\/iuhrdf.org\/tr\/wp-json\/wp\/v2\/comments?post=7064"}],"version-history":[{"count":1,"href":"https:\/\/iuhrdf.org\/tr\/wp-json\/wp\/v2\/posts\/7064\/revisions"}],"predecessor-version":[{"id":7066,"href":"https:\/\/iuhrdf.org\/tr\/wp-json\/wp\/v2\/posts\/7064\/revisions\/7066"}],"wp:featuredmedia":[{"embeddable":true,"href":"https:\/\/iuhrdf.org\/tr\/wp-json\/wp\/v2\/media\/7065"}],"wp:attachment":[{"href":"https:\/\/iuhrdf.org\/tr\/wp-json\/wp\/v2\/media?parent=7064"}],"wp:term":[{"taxonomy":"category","embeddable":true,"href":"https:\/\/iuhrdf.org\/tr\/wp-json\/wp\/v2\/categories?post=7064"},{"taxonomy":"post_tag","embeddable":true,"href":"https:\/\/iuhrdf.org\/tr\/wp-json\/wp\/v2\/tags?post=7064"}],"curies":[{"name":"wp","href":"https:\/\/api.w.org\/{rel}","templated":true}]}}