{"id":7071,"date":"2017-02-19T11:11:39","date_gmt":"2017-02-19T03:11:39","guid":{"rendered":"http:\/\/www.iuhrdf.org\/tr\/?p=7071"},"modified":"2017-02-19T11:12:21","modified_gmt":"2017-02-19T03:12:21","slug":"cinliler-pesimizi-birakmiyor","status":"publish","type":"post","link":"https:\/\/iuhrdf.org\/tr\/cinliler-pesimizi-birakmiyor\/","title":{"rendered":"\u00c7inliler pe\u015fimizi b\u0131rakm\u0131yor"},"content":{"rendered":"<p style=\"text-align: justify;\"><img loading=\"lazy\" decoding=\"async\" class=\"wp-image-7072 alignright\" src=\"https:\/\/iuhrdf.org\/tr\/wp-content\/uploads\/2017\/02\/HaberRes_57356-1.jpg\" alt=\"\" width=\"414\" height=\"226\" srcset=\"https:\/\/iuhrdf.org\/tr\/wp-content\/uploads\/2017\/02\/HaberRes_57356-1.jpg 725w, https:\/\/iuhrdf.org\/tr\/wp-content\/uploads\/2017\/02\/HaberRes_57356-1-300x163.jpg 300w\" sizes=\"auto, (max-width: 414px) 100vw, 414px\" \/>\u0130stanbul&#8217;da oturma izinleri sona eren g\u00f6\u00e7menler, \u0130\u00e7i\u015fleri Bakanl\u0131\u011f\u0131 taraf\u0131ndan kay\u0131t alt\u0131na al\u0131n\u0131yor. AK\u015eAM&#8217;\u0131n konu\u015ftu\u011fu Do\u011fu T\u00fcrkistanl\u0131lar, &#8220;\u00c7in burada da pe\u015fimizi b\u0131rakmad\u0131, burada bile cirit at\u0131yorlar&#8221; dedi.<\/p>\n<p style=\"text-align: justify;\"><strong>B\u00dcLENT \u015eANLIKAN \/ HABER MERKEZ\u0130<\/strong><\/p>\n<p style=\"text-align: justify;\">T\u00fcrkiye Cumhuriyetlerden gelen ka\u00e7aklar\u0131n birinci adresi haline gelen Zeytinburnu&#8217;nda \u0130\u00e7i\u015fleri Bakanl\u0131\u011f\u0131&#8217;na ba\u011fl\u0131 G\u00f6\u00e7 \u0130daresi &#8216;Genel M\u00fcd\u00fcrl\u00fc\u011f\u00fc &#8216;kay\u0131t&#8217; uygulamas\u0131 ba\u015flatt\u0131. S\u00fcmer Mahallesi&#8217;nde seyyar ofis kuruldu. Burada pasaportunun s\u00fcresi bitip ka\u00e7ak konumuna d\u00fc\u015fen ya da illegal yollarla T\u00fcrkiye&#8217;ye gelip Zeytinburnu&#8217;nda kalan ki\u015filerin kay\u0131t alt\u0131na al\u0131nmas\u0131 s\u00fcreci start ald\u0131. Pasaportu yok olanlar ise ikamet adreslerini bildirip parmak izi verdi. Do\u011fu T\u00fcrkistanl\u0131lar, kay\u0131t alt\u0131na al\u0131nmalar\u0131n\u0131n g\u00fcvence oldu\u011fu belirtti.<\/p>\n<p style=\"text-align: justify;\"><strong>\u00d6N YARGILI DAVRANILIYOR<\/strong><\/p>\n<p style=\"text-align: justify;\">M.A. \u201c\u00c7in \u00fczerimizde dini bask\u0131 olu\u015fturuyor. \u00c7in burada da pe\u015fimizi b\u0131rakm\u0131yor. \u00c7inliler semtlerimizde cirit at\u0131yor. Korkuyoruz&#8221; derken A.K. ise, \u201cReina sald\u0131r\u0131s\u0131n\u0131n ard\u0131ndan o hain y\u00fcz\u00fcnden bizler \u00fczerinde baz\u0131 \u00f6nyarg\u0131lar maalesef olu\u015ftu&#8221; dedi.<\/p>\n<p style=\"text-align: justify;\"><strong>SOYLU&#8217;YA TE\u015eEKK\u00dcRLER\u00a0<\/strong><\/p>\n<p style=\"text-align: justify;\">AK\u015eAM&#8217;a konu\u015fan D\u00fcnya Uygur Kongresi Ba\u015fkan Yard\u0131mc\u0131s\u0131 Seyit T\u00fcmt\u00fcrk, &#8220;\u0130nsanlar\u0131m\u0131z T\u00fcrkiye&#8217;ye \u00c7in bask\u0131s\u0131 ve zulm\u00fcnden dolay\u0131 s\u0131\u011f\u0131nd\u0131. T\u00fcrkiye&#8217;yi \u00f6zg\u00fcrl\u00fckler \u00fclkesi olarak g\u00f6r\u00fcyoruz. Bu uygulama i\u00e7in \u0130\u00e7i\u015fleri Bakan\u0131 S\u00fcleyman Soylu&#8217;ya te\u015fekk\u00fcr ediyoruz&#8221; diye konu\u015ftu.<\/p>\n<p style=\"text-align: justify;\"><strong>D\u00fckk\u00e2n altlar\u0131 kiralan\u0131yor<\/strong><\/p>\n<p style=\"text-align: justify;\">S\u00fcmer Mahallesi Muhtar\u0131 Ak\u0131n Co\u015fkun, &#8220;Ka\u00e7ak yollarla il\u00e7emize gelen \u00e7ok say\u0131da T\u00fcrki Cumhuriyetlerden gelen insanlar var.A\u011f\u0131rl\u0131k olarak Do\u011fu T\u00fcrkistan, \u00d6zbekler, Kazaklar, Afgan g\u00f6\u00e7menler diyebilirim. \u00a0D\u00fckkanlar\u0131n altlar\u0131 g\u00fcnl\u00fck kiral\u0131k evler ile doldu. \u00a0Kimlerin burada kald\u0131\u011f\u0131n\u0131 bilmiyoruz. Bu uygulama ile bunun \u00f6n\u00fcne ge\u00e7ilmesi de m\u00fcmk\u00fcn olacak&#8221; dedi.<\/p>\n<p style=\"text-align: justify;\">Kaynak: <a href=\"http:\/\/www.aksam.com.tr\/guncel\/cinliler-pesimizi-birakmiyor\/haber-597547\">Ak\u015fam Gazetesi<\/a><\/p>\n","protected":false},"excerpt":{"rendered":"<p>\u0130stanbul&#8217;da oturma izinleri sona eren g\u00f6\u00e7menler, \u0130\u00e7i\u015fleri Bakanl\u0131\u011f\u0131 taraf\u0131ndan kay\u0131t alt\u0131na al\u0131n\u0131yor. AK\u015eAM&#8217;\u0131n konu\u015ftu\u011fu Do\u011fu T\u00fcrkistanl\u0131lar, &#8220;\u00c7in burada da pe\u015fimizi b\u0131rakmad\u0131, burada bile cirit at\u0131yorlar&#8221; dedi. B\u00dcLENT \u015eANLIKAN \/ HABER&#8230;<\/p>\n","protected":false},"author":1,"featured_media":7072,"comment_status":"open","ping_status":"open","sticky":false,"template":"","format":"standard","meta":{"footnotes":""},"categories":[285,280],"tags":[],"class_list":["post-7071","post","type-post","status-publish","format-standard","has-post-thumbnail","hentry","category-dogu-turkistan-hakkinda","category-haberler"],"_links":{"self":[{"href":"https:\/\/iuhrdf.org\/tr\/wp-json\/wp\/v2\/posts\/7071","targetHints":{"allow":["GET"]}}],"collection":[{"href":"https:\/\/iuhrdf.org\/tr\/wp-json\/wp\/v2\/posts"}],"about":[{"href":"https:\/\/iuhrdf.org\/tr\/wp-json\/wp\/v2\/types\/post"}],"author":[{"embeddable":true,"href":"https:\/\/iuhrdf.org\/tr\/wp-json\/wp\/v2\/users\/1"}],"replies":[{"embeddable":true,"href":"https:\/\/iuhrdf.org\/tr\/wp-json\/wp\/v2\/comments?post=7071"}],"version-history":[{"count":2,"href":"https:\/\/iuhrdf.org\/tr\/wp-json\/wp\/v2\/posts\/7071\/revisions"}],"predecessor-version":[{"id":7074,"href":"https:\/\/iuhrdf.org\/tr\/wp-json\/wp\/v2\/posts\/7071\/revisions\/7074"}],"wp:featuredmedia":[{"embeddable":true,"href":"https:\/\/iuhrdf.org\/tr\/wp-json\/wp\/v2\/media\/7072"}],"wp:attachment":[{"href":"https:\/\/iuhrdf.org\/tr\/wp-json\/wp\/v2\/media?parent=7071"}],"wp:term":[{"taxonomy":"category","embeddable":true,"href":"https:\/\/iuhrdf.org\/tr\/wp-json\/wp\/v2\/categories?post=7071"},{"taxonomy":"post_tag","embeddable":true,"href":"https:\/\/iuhrdf.org\/tr\/wp-json\/wp\/v2\/tags?post=7071"}],"curies":[{"name":"wp","href":"https:\/\/api.w.org\/{rel}","templated":true}]}}