{"id":7175,"date":"2017-03-27T23:53:47","date_gmt":"2017-03-27T15:53:47","guid":{"rendered":"http:\/\/www.iuhrdf.org\/tr\/?p=7175"},"modified":"2017-03-27T23:54:50","modified_gmt":"2017-03-27T15:54:50","slug":"uygur-aktivist-rahime-mahmut-isgalci-cine-karsi-tek-basinakorkusuz-ve-cesur","status":"publish","type":"post","link":"https:\/\/iuhrdf.org\/tr\/uygur-aktivist-rahime-mahmut-isgalci-cine-karsi-tek-basinakorkusuz-ve-cesur\/","title":{"rendered":"Uygur Aktivist Rahime Mahmut \u0130\u015fgalci \u00c7in\u2019e Kar\u015fi Tek Ba\u015fina,Korkusuz Ve Cesur"},"content":{"rendered":"<h1><img loading=\"lazy\" decoding=\"async\" class=\"wp-image-45447 alignright\" src=\"http:\/\/www.uyghurnet.org\/wp-content\/uploads\/2017\/03\/17021611_1268855986536453_909215328140247139_n.jpg\" sizes=\"auto, (max-width: 720px) 100vw, 720px\" srcset=\"http:\/\/www.uyghurnet.org\/wp-content\/uploads\/2017\/03\/17021611_1268855986536453_909215328140247139_n.jpg 720w, http:\/\/www.uyghurnet.org\/wp-content\/uploads\/2017\/03\/17021611_1268855986536453_909215328140247139_n-300x288.jpg 300w\" alt=\"\" width=\"337\" height=\"324\" \/><\/h1>\n<p><strong>Hamit G\u00d6KT\u00dcRK \u2013 UYHAM<\/strong><\/p>\n<p style=\"text-align: justify;\">Yukar\u0131da\u00a0 Do\u011fu T\u00fcrkistan\u2019\u0131n \u00f6zg\u00fcrl\u00fck ve ba\u011f\u0131ms\u0131zl\u0131\u011f\u0131n\u0131n sembolu ay y\u0131ld\u0131zl\u0131 g\u00f6kbayra\u011f\u0131\u00a0 tek ba\u015f\u0131na,cesur ve\u00a0 korkusuzca \u00a0dalgaland\u0131ran \u00a0bu\u00a0 foto\u011frafa sosyal medya ortam\u0131nda rastlad\u0131k ve alt\u0131na not yazarak bir s\u00fcre\u00a0 \u00f6nce payla\u015ft\u0131k.<\/p>\n<p style=\"text-align: justify;\">Bu manzara \u00e7ok muthi\u015fti. \u00c7\u00fcnk\u00fc, Ay y\u0131ld\u0131zl\u0131 G\u00f6kbayra\u011f\u0131n kar\u015f\u0131s\u0131nda\u00a0 bask\u0131,zul\u00fcm,i\u015fkence,etnik asimilasyon dini ve \u0131rk\u0131 soyk\u0131r\u0131m\u0131n sembolu \u00a0 be\u015fy\u0131ld\u0131zl\u0131 \u00c7KP.\u2019n\u0131n K\u0131z\u0131l bayra\u011f\u0131 bulunuyordu. Bu k\u0131z\u0131l bayrak, Do\u011fu T\u00fcrkistan\u2019da i\u015fgalc\u0131\u00a0 olarak bulunan \u00c7in\u2019i temsil ediyordu. Kar\u015f\u0131s\u0131nda mavi elbiseli\u00a0\u00a0 bir \u00a0Uygur Han\u0131m \u00a0g\u00f6kbayra\u011f\u0131\u00a0 tek ba\u015f\u0131na cesurca ve korkusuz bir \u015fekilde\u00a0 dalgaland\u0131r\u0131yordu. Kar\u015f\u0131s\u0131nda ise, \u00c7KP.diktat\u00f6rla\u011f\u00fcn\u00fcn simgesi k\u0131z\u0131l bayra\u011f\u0131 sallayan \u00a0\u00c7inliler yer al\u0131yordu. \u00c7inlilerin Do\u011fu T\u00fcrkistan\u2019da oldu\u011fu gibi Londra\u2019da de yine Uygurlara \u00a0sald\u0131rmamas\u0131 i\u00e7in \u0130ngiliz polisi araya demin engeller koyarak \u00a0bir tempon b\u00f6lge olu\u015fturmu\u015ftu. Bu m\u00fcthi\u015f manzara bizi \u00e7ok \u00a0etkilemi\u015f ve \u00e7ok ta duyguland\u0131rm\u0131\u015ft\u0131.<\/p>\n<p style=\"text-align: justify;\">Sosyal medya ortam\u0131nda bu bayra\u011f\u0131 tek ba\u015f\u0131na ve cesurca\u00a0 dalgaland\u0131ran \u00a0Uygur han\u0131ma bir s\u00fcre \u00f6nce ula\u015fmay\u0131 ba\u015fard\u0131k. Bu m\u00fcthi\u015f manzaran\u0131n \u00a0 hikayesini yazmas\u0131n\u0131 \u00a0kendisinden rica ettik. Bug\u00fcn \u00a0bu manzaran\u0131n hikayesini yazarak bize iletti.Kendisine \u00e7ok te\u015fekk\u00fcr ediyorum.<\/p>\n<p style=\"text-align: justify;\"><strong>G\u00f6kbayra\u011f\u0131\u00a0 \u00a0tek ba\u015f\u0131na Cesur ve Kahramanca Dalgand\u0131ran \u00a0Uygur Han\u0131m\u00a0 Rahime Mahmut<\/strong><\/p>\n<p style=\"text-align: justify;\">G\u00f6kbayra\u011f\u0131 \u00a0tek ba\u015f\u0131na ve cesurca dalgaland\u0131ran \u00a0 bir Uygur T\u00fcrk\u00fc \u00a0Han\u0131m idi. Do\u011fu T\u00fcrkistan\u2019daki \u0130\u015fgalc\u0131 \u00c7in\u2019in bask\u0131 ve zulm\u00fcnden dolay\u0131 yurdunu terk etmek zorunda kalan\u00a0 duygu dolu,vatanperver bir Uygur ayd\u0131n\u0131 ve ayn\u0131 zamanda \u00a0bir aktivist ve \u00a0bir \u00a0Uygur \u00a0ses \u00a0sanat\u00e7\u0131s\u0131 idi ve ad\u0131 de Rahime Mahmut\u2019tu . Yurdunu terkederek \u00a0 \u00a0\u0130ngiltere\u2019ye siyas\u0131 s\u0131\u011f\u0131nmac\u0131 olarak\u00a0 yerle\u015fmi\u015f ve\u00a0 halen ba\u015fkent Londra\u2019da ya\u015f\u0131yordu.<\/p>\n<p style=\"text-align: justify;\"><strong>Bu M\u00fcthi\u015f Tablo 2015\u2019de Londra\u2019da \u00c7ekilmi\u015f<\/strong><\/p>\n<p style=\"text-align: justify;\">Uygur Han\u0131m K\u0131zlar\u0131m\u0131z\u0131n y\u00fcz ak\u0131,cesur ve korkusuz temsilcisi Londra Tar\u0131m Ansamblesinin(M\u00fczik Toplulu\u011fu)\u2019nun \u00a0 solisti Say\u0131n rahime Mahmut Han\u0131m bize iletti\u011fi notlar\u0131nda\u00a0 bu m\u00fcthi\u015f ve tarihi foto\u011fraf\u0131n hikayesini \u015f\u00f6yle anlat\u0131yor ;<\/p>\n<p style=\"text-align: justify;\">\u201c \u00a0Do\u011fu T\u00fcrkistan\u2019da i\u015fgalc\u0131 olarak bulunan Kom\u00fcnist \u00c7in devlet ba\u015fkan\u0131 Xi \u00a0\u00a0\u00a022 Ekim 2015 \u00a0\u2018te \u0130ngiltere\u2019yi resmi bir ziyaret i\u00e7in Londra\u2019ya geldi. Biz \u00a0onun gelmesinden \u00f6nce\u00a0 \u0130ngiltere\u2019de ya\u015fayan Do\u011fu T\u00fcrkistanl\u0131 Uygurlar, kaderda\u015flar\u0131m\u0131z olan Tibetli aktivistler ile demokrasi \u00a0ve insan\u0131 de\u011ferlere\u00a0 ba\u011fl\u0131 \u00c7KP.kar\u015f\u0131t\u0131 rejim muhalifi Demokrat \u00c7inliler ile birlikte\u00a0 ortak bir organizasyonla \u00a0\u00a0\u00c7in devlet ba\u015fkan\u0131n\u0131 protesto etmeye karar verdik. \u00c7in ba\u015fkan\u0131n\u0131n \u00a0ziyaret edece\u011fi g\u00fcn olan 22 Ekim 2015\u2019te \u0130ngilitere Ba\u015fbakanlar\u0131n\u0131n \u00a0tarihi ikametgah\u0131 ve ofisi olan Londra\u2019daki Down Street No.10 adresininin \u00a0bulundu\u011fu soka\u011f\u0131n \u00a0\u00f6n\u00fcne gelerek bayraklar\u0131m\u0131z\u0131 a\u00e7t\u0131k ve \u00a0bayra\u011f\u0131m\u0131z\u0131 dalgaland\u0131rarak sloganlar e\u015fli\u011finde protestoya \u00a0\u00a0ba\u015flad\u0131k.Kom\u00fcnist \u00c7in\u2019in Londra El\u00e7ili\u011fi de bu arada bo\u015f durmam\u0131\u015ft\u0131. \u0130ngiltere\u2019ye \u00c7in devlet bursu ile gelen\u00a0 \u00f6\u011frencileri ve bir k\u0131s\u0131m \u00c7KP.iktidar\u0131ndan nemalanan \u00c7KP.yanl\u0131lar\u0131n\u0131 organize etmi\u015f ve \u00a0ellerine birer \u00c7KP.bayra\u011f\u0131 vererek \u00c7in Liderini g\u00fcya onlara \u00a0kar\u015f\u0131latmak ve desteklemek i\u00e7in kar\u015f\u0131m\u0131za dikmi\u015fti. \u0130ngiliz polisi aram\u0131zda gerginlik ve \u00e7at\u0131\u015fma \u00e7\u0131kmamas\u0131 i\u00e7in aram\u0131za engeller koydu ve emniyet tedbirlerini \u00a0ald\u0131lar. \u00c7KP.bayrakl\u0131 \u00c7iniller say\u0131ca \u00a0 bizden \u00a0\u00e7ok \u00a0kalabal\u0131k olmalar\u0131na \u00a0 ra\u011fmen onlar\u0131n sesleri c\u0131l\u0131zd\u0131 ve \u00a0 biz onlar\u0131 \u00a0bast\u0131r\u0131yorduk.\u00c7\u00fcnk\u00fc,o zavall\u0131 \u00c7inliler \u00a0buraya g\u00f6steri i\u00e7in zoraki olarak getirilmi\u015fler \u00a0ve bizim kar\u015f\u0131m\u0131za zorla dikilmeye mecbur edilmi\u015flerdi. Ben bir ara tek ba\u015f\u0131ma elimdeki \u00a0g\u00f6kbayra\u011f\u0131mla \u00a0 kalabal\u0131k bir \u00c7inli g\u00f6sterici gurubunun \u00a0kar\u015f\u0131s\u0131nda ve onlarca \u00c7KP.bayra\u011f\u0131n\u0131n\u00a0 kar\u015f\u0131s\u0131nda kalm\u0131\u015f\u0131m. Bu foto\u011frafi o an orada bulunan bir Foto muhabiri \u00e7ekmi\u015f ve gazetesinde yay\u0131nlam\u0131\u015ft\u0131. \u00a0Bu foto\u011fraf o tarihlerde \u00a0bir hayl\u0131 \u00a0bir yank\u0131 yapt\u0131 ve Do\u011fu T\u00fcrkistan\u2019\u0131n tan\u0131nmas\u0131 ve g\u00fcndeme getirilmesinde \u00e7ok \u00a0yararl\u0131 olmu\u015ftu. Gazetelerde bu bayrak vesilesi ile \u00a0 yorumlar ve yaz\u0131lar yay\u0131nland\u0131. Sosyal medya\u2019da da bir hayl\u0131 \u00a0etkili olmu\u015ftu. \u00a0Ben asl\u0131nda\u00a0o anki heyecan ortam\u0131nda \u00a0bu g\u00f6r\u00fcnt\u00fcn\u00fcn pek fark\u0131nda olamad\u0131m. \u00a0Bu resim \u00e7ok do\u011fal ve kendili\u011finden meydana gelen bir manzaran\u0131n foto\u011fraf\u0131 idi. \u00a0Do\u011fu T\u00fcrkistan\u2019in ve onun \u00a0davas\u0131n\u0131n tan\u0131nmas\u0131na e\u011fer \u00a0bu foto\u011fraf bir \u00a0katk\u0131 sa\u011flam\u0131\u015f ise,ben bundan sevin\u00e7 ve gurur duyar\u0131m.\u201d dedi.<\/p>\n<p style=\"text-align: justify;\">Say\u0131n Rahhime Mahmut Han\u0131m notlar\u0131n\u0131 \u015f\u00f6yle tamaml\u0131yor ; \u201d Bizler, \u00a0\u00c7KP.iktidar\u0131n\u0131n \u00a0i\u015fgal,bask\u0131 ve zulm\u00fcnden ka\u00e7mak zorunda kalan \u00a0aktivistler olarak \u00c7in Lideri \u015ei\u2019n\u0131n 4 g\u00fcnl\u00fck ziyaretini ad\u0131m ad\u0131m takip ederek \u00c7ini emperyalizmini protesto etmeyi s\u00fcrd\u00fcrd\u00fck.Bu arada 2 Tibetli aktivist ile bir \u00c7KP.rejimi kar\u015f\u0131t\u0131 demokrat \u00c7inli \u0130ngiliz polisi taraf\u0131ndan g\u00f6z alt\u0131na al\u0131narak tutukland\u0131. Bu tutuklanma olay\u0131 de \u00a0o tarihlerde g\u00fcndem olu\u015fturmu\u015f ve ingiliz kamu oyunda b\u00fcy\u00fck yank\u0131 uyand\u0131rm\u0131\u015ft\u0131r.<\/p>\n<p style=\"text-align: justify;\"><strong>Rahime Mahmut Sanat\u00e7\u0131 Ki\u015fili\u011finin Yan\u0131nda Kahraman Bir \u00a0Ba\u011f\u0131mzl\u0131k Aktivistidir<\/strong><\/p>\n<p style=\"text-align: justify;\">Rahime Mahmut Han\u0131m sanat\u00e7\u0131 ki\u015fili\u011finin yan\u0131nda vatan\u0131n\u0131n sevdal\u0131s\u0131 ve onun \u00a0unutmayan ve Milletini sanat\u0131 sevdi\u011finden daha \u00e7ok seven bir yurt severdir. Baz\u0131 \u00a0sanat\u00e7\u0131lar ve s\u00f6zde Uygur Medeniyet\u00e7iler (ne demekse kendileri de\u00a0bunu pek bilmiyorlar.) \u00a0gibi,\u00a0 ben sanat\u00e7\u0131y\u0131m,siyasete kar\u0131\u015fm\u0131yorum.Do\u011fu T\u00fcrkistan \u00a0demem yanl\u0131\u015f \u00a0olur ve G\u00f6kbayrak de beni ilgilendirmez demiyordu.Bir yandan Londra Tar\u0131m Ansamblesinin \u00f6nde gelen bir \u00fcyesi \u00a0ve ses sanat\u00e7\u0131s\u0131 idi.B\u00fct\u00fcn Avrupa\u2019y\u0131 ekibi ile birlikte \u00a0y\u0131lda birka\u00e7 kez dola\u015f\u0131yor ve Uygur T\u00fcrklerinin sanat\u0131n\u0131 tan\u0131t\u0131yor ve sevgili yurdunun \u00f6zlem ve hasretini \u015fark\u0131lar\u0131nda dile getiriyordu. Vatan ve Milletine olan a\u015fk\u0131n\u0131, sevgisini \u00a0ve g\u00f6z ya\u015flar\u0131n\u0131 \u00a0i\u00e7ine ak\u0131t\u0131yordu.\u00c7in\u2019in bin bir t\u00fcrl\u00fc bask\u0131,zul\u00fcm ve i\u015fkence ile yok etmeye \u00e7al\u0131\u015ft\u0131\u011f\u0131 \u00a0halk\u0131n\u0131n dert ve ist\u0131raplar\u0131n\u0131 \u00a0 seselendirdi\u011fi \u00a0\u015fark\u0131lar\u0131 ile d\u00fcnya\u2019ya hayk\u0131r\u0131yor \u00a0ve mesajini bu \u015fekilde yans\u0131t\u0131yordu. Bunun yan\u0131nda Londra ba\u015fta \u0130ngiltere\u2019deki\u00a0 STK. Ve \u00dcniversitelerin b\u00fct\u00fcn etkinliklerine M\u00fczik toplulu\u011fu ile birlikte kat\u0131l\u0131yor Uygur T\u00fcrklerini sanat\u0131 ile tan\u0131tmaya \u00e7al\u0131\u015f\u0131yordu.<\/p>\n<p style=\"text-align: justify;\"><strong>Do\u011fu T\u00fcrkistan \u00a0M\u00fccadelesi\u00a0 Rahime Mahmut\u2019lar var olduk\u00e7a ba\u015far\u0131ya ula\u015facakt\u0131r<\/strong><\/p>\n<p style=\"text-align: justify;\">Rahime Mahmut Han\u0131m, ayn\u0131 zamanda bir aile reisi ve \u00a0Londra Tar\u0131m Ansamblesinin bir \u00fcyesi ve bu m\u00fczik toplulu\u011funun solistidir. B\u00fct\u00fcn bunlar\u0131n yan\u0131nda ayn\u0131 zamanda\u00a0 bir \u00f6zg\u00fcrl\u00fck a\u015f\u0131\u011f\u0131 ve H\u00fcrriyet sava\u015f\u00e7\u0131s\u0131 ve \u00f6nde gelen bir insan hakalar\u0131 aktivistidir. Sanatla Vatan ve Mililet sevgisi yan\u0131 iki ayr\u0131 duyguyu\u00a0 yan yana ve paralel\u00a0 \u00a0\u015fekilde \u00f6z\u00fcmseyen m\u00fcthi\u015f \u00a0 ve se\u00e7kin bir ki\u015filiktir. \u00a0Ayn\u0131 zamanda\u00a0 \u00a0Do\u011fu T\u00fcrkistan ba\u011f\u0131ms\u0131zl\u0131k mm\u00fccadelesi \u00a0 tarihindeki \u00a0 birer \u00f6rnek Kahramanlar\u0131m\u0131z ; Dil\u015fat Sultan,Yeri Singlimler(Yeri K\u0131z Karde\u015fler) Nazu\u011fum ve Rizvang\u00fcl ba\u015fta \u00a0tarihimize \u00a0\u015fan ve \u015feref bah\u015feden ve iz b\u0131rakan iffet.cesaret ve kahramanl\u0131k sembolu olan Uygur T\u00fcrk\u00fc Analar\u0131n asil ruhlu bir varisidir.<\/p>\n<p style=\"text-align: justify;\"><strong>G\u00f6kbayra\u011f\u0131 Londra\u2019da tek ba\u015f\u0131na,cesur ve Kahramanca Dalgaland\u0131ran \u00a0Kahrama Uygur \u00a0Sanat\u00e7\u0131 ve Aktivist \u00a0Rahime Mahmut<\/strong><\/p>\n<p style=\"text-align: justify;\">Say\u0131n Rahime Mahmut Han\u0131m, Size \u00a0\u00e7ok \u00e7ok \u00a0te\u015fekk\u00fcrler ediyoruz.<\/p>\n<p style=\"text-align: justify;\">Dualar\u0131m\u0131z \u00a0siz ve sizin gibi Cesur, y\u00fcrekli ve imanl\u0131 Kahramanlar\u0131m\u0131z i\u00e7indir.<\/p>\n<p style=\"text-align: justify;\">Allah Sizi, mazlum Karde\u015flerimizi ve \u00a0b\u00fcy\u00fck T\u00fcrk Milletini \u00a0daima Korusun ve ebedi payidar k\u0131ls\u0131n \u00a0 Amin!<\/p>\n<p style=\"text-align: justify;\">Kaynak: \u00a0<a href=\"http:\/\/www.uyghurnet.org\/tek-basina-ancak-korkmuyor\/\">Uygur Haber ve Ara\u015ft\u0131rma Merkezi<\/a><\/p>\n","protected":false},"excerpt":{"rendered":"<p>Hamit G\u00d6KT\u00dcRK \u2013 UYHAM Yukar\u0131da\u00a0 Do\u011fu T\u00fcrkistan\u2019\u0131n \u00f6zg\u00fcrl\u00fck ve ba\u011f\u0131ms\u0131zl\u0131\u011f\u0131n\u0131n sembolu ay y\u0131ld\u0131zl\u0131 g\u00f6kbayra\u011f\u0131\u00a0 tek ba\u015f\u0131na,cesur ve\u00a0 korkusuzca \u00a0dalgaland\u0131ran \u00a0bu\u00a0 foto\u011frafa sosyal medya ortam\u0131nda rastlad\u0131k ve alt\u0131na not yazarak bir&#8230;<\/p>\n","protected":false},"author":1,"featured_media":7177,"comment_status":"open","ping_status":"open","sticky":false,"template":"","format":"standard","meta":{"footnotes":""},"categories":[281,280],"tags":[],"class_list":["post-7175","post","type-post","status-publish","format-standard","has-post-thumbnail","hentry","category-uygur-haberleri","category-haberler"],"_links":{"self":[{"href":"https:\/\/iuhrdf.org\/tr\/wp-json\/wp\/v2\/posts\/7175","targetHints":{"allow":["GET"]}}],"collection":[{"href":"https:\/\/iuhrdf.org\/tr\/wp-json\/wp\/v2\/posts"}],"about":[{"href":"https:\/\/iuhrdf.org\/tr\/wp-json\/wp\/v2\/types\/post"}],"author":[{"embeddable":true,"href":"https:\/\/iuhrdf.org\/tr\/wp-json\/wp\/v2\/users\/1"}],"replies":[{"embeddable":true,"href":"https:\/\/iuhrdf.org\/tr\/wp-json\/wp\/v2\/comments?post=7175"}],"version-history":[{"count":2,"href":"https:\/\/iuhrdf.org\/tr\/wp-json\/wp\/v2\/posts\/7175\/revisions"}],"predecessor-version":[{"id":7178,"href":"https:\/\/iuhrdf.org\/tr\/wp-json\/wp\/v2\/posts\/7175\/revisions\/7178"}],"wp:featuredmedia":[{"embeddable":true,"href":"https:\/\/iuhrdf.org\/tr\/wp-json\/wp\/v2\/media\/7177"}],"wp:attachment":[{"href":"https:\/\/iuhrdf.org\/tr\/wp-json\/wp\/v2\/media?parent=7175"}],"wp:term":[{"taxonomy":"category","embeddable":true,"href":"https:\/\/iuhrdf.org\/tr\/wp-json\/wp\/v2\/categories?post=7175"},{"taxonomy":"post_tag","embeddable":true,"href":"https:\/\/iuhrdf.org\/tr\/wp-json\/wp\/v2\/tags?post=7175"}],"curies":[{"name":"wp","href":"https:\/\/api.w.org\/{rel}","templated":true}]}}