{"id":7179,"date":"2017-03-28T00:22:42","date_gmt":"2017-03-27T16:22:42","guid":{"rendered":"http:\/\/www.iuhrdf.org\/tr\/?p=7179"},"modified":"2017-03-28T00:22:42","modified_gmt":"2017-03-27T16:22:42","slug":"guncel-gelismeler-isiginda-dogu-turkistan-konulu-konferans","status":"publish","type":"post","link":"https:\/\/iuhrdf.org\/tr\/guncel-gelismeler-isiginda-dogu-turkistan-konulu-konferans\/","title":{"rendered":"G\u00fcncel Geli\u015fmeler I\u015f\u0131\u011f\u0131nda Do\u011fu T\u00fcrkistan\u201d Konulu Konferans"},"content":{"rendered":"<p style=\"text-align: justify;\"><img loading=\"lazy\" decoding=\"async\" class=\"wp-image-7180 alignright\" src=\"https:\/\/iuhrdf.org\/tr\/wp-content\/uploads\/2017\/03\/fft261_mf22458168.jpeg\" alt=\"\" width=\"403\" height=\"202\" srcset=\"https:\/\/iuhrdf.org\/tr\/wp-content\/uploads\/2017\/03\/fft261_mf22458168.jpeg 606w, https:\/\/iuhrdf.org\/tr\/wp-content\/uploads\/2017\/03\/fft261_mf22458168-300x150.jpeg 300w\" sizes=\"auto, (max-width: 403px) 100vw, 403px\" \/>K\u0131rklareli \u00dcniversitesi Fen Edebiyat Fak\u00fcltesi \u00c7a\u011fda\u015f T\u00fcrk Leh\u00e7eleri ve Edebiyatlar\u0131 B\u00f6l\u00fcm\u00fc taraf\u0131ndan d\u00fczenlenen ve Gazi \u00dcniversitesi \u00d6\u011fretim \u00dcyesi Prof. Dr. Ekrem Ar\u0131ko\u011flu\u2019nun konu\u015fmac\u0131s\u0131 oldu\u011fu \u201cG\u00fcncel Geli\u015fmeler I\u015f\u0131\u011f\u0131nda Do\u011fu T\u00fcrkistan\u201d konulu konferans ger\u00e7ekle\u015fti.<br \/>\nRekt\u00f6rl\u00fck K\u00fclt\u00fcr Merkezinde D\u00dcZENLENEN KONFERANSTA KONU\u015eAN Prof. Dr. Ekrem Ar\u0131ko\u011flu, Manas \u00dcniversitesi\u2019nin bir projesi olan \u201cUrum\u00e7i\u2019den Ka\u015fgar\u2019a Derlemeler\u201d adl\u0131 \u00e7al\u0131\u015fmas\u0131yla Do\u011fu T\u00fcrkistan\u2019\u0131 yak\u0131ndan g\u00f6rme ve inceleme f\u0131rsat\u0131 buldu\u011funu belirterek, bu \u00e7al\u0131\u015fmalar\u0131n\u0131 bilimsel ve sosyo-k\u00fclt\u00fcrel anlamda ele al\u0131p \u00fcniversite akademik-idari personeli ve \u00f6\u011frencileriyle payla\u015ft\u0131.<br \/>\nProf. Dr. Ar\u0131ko\u011flu, Do\u00e7. Dr. \u0130smail Do\u011fan ile birlikte Urum\u00e7i\u2019den Yarkent\u2019e kadar Turfan, Kumul, Korla, Aksu, Atu\u015f ve Ka\u015fgar\u2019da yapt\u0131klar\u0131 inceleme gezisinde elde etti\u011fi bilgi ve bulgular\u0131, tarihi eserler, do\u011fal yap\u0131, demografik yap\u0131, end\u00fcstriyel durum, \u00e7ar\u015f\u0131-pazar al\u0131\u015f veri\u015fi, toplumsal-k\u00fclt\u00fcrel ya\u015fam, dil ve edebiyat, insan haklar\u0131 ve uluslararas\u0131 ili\u015fkiler a\u00e7\u0131s\u0131ndan kendisinin \u00e7ekti\u011fi zengin foto\u011fraf kareleri e\u015fli\u011finde yorumlad\u0131.<\/p>\n<p>\u201cEn b\u00fcy\u00fck sorunumuzun oldu\u011fu yer Do\u011fu T\u00fcrkistan\u2019d\u0131r\u201d<br \/>\nT\u00fcrklerin d\u00fcnya \u00fczerinde geni\u015f bir co\u011frafyaya yay\u0131lmas\u0131n\u0131n d\u00fcnyan\u0131n geri kalan\u0131 ile 5 bin y\u0131ld\u0131r s\u00fcregelen bir meseleyi ortaya \u00e7\u0131kard\u0131\u011f\u0131n\u0131 s\u00f6yleyen Ar\u0131ko\u011flu,\u201cBu meselenin g\u00fczelliklerinin yan\u0131 s\u0131ra problemleri oluyor. Bug\u00fcn ba\u011f\u0131ms\u0131z T\u00fcrk cumhuriyetlerinin varl\u0131\u011f\u0131ndan elbette mutluluk duyuyoruz. Rusya Federasyonu\u2019ndaki muhtar cumhuriyetlerin kendi k\u00fclt\u00fcrlerini ya\u015fatmas\u0131 i\u00e7in \u00e7aba sarf ediyoruz. Fakat pek \u00e7ok yerde sorunumuz oluyor. Suriye\u2019deki T\u00fcrkmenler, Irak\u2019taki T\u00fcrkmenler. Genel olarak bakt\u0131\u011f\u0131m\u0131zda en b\u00fcy\u00fck sorunumuzun oldu\u011fu yer, tabi ki Do\u011fu T\u00fcrkistan\u2019d\u0131r. Ni\u00e7in? \u00c7\u00fcnk\u00fc, Do\u011fu T\u00fcrkistan bug\u00fcn \u00c7in\u2019in esareti alt\u0131nda&#8221; dedi.<br \/>\nUygur Devletinin 840 y\u0131l\u0131nda K\u0131rg\u0131zlar taraf\u0131ndan y\u0131k\u0131l\u0131nca Uygurlar\u0131n bulunduklar\u0131 b\u00f6lgeleri terk edip, Do\u011fu T\u00fcrkistan\u2019a g\u00f6\u00e7 ettiklerini ifade eden Prof. Dr. Ar\u0131ko\u011flu, &#8220;Orada yerle\u015fik bir medeniyet kuruyorlar. Uygurlar, yerle\u015fik hayata ge\u00e7en ilk T\u00fcrk devletidir ve tar\u0131mla u\u011fra\u015fm\u0131\u015flard\u0131r. Fakat Do\u011fu T\u00fcrkistan 1940\u2019l\u0131 y\u0131llardan itibaren \u00c7in\u2019in i\u015fgali alt\u0131na girmi\u015ftir. G\u00fcn\u00fcm\u00fczde Do\u011fu T\u00fcrkistan \u00c7in s\u0131n\u0131rlar\u0131 i\u00e7erisinde bulunan bir b\u00f6lgedir. Bu b\u00f6lge T\u00fcrkiye\u2019nin yakla\u015f\u0131k 2 kat\u0131 b\u00fcy\u00fckl\u00fc\u011f\u00fcnde, 1 milyon 600 bin kilometrekare topra\u011fa sahiptir. Do\u011fu T\u00fcrkistan topraklar\u0131n\u0131n sadece y\u00fczde 6\u2019s\u0131, tar\u0131ma a\u00e7\u0131k kullan\u0131labilir arazidir. \u00c7\u00fcnk\u00fc, d\u00fcnyan\u0131n en b\u00fcy\u00fck \u00e7\u00f6llerinden Taklamakan \u00c7\u00f6l\u00fc Do\u011fu T\u00fcrkistan\u2019da yer al\u0131yor. Buras\u0131 canl\u0131lar\u0131n ya\u015famas\u0131 i\u00e7in pek m\u00fcsait olmayan bir yer\u201d dedi.<br \/>\nSoru-cevap b\u00f6l\u00fcm\u00fcyle devam eden konferans\u0131n sonunda \u00c7a\u011fda\u015f T\u00fcrk Leh\u00e7eleri ve Edebiyatlar\u0131 B\u00f6l\u00fcm Ba\u015fkan\u0131 Do\u00e7. Dr. B\u00fclent Bayram, Gazi \u00dcniversitesi \u00d6\u011fretim \u00dcyesi Prof. Dr. Ekrem Ar\u0131ko\u011flu\u2019na te\u015fekk\u00fcr ederek hediye takdim etti.<\/p>\n<p style=\"text-align: justify;\">Kaynak: <a href=\"http:\/\/www.milliyet.com.tr\/guncel-gelismeler-isiginda-dogu-turkistan-kirklareli-yerelhaber-1935505\/\">Milliyet Gazetesi<\/a><\/p>\n","protected":false},"excerpt":{"rendered":"<p>K\u0131rklareli \u00dcniversitesi Fen Edebiyat Fak\u00fcltesi \u00c7a\u011fda\u015f T\u00fcrk Leh\u00e7eleri ve Edebiyatlar\u0131 B\u00f6l\u00fcm\u00fc taraf\u0131ndan d\u00fczenlenen ve Gazi \u00dcniversitesi \u00d6\u011fretim \u00dcyesi Prof. Dr. Ekrem Ar\u0131ko\u011flu\u2019nun konu\u015fmac\u0131s\u0131 oldu\u011fu \u201cG\u00fcncel Geli\u015fmeler I\u015f\u0131\u011f\u0131nda Do\u011fu T\u00fcrkistan\u201d konulu&#8230;<\/p>\n","protected":false},"author":1,"featured_media":7180,"comment_status":"open","ping_status":"open","sticky":false,"template":"","format":"standard","meta":{"footnotes":""},"categories":[282,280],"tags":[],"class_list":["post-7179","post","type-post","status-publish","format-standard","has-post-thumbnail","hentry","category-turkistan-haberleri","category-haberler"],"_links":{"self":[{"href":"https:\/\/iuhrdf.org\/tr\/wp-json\/wp\/v2\/posts\/7179","targetHints":{"allow":["GET"]}}],"collection":[{"href":"https:\/\/iuhrdf.org\/tr\/wp-json\/wp\/v2\/posts"}],"about":[{"href":"https:\/\/iuhrdf.org\/tr\/wp-json\/wp\/v2\/types\/post"}],"author":[{"embeddable":true,"href":"https:\/\/iuhrdf.org\/tr\/wp-json\/wp\/v2\/users\/1"}],"replies":[{"embeddable":true,"href":"https:\/\/iuhrdf.org\/tr\/wp-json\/wp\/v2\/comments?post=7179"}],"version-history":[{"count":1,"href":"https:\/\/iuhrdf.org\/tr\/wp-json\/wp\/v2\/posts\/7179\/revisions"}],"predecessor-version":[{"id":7181,"href":"https:\/\/iuhrdf.org\/tr\/wp-json\/wp\/v2\/posts\/7179\/revisions\/7181"}],"wp:featuredmedia":[{"embeddable":true,"href":"https:\/\/iuhrdf.org\/tr\/wp-json\/wp\/v2\/media\/7180"}],"wp:attachment":[{"href":"https:\/\/iuhrdf.org\/tr\/wp-json\/wp\/v2\/media?parent=7179"}],"wp:term":[{"taxonomy":"category","embeddable":true,"href":"https:\/\/iuhrdf.org\/tr\/wp-json\/wp\/v2\/categories?post=7179"},{"taxonomy":"post_tag","embeddable":true,"href":"https:\/\/iuhrdf.org\/tr\/wp-json\/wp\/v2\/tags?post=7179"}],"curies":[{"name":"wp","href":"https:\/\/api.w.org\/{rel}","templated":true}]}}