{"id":7185,"date":"2017-03-28T00:45:02","date_gmt":"2017-03-27T16:45:02","guid":{"rendered":"http:\/\/www.iuhrdf.org\/tr\/?p=7185"},"modified":"2017-03-28T00:45:02","modified_gmt":"2017-03-27T16:45:02","slug":"gercek-bir-hikayeden-esinlenmis-film-beyaz-balina","status":"publish","type":"post","link":"https:\/\/iuhrdf.org\/tr\/gercek-bir-hikayeden-esinlenmis-film-beyaz-balina\/","title":{"rendered":"Ger\u00e7ek Bir Hikayeden Esinlenmi\u015f Film- Beyaz Balina"},"content":{"rendered":"<div class=\"ozet\">\n<p><img loading=\"lazy\" decoding=\"async\" class=\"wp-image-7186 alignright\" src=\"https:\/\/iuhrdf.org\/tr\/wp-content\/uploads\/2017\/03\/1260-hands-220163_1280.jpg\" alt=\"\" width=\"379\" height=\"358\" srcset=\"https:\/\/iuhrdf.org\/tr\/wp-content\/uploads\/2017\/03\/1260-hands-220163_1280.jpg 686w, https:\/\/iuhrdf.org\/tr\/wp-content\/uploads\/2017\/03\/1260-hands-220163_1280-300x283.jpg 300w\" sizes=\"auto, (max-width: 379px) 100vw, 379px\" \/><\/p>\n<p style=\"text-align: justify;\">Senaryosu 1980\u2019l\u0131 y\u0131llarda Do\u011fu T\u00fcrkistan\u2019da ge\u00e7en bir dostluk hikayesine dayanan ve Do\u011fu T\u00fcrkistanl\u0131 Uygur Y\u00f6netmen Abdurrahman \u00d6zt\u00fcrk y\u00f6netiminde beyazperdeye ta\u015f\u0131nan bu i\u00e7li ve dokunakl\u0131 filmin ba\u015frollerini Efe Karaman ve Kaan \u00dcrkmez \u00fcstlenmi\u015fler.<\/p>\n<\/div>\n<div class=\"fotovideo\" style=\"text-align: justify;\">\u00a0Anadolu\u2019da Ilgaz Da\u011f\u0131 eteklerinde ge\u00e7en s\u0131cac\u0131k bir dostluk hik\u00e2yesini anlatan Beyaz Balina filmi, 24 Mart\u2019tan itibaren T\u00fcrkiye genelinde sinema salonlar\u0131nda izlenebilecek. Filmin vizyon \u00f6ncesi bas\u0131n g\u00f6sterimi ise d\u00fcn \u00f6\u011flen (21 Mart) sinema yazarlar\u0131 i\u00e7in ger\u00e7ekle\u015ftirildi. Beyazperde.com\u2019un da kat\u0131ld\u0131\u011f\u0131 g\u00f6sterimin \u00e7\u0131k\u0131\u015f\u0131nda, \u00f6zellikle filmi s\u0131rtlayan \u00e7ocuk oyuncular \u00f6vg\u00fc ald\u0131.<\/div>\n<div class=\"HaberDetayiText SelectionSharer selectionShareable\">\n<p style=\"text-align: justify;\">Ge\u00e7mi\u015fte Do\u011fu T\u00fcrkistan\u2019da ya\u015fanm\u0131\u015f bir hik\u00e2yenin 1980 T\u00fcrkiye\u2019sine uyarlanm\u0131\u015f hali olan Beyaz Balina filmi, ilkokul \u00e7a\u011f\u0131ndaki iki \u00e7ocu\u011fun \u00e7eki\u015fmelerden, kavgalardan dostlu\u011fa d\u00f6n\u00fc\u015fen hik\u00e2yesini beyazperdeye ta\u015f\u0131yor. Film Beyaz Balina ad\u0131n\u0131 ise hik\u00e2yede b\u00fcy\u00fck rol\u00fc olan Herman Melville imzal\u0131 Moby Dick roman\u0131ndan al\u0131yor.<\/p>\n<p style=\"text-align: justify;\">\u015eehirde do\u011fup b\u00fcy\u00fcm\u00fc\u015f olan Ali, mecburi sebeplerle dedesinin yan\u0131na, bir Anadolu\u2019na k\u00f6y\u00fcne ta\u015f\u0131nmak, yerle\u015fmek zorunda kal\u0131r. K\u00f6y\u00fcn ve k\u00f6y hayat\u0131n\u0131n tamamen yabanc\u0131s\u0131yken, k\u00f6y\u00fcn yaramaz \u00e7ocu\u011fu Vahap\u2019\u0131n dikkatini \u00e7eker; ha\u015far\u0131l\u0131klar\u0131n\u0131 ekibine de bula\u015ft\u0131ran Vahap s\u00fcrekli Ali\u2019yle ve onun safl\u0131\u011f\u0131 ile dalga ge\u00e7er. Fakat Vahap bir g\u00fcn \u00f6yle zor bir duruma d\u00fc\u015fer ki kendisine ilk yard\u0131m elini uzatan yine Ali olur. \u0130ki \u00e7ocuk aras\u0131ndaki \u00e7eki\u015fme \u00f6nce arkada\u015fl\u0131\u011fa sonra da s\u0131k\u0131 bir dostlu\u011fa d\u00f6n\u00fc\u015fecektir. Ali\u2019nin k\u00f6ye gelmeden \u00f6nce yar\u0131m b\u0131rakt\u0131\u011f\u0131 Moby Dick roman\u0131 ise iki \u00e7ocuk i\u00e7in her a\u00e7\u0131dan bamba\u015fka bir maceran\u0131n kap\u0131s\u0131n\u0131 aralayacakt\u0131r\u2026\n<\/p>\n<p style=\"text-align: justify;\">Y\u00f6netmenli\u011fini Do\u011fu T\u00fcrkistan k\u00f6kenli sinemac\u0131 A. Uygur \u00d6zt\u00fcrk\u2019\u00fcn \u00fcstlendi\u011fi dramatik b\u00fcy\u00fcme hikayesinde iki \u00e7ocuk ba\u015frol\u00fc ise Efe Karaman ve Kaan \u00dcrkmez s\u0131rtl\u0131yor. Fig\u00fcrasyon b\u00f6l\u00fcm\u00fc do\u011fal k\u00f6y ko\u015fullar\u0131nda \u00e7ekilen filmin profesyonel oyuncu kadrosunda ise Umut Karada\u011f, G\u00fcne\u015f Say\u0131n, Erden Alkan, Burak \u00c7imen, \u0130brahim \u00d6ner ve Ergin K\u0131l\u0131k\u00e7\u0131er isimleri yer al\u0131yor.<\/p>\n<p style=\"text-align: justify;\">Senaryosunu S\u00fchan Bozda\u011f\u2019\u0131n kaleme ald\u0131\u011f\u0131 etkileyici filmin g\u00f6r\u00fcnt\u00fc y\u00f6netmenli\u011fini K. Volkan \u00d6ncel, genel y\u00f6netmenli\u011fini ise Celil Murat Sar\u0131 \u00fcstleniyor. Filmin g\u00f6z al\u0131c\u0131 do\u011fa manzaralar\u0131 ile \u00f6r\u00fcl\u00fc \u00e7ekimleri ise \u00c7ank\u0131r\u0131\u2019n\u0131n Ilgaz il\u00e7esine ba\u011fl\u0131 Kale K\u00f6y\u00fc\u2019nde ger\u00e7ekle\u015ftirildi. Filmin baz\u0131 i\u00e7 mekan sahneleri ise \u0130stanbul \u015eile\u2019de tamamland\u0131.<\/p>\n<p style=\"text-align: justify;\">Ak\u0131\u015fHaber<\/p>\n<\/div>\n","protected":false},"excerpt":{"rendered":"<p>Senaryosu 1980\u2019l\u0131 y\u0131llarda Do\u011fu T\u00fcrkistan\u2019da ge\u00e7en bir dostluk hikayesine dayanan ve Do\u011fu T\u00fcrkistanl\u0131 Uygur Y\u00f6netmen Abdurrahman \u00d6zt\u00fcrk y\u00f6netiminde beyazperdeye ta\u015f\u0131nan bu i\u00e7li ve dokunakl\u0131 filmin ba\u015frollerini Efe Karaman ve Kaan&#8230;<\/p>\n","protected":false},"author":1,"featured_media":7186,"comment_status":"open","ping_status":"open","sticky":false,"template":"","format":"standard","meta":{"footnotes":""},"categories":[281,280],"tags":[],"class_list":["post-7185","post","type-post","status-publish","format-standard","has-post-thumbnail","hentry","category-uygur-haberleri","category-haberler"],"_links":{"self":[{"href":"https:\/\/iuhrdf.org\/tr\/wp-json\/wp\/v2\/posts\/7185","targetHints":{"allow":["GET"]}}],"collection":[{"href":"https:\/\/iuhrdf.org\/tr\/wp-json\/wp\/v2\/posts"}],"about":[{"href":"https:\/\/iuhrdf.org\/tr\/wp-json\/wp\/v2\/types\/post"}],"author":[{"embeddable":true,"href":"https:\/\/iuhrdf.org\/tr\/wp-json\/wp\/v2\/users\/1"}],"replies":[{"embeddable":true,"href":"https:\/\/iuhrdf.org\/tr\/wp-json\/wp\/v2\/comments?post=7185"}],"version-history":[{"count":1,"href":"https:\/\/iuhrdf.org\/tr\/wp-json\/wp\/v2\/posts\/7185\/revisions"}],"predecessor-version":[{"id":7187,"href":"https:\/\/iuhrdf.org\/tr\/wp-json\/wp\/v2\/posts\/7185\/revisions\/7187"}],"wp:featuredmedia":[{"embeddable":true,"href":"https:\/\/iuhrdf.org\/tr\/wp-json\/wp\/v2\/media\/7186"}],"wp:attachment":[{"href":"https:\/\/iuhrdf.org\/tr\/wp-json\/wp\/v2\/media?parent=7185"}],"wp:term":[{"taxonomy":"category","embeddable":true,"href":"https:\/\/iuhrdf.org\/tr\/wp-json\/wp\/v2\/categories?post=7185"},{"taxonomy":"post_tag","embeddable":true,"href":"https:\/\/iuhrdf.org\/tr\/wp-json\/wp\/v2\/tags?post=7185"}],"curies":[{"name":"wp","href":"https:\/\/api.w.org\/{rel}","templated":true}]}}