{"id":7189,"date":"2017-04-05T01:38:23","date_gmt":"2017-04-04T17:38:23","guid":{"rendered":"http:\/\/www.iuhrdf.org\/tr\/?p=7189"},"modified":"2017-04-05T01:38:23","modified_gmt":"2017-04-04T17:38:23","slug":"dogu-turkistani-unutma-dua-et","status":"publish","type":"post","link":"https:\/\/iuhrdf.org\/tr\/dogu-turkistani-unutma-dua-et\/","title":{"rendered":"Do\u011fu T\u00fcrkistan&#8217;\u0131 Unutma, Dua et!"},"content":{"rendered":"<p style=\"text-align: justify;\"><img loading=\"lazy\" decoding=\"async\" class=\"wp-image-7127 alignright\" src=\"https:\/\/iuhrdf.org\/tr\/wp-content\/uploads\/2017\/03\/image.png\" alt=\"\" width=\"323\" height=\"215\" srcset=\"https:\/\/iuhrdf.org\/tr\/wp-content\/uploads\/2017\/03\/image.png 800w, https:\/\/iuhrdf.org\/tr\/wp-content\/uploads\/2017\/03\/image-300x200.png 300w, https:\/\/iuhrdf.org\/tr\/wp-content\/uploads\/2017\/03\/image-768x512.png 768w\" sizes=\"auto, (max-width: 323px) 100vw, 323px\" \/><\/p>\n<p style=\"text-align: justify;\">1<span class=\"s1\">953 y\u0131l\u0131ndaki n\u00fcfus say\u0131m\u0131na g\u00f6re\u00a0Sincan Uygur \u00d6zerk B\u00f6lgesi yani Do\u011fu T\u00fcrkistan\u2019\u0131n n\u00fcfusunun\u00a0y\u00fczde 75\u2019ini\u00a0Uygurlar,\u00a0y\u00fczde 6\u2019s\u0131n\u0131 Han \u00c7inlileri\u00a0olu\u015fturuyordu.<\/span><\/p>\n<p class=\"p3\" style=\"text-align: justify;\"><span class=\"s1\">2000 y\u0131l\u0131na gelindi\u011finde ise n\u00fcfusun\u00a0y\u00fczde 40.57\u2019si Han \u00c7inlisi,\u00a0y\u00fczde 45.21\u2019ini ise Uygurlar\u0131n olu\u015fturdu\u011funa \u015fahit olundu.<\/span><\/p>\n<p class=\"p3\" style=\"text-align: justify;\"><span class=\"s1\">50 y\u0131l gibi k\u0131sa bir s\u00fcre i\u00e7erisinde bu \u015fa\u015f\u0131rt\u0131c\u0131 demografik de\u011fi\u015fikli\u011fin tek nedeni \u00c7in taraf\u0131ndan b\u00f6lgedeki Uygur n\u00fcfusunun oran\u0131n\u0131 azaltmak ve \u00c7inli oran\u0131n\u0131 art\u0131rmakt\u0131.<\/span><\/p>\n<p class=\"p3\" style=\"text-align: justify;\"><span class=\"s1\">\u00c7in uzun y\u0131llardan beri b\u00f6lgedeki Uygur ve Kazaklar ba\u015fta olmak \u00fczere M\u00fcsl\u00fcmanlara kar\u015f\u0131 pek \u00e7ok insan haklar\u0131 ihlali ger\u00e7ekle\u015ftirmi\u015f ve bu durum insan haklar\u0131 \u00f6rg\u00fctlerince s\u0131k s\u0131k raporlarda dile getirilmi\u015f olmas\u0131na ra\u011fmen hi\u00e7bir sonu\u00e7 al\u0131namam\u0131\u015ft\u0131r.<\/span><\/p>\n<p class=\"p3\" style=\"text-align: justify;\"><span class=\"s1\">Do\u011fu T\u00fcrkistan T\u00fcrkleri, 1760 y\u0131l\u0131ndan beri 97 defa silaha sar\u0131larak \u00c7in h\u00e2kimiyetine son vermeye te\u015febb\u00fcs etmi\u015flerdir.<\/span><\/p>\n<p class=\"p3\" style=\"text-align: justify;\"><span class=\"s1\">1759\u2019dan itibaren \u00c7in, belirli aral\u0131klarla Sincan Uygur \u00d6zerk B\u00f6lgesi\u2019ni 5 defa istila etmi\u015ftir.<\/span><\/p>\n<p class=\"p3\" style=\"text-align: justify;\"><span class=\"s1\">Uluslararas\u0131 kurumlar\u0131n g\u00f6zleri \u00f6n\u00fcnde Do\u011fu T\u00fcrkistan T\u00fcrklerine y\u0131llarca uygulanan soyk\u0131r\u0131ma sessiz ve etkisiz kal\u0131nm\u0131\u015ft\u0131r.<\/span><\/p>\n<p class=\"p3\" style=\"text-align: justify;\"><span class=\"s1\">Maalesef \u00c7in\u2019in BM ve d\u00fcnya ekonomisindeki g\u00fcc\u00fc kar\u015f\u0131s\u0131nda \u0130\u0130T ve Arap Birli\u011fi y\u0131llard\u0131r \u00fc\u00e7 maymunu oynad\u0131lar.<\/span><\/p>\n<p class=\"p3\" style=\"text-align: justify;\"><span class=\"s1\">Sincan Uygur \u00d6zerk B\u00f6lgesi\u00a0milletvekilleri, b\u00f6lgede \u201cter\u00f6rizmin ve a\u015f\u0131r\u0131c\u0131l\u0131\u011f\u0131n\u00a0yay\u0131lmas\u0131n\u0131 \u00f6nlemek amac\u0131yla\u201d ge\u00e7ti\u011fimiz \u00c7ar\u015famba g\u00fcn\u00fc yeni bir y\u00f6netmelik ge\u00e7irdi.<\/span><\/p>\n<p class=\"p3\" style=\"text-align: justify;\"><span class=\"s1\">Sincan Halk Kongresi taraf\u0131ndan kabul edilen y\u00f6netmeli\u011fe g\u00f6re b\u00f6lge halk\u0131n\u0131n \u201ca\u015f\u0131r\u0131l\u0131\u011f\u0131 te\u015fvik etti\u011fi gerek\u00e7esiyle\u201d\u00a0y\u00fcz\u00fc tam olarak kapatan k\u0131yafetler giymesi ve uzun sakal b\u0131rakmas\u0131\u00a0yasakland\u0131.<\/span><\/p>\n<p class=\"p3\" style=\"text-align: justify;\"><span class=\"s1\">\u00c7in h\u00fck\u00fcmetinin Sincan Uygur \u00d6zerk B\u00f6lgesi\u203andeki M\u00fcsl\u00fcmanlar\u0131n hayat\u0131n\u0131 daha da zorla\u015ft\u0131racak yeni 15 maddelik y\u00f6netmeli\u011fi ge\u00e7ti\u011fimiz cumartesi g\u00fcn\u00fc uygulanmaya ba\u015fland\u0131.<\/span><\/p>\n<p class=\"p3\" style=\"text-align: justify;\"><span class=\"s1\">1 Nisan Cumartesi g\u00fcn\u00fc y\u00fcr\u00fcrl\u00fc\u011fe giren d\u00fczenlemede, M\u00fcsl\u00fcmanlar\u0131n \u201cnormal\u201d olarak nitelendirdi\u011fi \u201cpe\u00e7e ve sakal\u201d dahil olmak \u00fczere devlet televizyonunu izlemeyi reddetme ya da devlet radyosunu dinlemeyi reddetme ve \u00e7ocuklar\u0131na dinlettirmemeyi yasaklad\u0131.<\/span><\/p>\n<p class=\"p3\" style=\"text-align: justify;\"><span class=\"s1\">Sincan Uygur \u00d6zerk B\u00f6lgesi\u2019nde k\u0131rsal kesimlerde g\u00fcvenlik ve g\u00f6zetim \u00f6nlemleri art\u0131r\u0131larak b\u00f6lgeye binlerce a\u011f\u0131r silahl\u0131 polis konu\u015fland\u0131r\u0131ld\u0131.<\/span><\/p>\n<p class=\"p3\" style=\"text-align: justify;\"><span class=\"s1\">\u00c7in g\u00fcvenlik g\u00fc\u00e7leri, Sincan Uygur \u00d6zerk B\u00f6lgesi\u203ande b\u00fcy\u00fck bir anti-ter\u00f6r mitingi d\u00fczenledi.\u00a0<\/span><\/p>\n<p class=\"p3\" style=\"text-align: justify;\"><span class=\"s1\">Y\u00f6netmelik uyar\u0131nca, evlilik ya da bo\u015fanma ya da ba\u015fkalar\u0131n\u0131n d\u00fc\u011f\u00fcn, cenaze t\u00f6renlerine ve miraslara kar\u0131\u015fmak i\u00e7in yasal i\u015flemler yerine \u201cdine ba\u015fvurmak\u201d a\u015f\u0131r\u0131 g\u00f6r\u00fclerek yasaklanm\u0131\u015f eylemler kapsam\u0131na al\u0131nd\u0131.<\/span><\/p>\n<p class=\"p3\" style=\"text-align: justify;\"><span class=\"s1\">Mevzuata g\u00f6re g\u0131da ile ilgili olmayan b\u00f6lgelerde \u201chelal\u201d kavram\u0131n\u0131n uygulanmas\u0131 ya da ba\u015fkalar\u0131n\u0131n laik hayatlar\u0131na m\u00fcdahale etmek i\u00e7in kullan\u0131lmas\u0131 da a\u015f\u0131r\u0131 bir eylem olarak kabul edildi.<\/span><\/p>\n<p class=\"p3\" style=\"text-align: justify;\"><span class=\"s1\">Yeni y\u00f6netmelik ile \u0130slami i\u00e7erikli yay\u0131n, bas\u0131m, da\u011f\u0131t\u0131m, sat\u0131\u015f, \u00fcretim, video, ma\u011faza, yasaklan\u0131yor. Aile planlamas\u0131 politikas\u0131n\u0131n uygulanmas\u0131na engel te\u015fkil edilme say\u0131lan \u00e7ocuk do\u011fum say\u0131s\u0131 ceza sebebi.<\/span><\/p>\n<p class=\"p3\" style=\"text-align: justify;\"><span class=\"s1\">Halka a\u00e7\u0131k yerlerde, toplu ta\u015f\u0131ma, tren istasyonlar\u0131, havaalanlar\u0131 gibi kamuya a\u00e7\u0131k alanlarda pe\u00e7e takan kad\u0131nlar\u0131n derhal emniyet g\u00fc\u00e7lerine ihbar edilmesi gerekti\u011fi de maddeler aras\u0131nda.<\/span><\/p>\n<p class=\"p3\" style=\"text-align: justify;\"><span class=\"s1\">\u00d6zet olarak 1 Nisan\u2019dan itibaren Do\u011fu T\u00fcrkistan genelinde \u0130slami inan\u00e7, ya\u015fam, ibadet g\u0131dada helal haram kavramlar\u0131na, \u00f6rf ve adetlere yasaklama uygulamas\u0131 resmen ba\u015flam\u0131\u015f bulunuyor.<\/span><\/p>\n<p class=\"p3\" style=\"text-align: justify;\"><span class=\"s1\">Sincan Uygur \u00d6zerk B\u00f6lgesi, maalesef son y\u0131llar\u0131n en a\u011f\u0131r k\u00fclt\u00fcrel dini asimilasyon politikalar\u0131 ile kar\u015f\u0131 kar\u015f\u0131ya&#8230; Allah yard\u0131mc\u0131lar\u0131 olsun.<\/span><\/p>\n<p class=\"p3\" style=\"text-align: justify;\"><span class=\"s1\">Myanmar\u2019da Arakan M\u00fcsl\u00fcmanlar\u0131 ve \u00c7in\u2019de Do\u011fu T\u00fcrkistan M\u00fcsl\u00fcmanlar\u0131 uzun y\u0131llard\u0131r yaln\u0131z ba\u015flar\u0131na b\u00fcy\u00fck insan haklar\u0131 ihlalleri ve insanl\u0131k su\u00e7lar\u0131na maruz kal\u0131rken bizler de \u00e7aresiziz.<\/span><\/p>\n<p class=\"p3\" style=\"text-align: justify;\"><span class=\"s1\">Do\u011fu T\u00fcrkistan\u2019\u0131 unutmayal\u0131m, en az\u0131ndan dua edelim.<\/span><\/p>\n<p class=\"p3\" style=\"text-align: justify;\">Kaynak: <a href=\"http:\/\/www.yeniakit.com.tr\/yazarlar\/osman-atalay\/dogu-turkistani-unutma-dua-et-18919.html\">Yeni Ak\u0131t<\/a><\/p>\n","protected":false},"excerpt":{"rendered":"<p>1953 y\u0131l\u0131ndaki n\u00fcfus say\u0131m\u0131na g\u00f6re\u00a0Sincan Uygur \u00d6zerk B\u00f6lgesi yani Do\u011fu T\u00fcrkistan\u2019\u0131n n\u00fcfusunun\u00a0y\u00fczde 75\u2019ini\u00a0Uygurlar,\u00a0y\u00fczde 6\u2019s\u0131n\u0131 Han \u00c7inlileri\u00a0olu\u015fturuyordu. 2000 y\u0131l\u0131na gelindi\u011finde ise n\u00fcfusun\u00a0y\u00fczde 40.57\u2019si Han \u00c7inlisi,\u00a0y\u00fczde 45.21\u2019ini ise Uygurlar\u0131n olu\u015fturdu\u011funa \u015fahit olundu&#8230;.<\/p>\n","protected":false},"author":1,"featured_media":7127,"comment_status":"open","ping_status":"open","sticky":false,"template":"","format":"standard","meta":{"footnotes":""},"categories":[281,280],"tags":[],"class_list":["post-7189","post","type-post","status-publish","format-standard","has-post-thumbnail","hentry","category-uygur-haberleri","category-haberler"],"_links":{"self":[{"href":"https:\/\/iuhrdf.org\/tr\/wp-json\/wp\/v2\/posts\/7189","targetHints":{"allow":["GET"]}}],"collection":[{"href":"https:\/\/iuhrdf.org\/tr\/wp-json\/wp\/v2\/posts"}],"about":[{"href":"https:\/\/iuhrdf.org\/tr\/wp-json\/wp\/v2\/types\/post"}],"author":[{"embeddable":true,"href":"https:\/\/iuhrdf.org\/tr\/wp-json\/wp\/v2\/users\/1"}],"replies":[{"embeddable":true,"href":"https:\/\/iuhrdf.org\/tr\/wp-json\/wp\/v2\/comments?post=7189"}],"version-history":[{"count":1,"href":"https:\/\/iuhrdf.org\/tr\/wp-json\/wp\/v2\/posts\/7189\/revisions"}],"predecessor-version":[{"id":7190,"href":"https:\/\/iuhrdf.org\/tr\/wp-json\/wp\/v2\/posts\/7189\/revisions\/7190"}],"wp:featuredmedia":[{"embeddable":true,"href":"https:\/\/iuhrdf.org\/tr\/wp-json\/wp\/v2\/media\/7127"}],"wp:attachment":[{"href":"https:\/\/iuhrdf.org\/tr\/wp-json\/wp\/v2\/media?parent=7189"}],"wp:term":[{"taxonomy":"category","embeddable":true,"href":"https:\/\/iuhrdf.org\/tr\/wp-json\/wp\/v2\/categories?post=7189"},{"taxonomy":"post_tag","embeddable":true,"href":"https:\/\/iuhrdf.org\/tr\/wp-json\/wp\/v2\/tags?post=7189"}],"curies":[{"name":"wp","href":"https:\/\/api.w.org\/{rel}","templated":true}]}}