{"id":7217,"date":"2017-04-28T01:00:08","date_gmt":"2017-04-27T17:00:08","guid":{"rendered":"http:\/\/www.iuhrdf.org\/tr\/?p=7217"},"modified":"2017-04-28T01:00:08","modified_gmt":"2017-04-27T17:00:08","slug":"dogu-turkistani-neden-unutuyoruz","status":"publish","type":"post","link":"https:\/\/iuhrdf.org\/tr\/dogu-turkistani-neden-unutuyoruz\/","title":{"rendered":"Do\u011fu T\u00fcrkistan&#8217;\u0131 neden unutuyoruz?"},"content":{"rendered":"<div class=\"short-content\">\n<p><img loading=\"lazy\" decoding=\"async\" class=\"wp-image-7126 alignright\" src=\"https:\/\/iuhrdf.org\/tr\/wp-content\/uploads\/2017\/03\/1979561_606655319410663_2058360806_n-1-2.jpg\" alt=\"\" width=\"294\" height=\"193\" srcset=\"https:\/\/iuhrdf.org\/tr\/wp-content\/uploads\/2017\/03\/1979561_606655319410663_2058360806_n-1-2.jpg 753w, https:\/\/iuhrdf.org\/tr\/wp-content\/uploads\/2017\/03\/1979561_606655319410663_2058360806_n-1-2-300x197.jpg 300w\" sizes=\"auto, (max-width: 294px) 100vw, 294px\" \/><\/p>\n<p><strong>\u00c7in&#8217;in i\u015fgal\u0131 alt\u0131ndaki Do\u011fu T\u00fcrkistan&#8217;da M\u00fcsl\u00fcman Uygur T\u00fcrklerini dinsel, k\u00fclt\u00fcrel ve etnik olarak toptan yok etme ama\u00e7l\u0131 uygulamalar\u0131na kar\u015f\u0131 bat\u0131 d\u00fcnyas\u0131&#8217;ndan tepkiler gelmeye devam ediyor.\u00a0<\/strong><\/p>\n<\/div>\n<div class=\"content\">\n<p>T\u00fck-\u0130slam d\u00fcnyas\u0131n\u0131n \u00fcmit, ilham ve \u0131\u015f\u0131k kayna\u011f\u0131 Aziz T\u00fcrkiye&#8217;mizi d\u00f6rt bir yandan ku\u015fatma alt\u0131na almak isteyen iki y\u00fczl\u00fc Bat\u0131, bu kez Do\u011fu T\u00fcrkistan&#8217;da \u00c7in&#8217; in M\u00fcsl\u00fcmanlara y\u00f6nelik isim yasa\u011f\u0131na bir bildiri ile tepki g\u00f6stermi\u015f bulunuyor.<\/p>\n<p>Uluslararas\u0131 \u0130nsan Haklar\u0131 \u0130zleme \u00d6rg\u00fct\u00fc \u00c7in h\u00fck\u00fcmetinin \u00fclkede ya\u015fayan M\u00fcsl\u00fcmanlar\u0131n \u00f6n adlar\u0131na getirdi\u011fi yasa\u011f\u0131 sert bir dille ele\u015ftirdi.<\/p>\n<p>\u00d6rg\u00fctten yap\u0131lan a\u00e7\u0131klamada \u201cBu abs\u00fcrd bir s\u0131n\u0131rlamad\u0131r\u201d ifadesini kullan\u0131ld\u0131. Bat\u0131&#8217;n\u0131n bu iki y\u00fczl\u00fcl\u00fc\u011f\u00fcne kar\u015f\u0131 <strong>&#8220;TEK Y\u00dcZL\u00dc &#8211; ONURLU,\u0130NSAN HAK HUKUK VE MAZLUMLARI SAVUNMAK AMACI \u0130LE KURULDU\u011eUNU \u00d6NE S\u00dcREN VE EN \u00d6NEML\u0130S\u0130 DE \u0130SLAM\u0130 TANIMLI &#8220;<\/strong> T\u00fcrkiye ve \u0130slam \u00dclkeleri merkezli STK. larndan hala hi\u00e7 bir ses ve soluk \u00e7\u0131kmamas\u0131 \u00e7ok b\u00fcy\u00fck bir hayret ile kar\u015f\u0131lanmakta ve d\u00fc\u015f\u00fcnd\u00fcr\u00fcc\u00fc bulunmaktad\u0131r.<\/p>\n<p>\u00c7in yamyaml\u0131\u011f\u0131 ve Han vah\u015fetine kar\u015f\u0131 ortak bir bas\u0131n a\u00e7\u0131klamas\u0131 tarz\u0131nda bile tav\u0131r tak\u0131n\u0131lmamas\u0131 ve tepki g\u00f6sterilmemesi insan\u0131,milli ve islami bir tutum ve davran\u0131\u015f asla de\u011fildir.<\/p>\n<p>\u0130slam \u0130\u015fbirli\u011fi Te\u015fkilat\u0131 ba\u015fta olmak \u00fczere \u00dclkemizde say\u0131lar\u0131 onbinlerce oldu\u011fu d\u00fc\u015f\u00fcn\u00fclen insan haklar\u0131 Tandansl\u0131 STK.lar\u0131n en az\u0131ndan iki y\u00fczl\u00fc bat\u0131&#8217;n\u0131n <strong>Do\u011fu T\u00fcrkistan konusunda g\u00f6sterdi\u011fi bu son insan\u0131 tutumu dahi g\u00f6stermemeleri ve suskunlu\u011funu s\u00fcrd\u00fcrmeleri anla\u015f\u0131lamaz ve izah edilemez bulunuyor.<\/strong><\/p>\n<p>kaynak:<a href=\"http:\/\/m.yeniakit.com.tr\/haber\/hdpden-skandal-sincar-aciklamasi-313561.html\">YeniAk\u0131t<\/a><\/p>\n<\/div>\n","protected":false},"excerpt":{"rendered":"<p>\u00c7in&#8217;in i\u015fgal\u0131 alt\u0131ndaki Do\u011fu T\u00fcrkistan&#8217;da M\u00fcsl\u00fcman Uygur T\u00fcrklerini dinsel, k\u00fclt\u00fcrel ve etnik olarak toptan yok etme ama\u00e7l\u0131 uygulamalar\u0131na kar\u015f\u0131 bat\u0131 d\u00fcnyas\u0131&#8217;ndan tepkiler gelmeye devam ediyor.\u00a0 T\u00fck-\u0130slam d\u00fcnyas\u0131n\u0131n \u00fcmit, ilham ve&#8230;<\/p>\n","protected":false},"author":1,"featured_media":7126,"comment_status":"open","ping_status":"open","sticky":false,"template":"","format":"standard","meta":{"footnotes":""},"categories":[282,281,280],"tags":[],"class_list":["post-7217","post","type-post","status-publish","format-standard","has-post-thumbnail","hentry","category-turkistan-haberleri","category-uygur-haberleri","category-haberler"],"_links":{"self":[{"href":"https:\/\/iuhrdf.org\/tr\/wp-json\/wp\/v2\/posts\/7217","targetHints":{"allow":["GET"]}}],"collection":[{"href":"https:\/\/iuhrdf.org\/tr\/wp-json\/wp\/v2\/posts"}],"about":[{"href":"https:\/\/iuhrdf.org\/tr\/wp-json\/wp\/v2\/types\/post"}],"author":[{"embeddable":true,"href":"https:\/\/iuhrdf.org\/tr\/wp-json\/wp\/v2\/users\/1"}],"replies":[{"embeddable":true,"href":"https:\/\/iuhrdf.org\/tr\/wp-json\/wp\/v2\/comments?post=7217"}],"version-history":[{"count":1,"href":"https:\/\/iuhrdf.org\/tr\/wp-json\/wp\/v2\/posts\/7217\/revisions"}],"predecessor-version":[{"id":7218,"href":"https:\/\/iuhrdf.org\/tr\/wp-json\/wp\/v2\/posts\/7217\/revisions\/7218"}],"wp:featuredmedia":[{"embeddable":true,"href":"https:\/\/iuhrdf.org\/tr\/wp-json\/wp\/v2\/media\/7126"}],"wp:attachment":[{"href":"https:\/\/iuhrdf.org\/tr\/wp-json\/wp\/v2\/media?parent=7217"}],"wp:term":[{"taxonomy":"category","embeddable":true,"href":"https:\/\/iuhrdf.org\/tr\/wp-json\/wp\/v2\/categories?post=7217"},{"taxonomy":"post_tag","embeddable":true,"href":"https:\/\/iuhrdf.org\/tr\/wp-json\/wp\/v2\/tags?post=7217"}],"curies":[{"name":"wp","href":"https:\/\/api.w.org\/{rel}","templated":true}]}}