{"id":7566,"date":"2024-08-02T05:54:24","date_gmt":"2024-08-01T21:54:24","guid":{"rendered":"https:\/\/iuhrdf.org\/tr\/?p=7566"},"modified":"2024-08-02T05:59:33","modified_gmt":"2024-08-01T21:59:33","slug":"rubio-cinin-uygur-propagandasini-destekleyen-bm-raportorunu-engellemeye-yonelik-adimlar-atiyor","status":"publish","type":"post","link":"https:\/\/iuhrdf.org\/tr\/rubio-cinin-uygur-propagandasini-destekleyen-bm-raportorunu-engellemeye-yonelik-adimlar-atiyor\/","title":{"rendered":"Rubio, \u00c7in\u2019in Uygur Propagandas\u0131n\u0131 Destekleyen BM Raport\u00f6r\u00fcn\u00fc Engellemeye Y\u00f6nelik Ad\u0131mlar At\u0131yor"},"content":{"rendered":"<p><img loading=\"lazy\" decoding=\"async\" class=\"alignnone size-medium wp-image-7567\" src=\"https:\/\/iuhrdf.org\/tr\/wp-content\/uploads\/2024\/08\/alena-douhan-300x175.webp\" alt=\"\" width=\"300\" height=\"175\" srcset=\"https:\/\/iuhrdf.org\/tr\/wp-content\/uploads\/2024\/08\/alena-douhan-300x175.webp 300w, https:\/\/iuhrdf.org\/tr\/wp-content\/uploads\/2024\/08\/alena-douhan-768x448.webp 768w, https:\/\/iuhrdf.org\/tr\/wp-content\/uploads\/2024\/08\/alena-douhan.webp 789w\" sizes=\"auto, (max-width: 300px) 100vw, 300px\" \/><\/p>\n<p>Amerikal\u0131 Senat\u00f6r Marco Rubio, s\u00fcrekli olarak ABD kar\u015f\u0131t\u0131 diktat\u00f6rl\u00fcklerin \u00e7\u0131karlar\u0131n\u0131 destekleyen BM \u00f6zel raport\u00f6r\u00fc Alena Douhan&#8217;\u0131n g\u00f6revine son verilmesi i\u00e7in bir yasa tasar\u0131s\u0131 sundu.<\/p>\n<p>Douhan, &#8220;tek tarafl\u0131 zorlay\u0131c\u0131 \u00f6nlemler&#8221; konusundaki pozisyonunu, diktat\u00f6rl\u00fcklerin BM\u2019de k\u00f6t\u00fcye kullan\u0131mlar\u0131na yan\u0131t olarak uygulanan uluslararas\u0131 yapt\u0131r\u0131mlar\u0131 zay\u0131flatma kampanyas\u0131nda kullan\u0131yor. 2020&#8217;de bu g\u00f6reve gelen Douhan, o zamandan beri neredeyse yaln\u0131zca \u00c7in, Belarus, Venezuela, \u0130ran ve di\u011fer m\u00fcttefik \u00fclkeleri hedef alan yapt\u0131r\u0131mlar\u0131n kald\u0131r\u0131lmas\u0131n\u0131 savundu. \u00c7in ve Rusya, BM&#8217;deki ofisinin \u00e7al\u0131\u015fmalar\u0131n\u0131 desteklemek i\u00e7in fon ay\u0131rm\u0131\u015f durumda.<\/p>\n<p>Douhan\u2019\u0131n \u00c7in&#8217;e yapt\u0131\u011f\u0131 son ziyaret, Rubio i\u00e7in barda\u011f\u0131 ta\u015f\u0131ran son damla oldu. Xinjiang\u2019\u0131 ziyaret eden Douhan, \u00c7in Kom\u00fcnist Partisi\u2019nin, b\u00f6lgedeki insan haklar\u0131 ihlallerinin yaln\u0131zca Bat\u0131l\u0131 yapt\u0131r\u0131mlar oldu\u011funu ileri s\u00fcren a\u00e7\u0131klamalar\u0131n\u0131 yineledi. Ge\u00e7en ay Douhan\u2019\u0131n d\u00f6n\u00fc\u015f\u00fcnden sonra Ba\u015fkan Biden\u2019a bir mektup yazan Rubio, &#8220;Bu ad\u0131mlar, \u00c7in Kom\u00fcnist Partisi ve Rus diktat\u00f6r Vladimir Putin\u2019in otoriter g\u00fcndemlerine kar\u015f\u0131 ABD kar\u015f\u0131t\u0131 koruma ve propaganda referans noktalar\u0131 olarak tasarlanm\u0131\u015ft\u0131r&#8221; dedi ve ABD&#8217;nin BM\u2019ye sa\u011flad\u0131\u011f\u0131 fonlar\u0131 yeniden de\u011ferlendirmesini te\u015fvik etti.<\/p>\n<p>Biden y\u00f6netimi, ABD&#8217;nin &#8220;tek tarafl\u0131 zorlay\u0131c\u0131 \u00f6nlemler&#8221; pozisyonunun varl\u0131\u011f\u0131na kar\u015f\u0131 her f\u0131rsatta oy kulland\u0131\u011f\u0131n\u0131 belirtti. Rubio&#8217;nun tasar\u0131s\u0131, raport\u00f6r\u00fcn ofisinin b\u00fct\u00e7esinin y\u00fczde 25&#8217;ine e\u015fit bir miktarda BM&#8217;ye katk\u0131lar\u0131 azaltarak ABD&#8217;nin tutumuna a\u011f\u0131rl\u0131k kat\u0131yor. Bu, BM \u00f6zel raport\u00f6rlerinin \u00e7o\u011funun s\u0131n\u0131rl\u0131 b\u00fct\u00e7e deste\u011fi ald\u0131\u011f\u0131 g\u00f6z \u00f6n\u00fcne al\u0131nd\u0131\u011f\u0131nda, ofisin kapat\u0131lmas\u0131na do\u011frudan yol a\u00e7masa da \u00f6nemli bir ilk ad\u0131m\u0131 temsil ediyor.<\/p>\n<p>kaynak:\u00a0<a href=\"https:\/\/www.nationalreview.com\/corner\/rubio-moves-to-cut-off-u-n-rapporteur-who-parroted-beijings-uyghur-propaganda\/\">https:\/\/www.nationalreview.com\/corner\/rubio-moves-to-cut-off-u-n-rapporteur-who-parroted-beijings-uyghur-propaganda\/<\/a><\/p>\n","protected":false},"excerpt":{"rendered":"<p>Amerikal\u0131 Senat\u00f6r Marco Rubio, s\u00fcrekli olarak ABD kar\u015f\u0131t\u0131 diktat\u00f6rl\u00fcklerin \u00e7\u0131karlar\u0131n\u0131 destekleyen BM \u00f6zel raport\u00f6r\u00fc Alena Douhan&#8217;\u0131n g\u00f6revine son verilmesi i\u00e7in bir yasa tasar\u0131s\u0131 sundu. Douhan, &#8220;tek tarafl\u0131 zorlay\u0131c\u0131 \u00f6nlemler&#8221; konusundaki&#8230;<\/p>\n","protected":false},"author":9,"featured_media":7567,"comment_status":"open","ping_status":"open","sticky":false,"template":"","format":"standard","meta":{"footnotes":""},"categories":[281,280],"tags":[],"class_list":["post-7566","post","type-post","status-publish","format-standard","has-post-thumbnail","hentry","category-uygur-haberleri","category-haberler"],"_links":{"self":[{"href":"https:\/\/iuhrdf.org\/tr\/wp-json\/wp\/v2\/posts\/7566","targetHints":{"allow":["GET"]}}],"collection":[{"href":"https:\/\/iuhrdf.org\/tr\/wp-json\/wp\/v2\/posts"}],"about":[{"href":"https:\/\/iuhrdf.org\/tr\/wp-json\/wp\/v2\/types\/post"}],"author":[{"embeddable":true,"href":"https:\/\/iuhrdf.org\/tr\/wp-json\/wp\/v2\/users\/9"}],"replies":[{"embeddable":true,"href":"https:\/\/iuhrdf.org\/tr\/wp-json\/wp\/v2\/comments?post=7566"}],"version-history":[{"count":1,"href":"https:\/\/iuhrdf.org\/tr\/wp-json\/wp\/v2\/posts\/7566\/revisions"}],"predecessor-version":[{"id":7568,"href":"https:\/\/iuhrdf.org\/tr\/wp-json\/wp\/v2\/posts\/7566\/revisions\/7568"}],"wp:featuredmedia":[{"embeddable":true,"href":"https:\/\/iuhrdf.org\/tr\/wp-json\/wp\/v2\/media\/7567"}],"wp:attachment":[{"href":"https:\/\/iuhrdf.org\/tr\/wp-json\/wp\/v2\/media?parent=7566"}],"wp:term":[{"taxonomy":"category","embeddable":true,"href":"https:\/\/iuhrdf.org\/tr\/wp-json\/wp\/v2\/categories?post=7566"},{"taxonomy":"post_tag","embeddable":true,"href":"https:\/\/iuhrdf.org\/tr\/wp-json\/wp\/v2\/tags?post=7566"}],"curies":[{"name":"wp","href":"https:\/\/api.w.org\/{rel}","templated":true}]}}