{"id":7608,"date":"2024-08-26T05:10:23","date_gmt":"2024-08-25T21:10:23","guid":{"rendered":"https:\/\/iuhrdf.org\/tr\/?p=7608"},"modified":"2024-08-26T05:10:23","modified_gmt":"2024-08-25T21:10:23","slug":"kazak-aydinlarinin-susturulmasi-dogu-turkistanda-korku-ve-baski","status":"publish","type":"post","link":"https:\/\/iuhrdf.org\/tr\/kazak-aydinlarinin-susturulmasi-dogu-turkistanda-korku-ve-baski\/","title":{"rendered":"Kazak Ayd\u0131nlar\u0131n\u0131n Susturulmas\u0131: Do\u011fu T\u00fcrkistan&#8217;da Korku ve Bask\u0131"},"content":{"rendered":"<p><img loading=\"lazy\" decoding=\"async\" class=\"alignnone size-medium wp-image-7609\" src=\"https:\/\/iuhrdf.org\/tr\/wp-content\/uploads\/2024\/08\/Dilshat-Oralbai-and-his-brother-and-sisters-300x169.jpg\" alt=\"\" width=\"300\" height=\"169\" srcset=\"https:\/\/iuhrdf.org\/tr\/wp-content\/uploads\/2024\/08\/Dilshat-Oralbai-and-his-brother-and-sisters-300x169.jpg 300w, https:\/\/iuhrdf.org\/tr\/wp-content\/uploads\/2024\/08\/Dilshat-Oralbai-and-his-brother-and-sisters.jpg 640w\" sizes=\"auto, (max-width: 300px) 100vw, 300px\" \/><\/p>\n<p>\u00c7in&#8217;in Do\u011fu T\u00fcrkistan b\u00f6lgesindeki etnik Kazaklara y\u00f6nelik bask\u0131s\u0131n\u0131n zirve yapt\u0131\u011f\u0131 d\u00f6nemde, Kazakistan bu insan haklar\u0131 ihlallerine ili\u015fkin fark\u0131ndal\u0131\u011f\u0131 art\u0131rarak bir aktivizm merkezi haline geldi. Ancak son y\u0131llarda korku, bu seslerin \u00e7o\u011funu susturdu.<\/p>\n<p>Kazakistan&#8217;\u0131n Zhas Alash gazetesi, Temmuz ay\u0131 sonlar\u0131nda, \u015fu anda \u00c7in&#8217;de tutuklu bulunan 22 Kazak ayd\u0131n\u0131n\u0131n durumunu vurgulayan bir makale yay\u0131nlad\u0131. Ancak, Kazakistan&#8217;daki akrabalar\u0131, herhangi bir savunuculu\u011fun sevdiklerinin durumunu daha da k\u00f6t\u00fcle\u015ftirebilece\u011finden korkarak konu\u015fmaktan \u00e7ok korkuyorlar. Daha \u00f6nce, Kazak aktivistler kay\u0131p akrabalar\u0131 ad\u0131na uluslararas\u0131 topluma ve Kazak h\u00fck\u00fcmetine ba\u015fvurmu\u015ftu. Ancak \u00c7in&#8217;in 2016&#8217;da ba\u015flatt\u0131\u011f\u0131 sert politikalar, b\u00f6lgedeki Kazaklara ve di\u011fer M\u00fcsl\u00fcman az\u0131nl\u0131klara y\u00f6nelik bask\u0131y\u0131 yo\u011funla\u015ft\u0131rd\u0131.<\/p>\n<p>Makalede ad\u0131 ge\u00e7enler aras\u0131nda, \u00c7in devletiyle yak\u0131n ba\u011flar\u0131 olan ve yetkililere hi\u00e7bir zaman muhalefet g\u00f6stermeyen gazeteciler, \u00f6\u011fretmenler ve edebiyat\u00e7\u0131lar yer al\u0131yor. Ancak, ulusal kimli\u011fin apolitik ifadesi bile, \u00f6zellikle Do\u011fu T\u00fcrkistan&#8217;da tehlikeli hale geldi.<\/p>\n<p>Bu durum, \u00c7in&#8217;in bask\u0131lar\u0131n\u0131n derinli\u011fini ve ciddiyetini ve Kazakistan&#8217;da bu konuyu \u00e7evreleyen sessizli\u011fi vurguluyor. Kazak ayd\u0131nlar\u0131n susturulmas\u0131 ve ailelerinin korkusu, b\u00f6lgedeki devam eden insan haklar\u0131 krizini ve bunu a\u00e7\u0131k\u00e7a ele alma konusundaki artan teredd\u00fct\u00fc vurguluyor.<\/p>\n<p>kaynak:\u00a0<a href=\"https:\/\/www.rferl.org\/a\/33088408.html\">https:\/\/www.rferl.org\/a\/33088408.html<\/a><\/p>\n","protected":false},"excerpt":{"rendered":"<p>\u00c7in&#8217;in Do\u011fu T\u00fcrkistan b\u00f6lgesindeki etnik Kazaklara y\u00f6nelik bask\u0131s\u0131n\u0131n zirve yapt\u0131\u011f\u0131 d\u00f6nemde, Kazakistan bu insan haklar\u0131 ihlallerine ili\u015fkin fark\u0131ndal\u0131\u011f\u0131 art\u0131rarak bir aktivizm merkezi haline geldi. Ancak son y\u0131llarda korku, bu seslerin&#8230;<\/p>\n","protected":false},"author":9,"featured_media":7609,"comment_status":"open","ping_status":"open","sticky":false,"template":"","format":"standard","meta":{"footnotes":""},"categories":[280],"tags":[],"class_list":["post-7608","post","type-post","status-publish","format-standard","has-post-thumbnail","hentry","category-haberler"],"_links":{"self":[{"href":"https:\/\/iuhrdf.org\/tr\/wp-json\/wp\/v2\/posts\/7608","targetHints":{"allow":["GET"]}}],"collection":[{"href":"https:\/\/iuhrdf.org\/tr\/wp-json\/wp\/v2\/posts"}],"about":[{"href":"https:\/\/iuhrdf.org\/tr\/wp-json\/wp\/v2\/types\/post"}],"author":[{"embeddable":true,"href":"https:\/\/iuhrdf.org\/tr\/wp-json\/wp\/v2\/users\/9"}],"replies":[{"embeddable":true,"href":"https:\/\/iuhrdf.org\/tr\/wp-json\/wp\/v2\/comments?post=7608"}],"version-history":[{"count":1,"href":"https:\/\/iuhrdf.org\/tr\/wp-json\/wp\/v2\/posts\/7608\/revisions"}],"predecessor-version":[{"id":7610,"href":"https:\/\/iuhrdf.org\/tr\/wp-json\/wp\/v2\/posts\/7608\/revisions\/7610"}],"wp:featuredmedia":[{"embeddable":true,"href":"https:\/\/iuhrdf.org\/tr\/wp-json\/wp\/v2\/media\/7609"}],"wp:attachment":[{"href":"https:\/\/iuhrdf.org\/tr\/wp-json\/wp\/v2\/media?parent=7608"}],"wp:term":[{"taxonomy":"category","embeddable":true,"href":"https:\/\/iuhrdf.org\/tr\/wp-json\/wp\/v2\/categories?post=7608"},{"taxonomy":"post_tag","embeddable":true,"href":"https:\/\/iuhrdf.org\/tr\/wp-json\/wp\/v2\/tags?post=7608"}],"curies":[{"name":"wp","href":"https:\/\/api.w.org\/{rel}","templated":true}]}}